{"id":87374,"date":"2026-09-02T20:58:20","date_gmt":"2026-09-02T18:58:20","guid":{"rendered":"https:\/\/lepotentiel.bj\/?p=87374"},"modified":"2026-09-02T21:01:52","modified_gmt":"2026-09-02T19:01:52","slug":"conseil-des-ministres-voici-les-nouveaux-secretaires-generaux-des-12-departements-nommes","status":"publish","type":"post","link":"https:\/\/lepotentiel.bj\/?p=87374","title":{"rendered":"Conseil des ministres : Voici les nouveaux secr\u00e9taires g\u00e9n\u00e9raux des 12 d\u00e9partements nomm\u00e9s"},"content":{"rendered":"<p style=\"text-align: justify;\">Le Conseil des ministres de ce mercredi 2 septembre 2026 a proc\u00e9d\u00e9 \u00e0 plusieurs nominations au minist\u00e8re de la D\u00e9centralisation et de la Gouvernance locale. De la Direction de cabinet au Secr\u00e9tariat g\u00e9n\u00e9ral, en passant par les secr\u00e9tariats g\u00e9n\u00e9raux des d\u00e9partements, une nouvelle \u00e9quipe prend d\u00e9sormais les commandes de l\u2019administration territoriale. D\u00e9couverte de l\u2019int\u00e9gralit\u00e9 des nominations.<\/p>\n<p style=\"text-align: justify;\"><strong>Au minist\u00e8re de la D\u00e9centralisation et de la Gouvernance locale<\/strong><\/p>\n<p style=\"text-align: justify;\">Directrice de Cabinet<\/p>\n<p style=\"text-align: justify;\">Madame Mireille GUEDOU MADODE<\/p>\n<p style=\"text-align: justify;\">Secr\u00e9taire g\u00e9n\u00e9ral du minist\u00e8re<\/p>\n<p style=\"text-align: justify;\">Monsieur Crespin GUIDI<\/p>\n<p style=\"text-align: justify;\">Secr\u00e9taires g\u00e9n\u00e9raux des d\u00e9partements ainsi qu\u2019il suit\u00a0:<\/p>\n<p style=\"text-align: justify;\"><strong>Alibori<\/strong><\/p>\n<p style=\"text-align: justify;\">Monsieur Isaac GUERA YAROU<\/p>\n<p style=\"text-align: justify;\"><strong>Atacora<\/strong><\/p>\n<p style=\"text-align: justify;\">Monsieur B\u00e8d\u00e9 Prudence N\u2019PO KOUYINAMPOU<\/p>\n<p style=\"text-align: justify;\"><strong>Borgou<\/strong><\/p>\n<p style=\"text-align: justify;\">Monsieur Yazizou IDRISSOU<\/p>\n<p style=\"text-align: justify;\"><strong>Collines<\/strong><\/p>\n<p style=\"text-align: justify;\">Monsieur Didier ATCHOU<\/p>\n<p style=\"text-align: justify;\"><strong>Couffo<\/strong><\/p>\n<p style=\"text-align: justify;\">Monsieur S\u00e8todji Nestor KEKOU<\/p>\n<p style=\"text-align: justify;\"><strong>Donga<\/strong><\/p>\n<p style=\"text-align: justify;\">Monsieur Saka Abdou Maguidi GBERE KORA<\/p>\n<p style=\"text-align: justify;\"><strong>Littoral<\/strong><\/p>\n<p style=\"text-align: justify;\">Monsieur K. D. Gaston SOSSOU<\/p>\n<p style=\"text-align: justify;\"><strong>Mono<\/strong><\/p>\n<p style=\"text-align: justify;\">Monsieur Mahoul\u00e9 Herman Rapha\u00ebl AZANMASSO-PIERRE<\/p>\n<p style=\"text-align: justify;\"><strong>Ou\u00e9m\u00e9<\/strong><\/p>\n<p style=\"text-align: justify;\">Monsieur C. M. Patrick HINNOU<\/p>\n<p style=\"text-align: justify;\"><strong>Plateau<\/strong><\/p>\n<p style=\"text-align: justify;\">Monsieur Th\u00e9ophile KPANON<\/p>\n<p style=\"text-align: justify;\"><strong>Zou<\/strong><\/p>\n<p style=\"text-align: justify;\">Monsieur Nonvid\u00e9 Rodrigue MICHOWADOU<\/p>\n","protected":false},"excerpt":{"rendered":"<p>Le Conseil des ministres de ce mercredi 2 septembre 2026 a proc\u00e9d\u00e9 \u00e0 plusieurs nominations au minist\u00e8re de la D\u00e9centralisation et de la Gouvernance locale. De la Direction de cabinet au Secr\u00e9tariat g\u00e9n\u00e9ral, en passant par les secr\u00e9tariats g\u00e9n\u00e9raux des d\u00e9partements, une nouvelle \u00e9quipe prend d\u00e9sormais les commandes de l\u2019administration territoriale. D\u00e9couverte de l\u2019int\u00e9gralit\u00e9 des [&hellip;]<\/p>\n","protected":false},"author":17,"featured_media":87363,"comment_status":"open","ping_status":"open","sticky":false,"template":"","format":"standard","meta":{"footnotes":""},"categories":[1],"tags":[],"class_list":["post-87374","post","type-post","status-publish","format-standard","has-post-thumbnail","hentry","category-non-classe"],"yoast_head":"<!-- This site is optimized with the Yoast SEO plugin v28.2 - https:\/\/yoast.com\/product\/yoast-seo-wordpress\/ -->\n<title>Conseil des ministres : Voici les nouveaux secr\u00e9taires g\u00e9n\u00e9raux des 12 d\u00e9partements nomm\u00e9s - Le Potentiel<\/title>\n<meta name=\"robots\" content=\"index, follow, max-snippet:-1, max-image-preview:large, max-video-preview:-1\" \/>\n<link rel=\"canonical\" href=\"https:\/\/lepotentiel.bj\/?p=87374\" \/>\n<meta property=\"og:locale\" content=\"fr_FR\" \/>\n<meta property=\"og:type\" content=\"article\" \/>\n<meta property=\"og:title\" content=\"Conseil des ministres : Voici les nouveaux secr\u00e9taires g\u00e9n\u00e9raux des 12 d\u00e9partements nomm\u00e9s - Le Potentiel\" \/>\n<meta property=\"og:description\" content=\"Le Conseil des ministres de ce mercredi 2 septembre 2026 a proc\u00e9d\u00e9 \u00e0 plusieurs nominations au minist\u00e8re de la D\u00e9centralisation et de la Gouvernance locale. De la Direction de cabinet au Secr\u00e9tariat g\u00e9n\u00e9ral, en passant par les secr\u00e9tariats g\u00e9n\u00e9raux des d\u00e9partements, une nouvelle \u00e9quipe prend d\u00e9sormais les commandes de l\u2019administration territoriale. D\u00e9couverte de l\u2019int\u00e9gralit\u00e9 des [&hellip;]\" \/>\n<meta property=\"og:url\" content=\"https:\/\/lepotentiel.bj\/?p=87374\" \/>\n<meta property=\"og:site_name\" content=\"Le Potentiel\" \/>\n<meta property=\"article:published_time\" content=\"2026-09-02T18:58:20+00:00\" \/>\n<meta property=\"article:modified_time\" content=\"2026-09-02T19:01:52+00:00\" \/>\n<meta property=\"og:image\" content=\"https:\/\/lepotentiel.bj\/wp-content\/uploads\/2026\/09\/IMG-20240117-WA0001-4.jpg\" \/>\n\t<meta property=\"og:image:width\" content=\"750\" \/>\n\t<meta property=\"og:image:height\" content=\"375\" \/>\n\t<meta property=\"og:image:type\" content=\"image\/jpeg\" \/>\n<meta name=\"author\" content=\"Frejus SENOU\" \/>\n<meta name=\"twitter:card\" content=\"summary_large_image\" \/>\n<meta name=\"twitter:label1\" content=\"\u00c9crit par\" \/>\n\t<meta name=\"twitter:data1\" content=\"Frejus SENOU\" \/>\n\t<meta name=\"twitter:label2\" content=\"Dur\u00e9e de lecture estim\u00e9e\" \/>\n\t<meta name=\"twitter:data2\" content=\"1 minute\" \/>\n<script type=\"application\/ld+json\" class=\"yoast-schema-graph\">{\"@context\":\"https:\\\/\\\/schema.org\",\"@graph\":[{\"@type\":\"Article\",\"@id\":\"https:\\\/\\\/lepotentiel.bj\\\/?p=87374#article\",\"isPartOf\":{\"@id\":\"https:\\\/\\\/lepotentiel.bj\\\/?p=87374\"},\"author\":{\"name\":\"Frejus SENOU\",\"@id\":\"https:\\\/\\\/lepotentiel.bj\\\/#\\\/schema\\\/person\\\/52186ff1225863d2b725dfd954763012\"},\"headline\":\"Conseil des ministres : Voici les nouveaux secr\u00e9taires g\u00e9n\u00e9raux des 12 d\u00e9partements nomm\u00e9s\",\"datePublished\":\"2026-09-02T18:58:20+00:00\",\"dateModified\":\"2026-09-02T19:01:52+00:00\",\"mainEntityOfPage\":{\"@id\":\"https:\\\/\\\/lepotentiel.bj\\\/?p=87374\"},\"wordCount\":190,\"commentCount\":0,\"publisher\":{\"@id\":\"https:\\\/\\\/lepotentiel.bj\\\/#organization\"},\"image\":{\"@id\":\"https:\\\/\\\/lepotentiel.bj\\\/?p=87374#primaryimage\"},\"thumbnailUrl\":\"https:\\\/\\\/lepotentiel.bj\\\/wp-content\\\/uploads\\\/2026\\\/09\\\/IMG-20240117-WA0001-4.jpg\",\"inLanguage\":\"fr-FR\",\"potentialAction\":[{\"@type\":\"CommentAction\",\"name\":\"Comment\",\"target\":[\"https:\\\/\\\/lepotentiel.bj\\\/?p=87374#respond\"]}]},{\"@type\":\"WebPage\",\"@id\":\"https:\\\/\\\/lepotentiel.bj\\\/?p=87374\",\"url\":\"https:\\\/\\\/lepotentiel.bj\\\/?p=87374\",\"name\":\"Conseil des ministres : Voici les nouveaux secr\u00e9taires g\u00e9n\u00e9raux des 12 d\u00e9partements nomm\u00e9s - Le Potentiel\",\"isPartOf\":{\"@id\":\"https:\\\/\\\/lepotentiel.bj\\\/#website\"},\"primaryImageOfPage\":{\"@id\":\"https:\\\/\\\/lepotentiel.bj\\\/?p=87374#primaryimage\"},\"image\":{\"@id\":\"https:\\\/\\\/lepotentiel.bj\\\/?p=87374#primaryimage\"},\"thumbnailUrl\":\"https:\\\/\\\/lepotentiel.bj\\\/wp-content\\\/uploads\\\/2026\\\/09\\\/IMG-20240117-WA0001-4.jpg\",\"datePublished\":\"2026-09-02T18:58:20+00:00\",\"dateModified\":\"2026-09-02T19:01:52+00:00\",\"breadcrumb\":{\"@id\":\"https:\\\/\\\/lepotentiel.bj\\\/?p=87374#breadcrumb\"},\"inLanguage\":\"fr-FR\",\"potentialAction\":[{\"@type\":\"ReadAction\",\"target\":[\"https:\\\/\\\/lepotentiel.bj\\\/?p=87374\"]}]},{\"@type\":\"ImageObject\",\"inLanguage\":\"fr-FR\",\"@id\":\"https:\\\/\\\/lepotentiel.bj\\\/?p=87374#primaryimage\",\"url\":\"https:\\\/\\\/lepotentiel.bj\\\/wp-content\\\/uploads\\\/2026\\\/09\\\/IMG-20240117-WA0001-4.jpg\",\"contentUrl\":\"https:\\\/\\\/lepotentiel.bj\\\/wp-content\\\/uploads\\\/2026\\\/09\\\/IMG-20240117-WA0001-4.jpg\",\"width\":750,\"height\":375},{\"@type\":\"BreadcrumbList\",\"@id\":\"https:\\\/\\\/lepotentiel.bj\\\/?p=87374#breadcrumb\",\"itemListElement\":[{\"@type\":\"ListItem\",\"position\":1,\"name\":\"Accueil\",\"item\":\"https:\\\/\\\/lepotentiel.bj\\\/\"},{\"@type\":\"ListItem\",\"position\":2,\"name\":\"Conseil des ministres : Voici les nouveaux secr\u00e9taires g\u00e9n\u00e9raux des 12 d\u00e9partements nomm\u00e9s\"}]},{\"@type\":\"WebSite\",\"@id\":\"https:\\\/\\\/lepotentiel.bj\\\/#website\",\"url\":\"https:\\\/\\\/lepotentiel.bj\\\/\",\"name\":\"Le Potentiel\",\"description\":\"Le Potentiel, au service de l\u2019information, nous sommes les fantassins du droit de savoir\",\"publisher\":{\"@id\":\"https:\\\/\\\/lepotentiel.bj\\\/#organization\"},\"potentialAction\":[{\"@type\":\"SearchAction\",\"target\":{\"@type\":\"EntryPoint\",\"urlTemplate\":\"https:\\\/\\\/lepotentiel.bj\\\/?s={search_term_string}\"},\"query-input\":{\"@type\":\"PropertyValueSpecification\",\"valueRequired\":true,\"valueName\":\"search_term_string\"}}],\"inLanguage\":\"fr-FR\"},{\"@type\":\"Organization\",\"@id\":\"https:\\\/\\\/lepotentiel.bj\\\/#organization\",\"name\":\"Le Potentiel\",\"url\":\"https:\\\/\\\/lepotentiel.bj\\\/\",\"logo\":{\"@type\":\"ImageObject\",\"inLanguage\":\"fr-FR\",\"@id\":\"https:\\\/\\\/lepotentiel.bj\\\/#\\\/schema\\\/logo\\\/image\\\/\",\"url\":\"https:\\\/\\\/lepotentiel.bj\\\/wp-content\\\/uploads\\\/2023\\\/12\\\/logo-pot.jpg\",\"contentUrl\":\"https:\\\/\\\/lepotentiel.bj\\\/wp-content\\\/uploads\\\/2023\\\/12\\\/logo-pot.jpg\",\"width\":562,\"height\":84,\"caption\":\"Le Potentiel\"},\"image\":{\"@id\":\"https:\\\/\\\/lepotentiel.bj\\\/#\\\/schema\\\/logo\\\/image\\\/\"}},{\"@type\":\"Person\",\"@id\":\"https:\\\/\\\/lepotentiel.bj\\\/#\\\/schema\\\/person\\\/52186ff1225863d2b725dfd954763012\",\"name\":\"Frejus SENOU\",\"image\":{\"@type\":\"ImageObject\",\"inLanguage\":\"fr-FR\",\"@id\":\"https:\\\/\\\/secure.gravatar.com\\\/avatar\\\/189d5ec84114548a68d5e0470a1e6ee6eb4f0ba26a6cb0f3353e39d90bdc8449?s=96&d=mm&r=g\",\"url\":\"https:\\\/\\\/secure.gravatar.com\\\/avatar\\\/189d5ec84114548a68d5e0470a1e6ee6eb4f0ba26a6cb0f3353e39d90bdc8449?s=96&d=mm&r=g\",\"contentUrl\":\"https:\\\/\\\/secure.gravatar.com\\\/avatar\\\/189d5ec84114548a68d5e0470a1e6ee6eb4f0ba26a6cb0f3353e39d90bdc8449?s=96&d=mm&r=g\",\"caption\":\"Frejus SENOU\"},\"url\":\"https:\\\/\\\/lepotentiel.bj\\\/?author=17\"}]}<\/script>\n<!-- \/ Yoast SEO plugin. -->","yoast_head_json":{"title":"Conseil des ministres : Voici les nouveaux secr\u00e9taires g\u00e9n\u00e9raux des 12 d\u00e9partements nomm\u00e9s - Le Potentiel","robots":{"index":"index","follow":"follow","max-snippet":"max-snippet:-1","max-image-preview":"max-image-preview:large","max-video-preview":"max-video-preview:-1"},"canonical":"https:\/\/lepotentiel.bj\/?p=87374","og_locale":"fr_FR","og_type":"article","og_title":"Conseil des ministres : Voici les nouveaux secr\u00e9taires g\u00e9n\u00e9raux des 12 d\u00e9partements nomm\u00e9s - Le Potentiel","og_description":"Le Conseil des ministres de ce mercredi 2 septembre 2026 a proc\u00e9d\u00e9 \u00e0 plusieurs nominations au minist\u00e8re de la D\u00e9centralisation et de la Gouvernance locale. De la Direction de cabinet au Secr\u00e9tariat g\u00e9n\u00e9ral, en passant par les secr\u00e9tariats g\u00e9n\u00e9raux des d\u00e9partements, une nouvelle \u00e9quipe prend d\u00e9sormais les commandes de l\u2019administration territoriale. D\u00e9couverte de l\u2019int\u00e9gralit\u00e9 des [&hellip;]","og_url":"https:\/\/lepotentiel.bj\/?p=87374","og_site_name":"Le Potentiel","article_published_time":"2026-09-02T18:58:20+00:00","article_modified_time":"2026-09-02T19:01:52+00:00","og_image":[{"width":750,"height":375,"url":"https:\/\/lepotentiel.bj\/wp-content\/uploads\/2026\/09\/IMG-20240117-WA0001-4.jpg","type":"image\/jpeg"}],"author":"Frejus SENOU","twitter_card":"summary_large_image","twitter_misc":{"\u00c9crit par":"Frejus SENOU","Dur\u00e9e de lecture estim\u00e9e":"1 minute"},"schema":{"@context":"https:\/\/schema.org","@graph":[{"@type":"Article","@id":"https:\/\/lepotentiel.bj\/?p=87374#article","isPartOf":{"@id":"https:\/\/lepotentiel.bj\/?p=87374"},"author":{"name":"Frejus SENOU","@id":"https:\/\/lepotentiel.bj\/#\/schema\/person\/52186ff1225863d2b725dfd954763012"},"headline":"Conseil des ministres : Voici les nouveaux secr\u00e9taires g\u00e9n\u00e9raux des 12 d\u00e9partements nomm\u00e9s","datePublished":"2026-09-02T18:58:20+00:00","dateModified":"2026-09-02T19:01:52+00:00","mainEntityOfPage":{"@id":"https:\/\/lepotentiel.bj\/?p=87374"},"wordCount":190,"commentCount":0,"publisher":{"@id":"https:\/\/lepotentiel.bj\/#organization"},"image":{"@id":"https:\/\/lepotentiel.bj\/?p=87374#primaryimage"},"thumbnailUrl":"https:\/\/lepotentiel.bj\/wp-content\/uploads\/2026\/09\/IMG-20240117-WA0001-4.jpg","inLanguage":"fr-FR","potentialAction":[{"@type":"CommentAction","name":"Comment","target":["https:\/\/lepotentiel.bj\/?p=87374#respond"]}]},{"@type":"WebPage","@id":"https:\/\/lepotentiel.bj\/?p=87374","url":"https:\/\/lepotentiel.bj\/?p=87374","name":"Conseil des ministres : Voici les nouveaux secr\u00e9taires g\u00e9n\u00e9raux des 12 d\u00e9partements nomm\u00e9s - Le Potentiel","isPartOf":{"@id":"https:\/\/lepotentiel.bj\/#website"},"primaryImageOfPage":{"@id":"https:\/\/lepotentiel.bj\/?p=87374#primaryimage"},"image":{"@id":"https:\/\/lepotentiel.bj\/?p=87374#primaryimage"},"thumbnailUrl":"https:\/\/lepotentiel.bj\/wp-content\/uploads\/2026\/09\/IMG-20240117-WA0001-4.jpg","datePublished":"2026-09-02T18:58:20+00:00","dateModified":"2026-09-02T19:01:52+00:00","breadcrumb":{"@id":"https:\/\/lepotentiel.bj\/?p=87374#breadcrumb"},"inLanguage":"fr-FR","potentialAction":[{"@type":"ReadAction","target":["https:\/\/lepotentiel.bj\/?p=87374"]}]},{"@type":"ImageObject","inLanguage":"fr-FR","@id":"https:\/\/lepotentiel.bj\/?p=87374#primaryimage","url":"https:\/\/lepotentiel.bj\/wp-content\/uploads\/2026\/09\/IMG-20240117-WA0001-4.jpg","contentUrl":"https:\/\/lepotentiel.bj\/wp-content\/uploads\/2026\/09\/IMG-20240117-WA0001-4.jpg","width":750,"height":375},{"@type":"BreadcrumbList","@id":"https:\/\/lepotentiel.bj\/?p=87374#breadcrumb","itemListElement":[{"@type":"ListItem","position":1,"name":"Accueil","item":"https:\/\/lepotentiel.bj\/"},{"@type":"ListItem","position":2,"name":"Conseil des ministres : Voici les nouveaux secr\u00e9taires g\u00e9n\u00e9raux des 12 d\u00e9partements nomm\u00e9s"}]},{"@type":"WebSite","@id":"https:\/\/lepotentiel.bj\/#website","url":"https:\/\/lepotentiel.bj\/","name":"Le Potentiel","description":"Le Potentiel, au service de l\u2019information, nous sommes les fantassins du droit de savoir","publisher":{"@id":"https:\/\/lepotentiel.bj\/#organization"},"potentialAction":[{"@type":"SearchAction","target":{"@type":"EntryPoint","urlTemplate":"https:\/\/lepotentiel.bj\/?s={search_term_string}"},"query-input":{"@type":"PropertyValueSpecification","valueRequired":true,"valueName":"search_term_string"}}],"inLanguage":"fr-FR"},{"@type":"Organization","@id":"https:\/\/lepotentiel.bj\/#organization","name":"Le Potentiel","url":"https:\/\/lepotentiel.bj\/","logo":{"@type":"ImageObject","inLanguage":"fr-FR","@id":"https:\/\/lepotentiel.bj\/#\/schema\/logo\/image\/","url":"https:\/\/lepotentiel.bj\/wp-content\/uploads\/2023\/12\/logo-pot.jpg","contentUrl":"https:\/\/lepotentiel.bj\/wp-content\/uploads\/2023\/12\/logo-pot.jpg","width":562,"height":84,"caption":"Le Potentiel"},"image":{"@id":"https:\/\/lepotentiel.bj\/#\/schema\/logo\/image\/"}},{"@type":"Person","@id":"https:\/\/lepotentiel.bj\/#\/schema\/person\/52186ff1225863d2b725dfd954763012","name":"Frejus SENOU","image":{"@type":"ImageObject","inLanguage":"fr-FR","@id":"https:\/\/secure.gravatar.com\/avatar\/189d5ec84114548a68d5e0470a1e6ee6eb4f0ba26a6cb0f3353e39d90bdc8449?s=96&d=mm&r=g","url":"https:\/\/secure.gravatar.com\/avatar\/189d5ec84114548a68d5e0470a1e6ee6eb4f0ba26a6cb0f3353e39d90bdc8449?s=96&d=mm&r=g","contentUrl":"https:\/\/secure.gravatar.com\/avatar\/189d5ec84114548a68d5e0470a1e6ee6eb4f0ba26a6cb0f3353e39d90bdc8449?s=96&d=mm&r=g","caption":"Frejus SENOU"},"url":"https:\/\/lepotentiel.bj\/?author=17"}]}},"_links":{"self":[{"href":"https:\/\/lepotentiel.bj\/index.php?rest_route=\/wp\/v2\/posts\/87374","targetHints":{"allow":["GET"]}}],"collection":[{"href":"https:\/\/lepotentiel.bj\/index.php?rest_route=\/wp\/v2\/posts"}],"about":[{"href":"https:\/\/lepotentiel.bj\/index.php?rest_route=\/wp\/v2\/types\/post"}],"author":[{"embeddable":true,"href":"https:\/\/lepotentiel.bj\/index.php?rest_route=\/wp\/v2\/users\/17"}],"replies":[{"embeddable":true,"href":"https:\/\/lepotentiel.bj\/index.php?rest_route=%2Fwp%2Fv2%2Fcomments&post=87374"}],"version-history":[{"count":2,"href":"https:\/\/lepotentiel.bj\/index.php?rest_route=\/wp\/v2\/posts\/87374\/revisions"}],"predecessor-version":[{"id":87378,"href":"https:\/\/lepotentiel.bj\/index.php?rest_route=\/wp\/v2\/posts\/87374\/revisions\/87378"}],"wp:featuredmedia":[{"embeddable":true,"href":"https:\/\/lepotentiel.bj\/index.php?rest_route=\/wp\/v2\/media\/87363"}],"wp:attachment":[{"href":"https:\/\/lepotentiel.bj\/index.php?rest_route=%2Fwp%2Fv2%2Fmedia&parent=87374"}],"wp:term":[{"taxonomy":"category","embeddable":true,"href":"https:\/\/lepotentiel.bj\/index.php?rest_route=%2Fwp%2Fv2%2Fcategories&post=87374"},{"taxonomy":"post_tag","embeddable":true,"href":"https:\/\/lepotentiel.bj\/index.php?rest_route=%2Fwp%2Fv2%2Ftags&post=87374"}],"curies":[{"name":"wp","href":"https:\/\/api.w.org\/{rel}","templated":true}]}}