{"id":87381,"date":"2026-09-02T21:43:04","date_gmt":"2026-09-02T19:43:04","guid":{"rendered":"https:\/\/lepotentiel.bj\/?p=87381"},"modified":"2026-09-02T21:43:04","modified_gmt":"2026-09-02T19:43:04","slug":"haut-conseil-des-pretres-du-fa-du-benin-les-membres-du-bureau-communal-dabomey-calavi-installes","status":"publish","type":"post","link":"https:\/\/lepotentiel.bj\/?p=87381","title":{"rendered":"Haut Conseil des Pr\u00eatres du F\u00e2 du B\u00e9nin : les membres du bureau communal d\u2019Abomey-Calavi install\u00e9s"},"content":{"rendered":"<p style=\"text-align: justify;\">La Maison des jeunes de Godomey a servi de cadre, ce mercredi 2 septembre 2026, \u00e0 la c\u00e9r\u00e9monie d\u2019installation du bureau communal d\u2019Abomey-Calavi du Haut Conseil des Pr\u00eatres du F\u00e2 du B\u00e9nin. Ladite c\u00e9r\u00e9monie a \u00e9t\u00e9 pr\u00e9sid\u00e9e par le pr\u00e9sident d\u00e9partemental Atlantique-Littoral du Haut Conseil du F\u00e2, \u00e0 la t\u00eate d\u2019une tr\u00e8s forte d\u00e9l\u00e9gation.<\/p>\n<p style=\"text-align: justify;\">Assainir le milieu des Bokonons (pr\u00eatres du F\u00e2) et \u00e9loigner les usurpateurs de titres qui ternissent leur image. C\u2019est l\u2019une des id\u00e9es qui sous-tendent la mise en place du Haut Conseil des Pr\u00eatres du F\u00e2 du B\u00e9nin.<\/p>\n<p><img fetchpriority=\"high\" decoding=\"async\" class=\"alignnone size-medium wp-image-87383\" src=\"https:\/\/lepotentiel.bj\/wp-content\/uploads\/2026\/09\/IMG-20260902-WA0291-300x180.jpg\" alt=\"\" width=\"300\" height=\"180\" srcset=\"https:\/\/lepotentiel.bj\/wp-content\/uploads\/2026\/09\/IMG-20260902-WA0291-300x180.jpg 300w, https:\/\/lepotentiel.bj\/wp-content\/uploads\/2026\/09\/IMG-20260902-WA0291-1024x615.jpg 1024w, https:\/\/lepotentiel.bj\/wp-content\/uploads\/2026\/09\/IMG-20260902-WA0291-768x462.jpg 768w, https:\/\/lepotentiel.bj\/wp-content\/uploads\/2026\/09\/IMG-20260902-WA0291-750x451.jpg 750w, https:\/\/lepotentiel.bj\/wp-content\/uploads\/2026\/09\/IMG-20260902-WA0291.jpg 1080w\" sizes=\"(max-width: 300px) 100vw, 300px\" \/><\/p>\n<p style=\"text-align: justify;\">Ce mercredi 2 septembre 2026, le bureau communal dudit creuset a \u00e9t\u00e9 officiellement install\u00e9 et est compos\u00e9 de vingt-six membres. Parmi ceux-ci figure Jean-Marie Anago, dit Bokonon Zounfa, qu\u2019on ne pr\u00e9sente plus dans le milieu, surtout dans les d\u00e9partements de l\u2019Atlantique et du Littoral. Ce dernier a \u00e9t\u00e9, en effet, d\u00e9sign\u00e9 vice-pr\u00e9sident du bureau communal d\u2019Abomey-Calavi du Haut Conseil des Pr\u00eatres du F\u00e2 du B\u00e9nin.<br \/>\n\u00ab \u2026En tant que vice-pr\u00e9sident, avec les autres membres, nous allons organiser les activit\u00e9s, choisir et installer les membres dans les neuf arrondissements d\u2019Abomey-Calavi, afin d&rsquo;assainir davantage la zone et le milieu des Bokonons, pour que tout aille tr\u00e8s bien \u00bb, a fait savoir Bokonon Zounfa apr\u00e8s son installation.<br \/>\n\u00c0 l\u2019en croire, l\u2019assainissement du milieu a d\u00e9j\u00e0 commenc\u00e9 sur le plan national et, donc logiquement, les a\u00een\u00e9s ont d\u00e9cid\u00e9 de descendre \u00e0 la base, parce que tout part d\u2019ici. Bokonon Zounfa a saisi l\u2019occasion pour rendre hommage \u00e0 l\u2019ancien chef d\u2019\u00c9tat Patrice Talon, qui a \u0153uvr\u00e9 pour que le Vodun prenne aujourd\u2019hui une dimension \u00e0 l\u2019international.<br \/>\n\u00ab Dans toutes les soci\u00e9t\u00e9s du monde, il existe des organisations dans tous les domaines. Le pr\u00e9sident Patrice Talon, \u00e0 qui nous rendons un grand hommage, a d\u00e9cid\u00e9 d&rsquo;organiser le domaine du Vodun en g\u00e9n\u00e9ral, et en particulier le domaine du F\u00e2 \u00bb, a-t-il poursuivi.<br \/>\nPour Orens Avougnanssou, pr\u00e9sident d\u00e9partemental Atlantique-Littoral du Haut Conseil du F\u00e2, la mission qui leur est assign\u00e9e est de deux volets.<br \/>\n\u00ab Le premier volet est de pouvoir installer les membres dans les arrondissements dans un d\u00e9lai de 30 jours. Puisque la commune compte neuf arrondissements, ils se chargeront de proc\u00e9der \u00e0 leur installation. Le deuxi\u00e8me volet est d&rsquo;informer jusqu&rsquo;\u00e0 ce que le dernier pr\u00eatre du F\u00e2 \u00e0 Abomey-Calavi soit au courant des nouvelles dispositions qui vont r\u00e9gir la pratique du F\u00e2 en R\u00e9publique b\u00e9ninoise \u00bb, a expliqu\u00e9 ce dernier.<\/p>\n<p style=\"text-align: justify;\"><img decoding=\"async\" class=\"alignnone size-medium wp-image-87384\" src=\"https:\/\/lepotentiel.bj\/wp-content\/uploads\/2026\/09\/IMG-20260902-WA0290-300x212.jpg\" alt=\"\" width=\"300\" height=\"212\" srcset=\"https:\/\/lepotentiel.bj\/wp-content\/uploads\/2026\/09\/IMG-20260902-WA0290-300x212.jpg 300w, https:\/\/lepotentiel.bj\/wp-content\/uploads\/2026\/09\/IMG-20260902-WA0290-1024x723.jpg 1024w, https:\/\/lepotentiel.bj\/wp-content\/uploads\/2026\/09\/IMG-20260902-WA0290-768x543.jpg 768w, https:\/\/lepotentiel.bj\/wp-content\/uploads\/2026\/09\/IMG-20260902-WA0290-120x86.jpg 120w, https:\/\/lepotentiel.bj\/wp-content\/uploads\/2026\/09\/IMG-20260902-WA0290-750x530.jpg 750w, https:\/\/lepotentiel.bj\/wp-content\/uploads\/2026\/09\/IMG-20260902-WA0290.jpg 1080w\" sizes=\"(max-width: 300px) 100vw, 300px\" \/><br \/>\nIl se dit satisfait apr\u00e8s cette installation, car la t\u00e2che \u00e9tait grande.<br \/>\n\u00ab C&rsquo;est un sentiment de satisfaction, car la t\u00e2che \u00e9tait grande. Nous ne pensions pas pouvoir achever le travail si t\u00f4t, mais dans la convivialit\u00e9, nous avons pu le faire et le bureau est install\u00e9 \u00bb, s\u2019est-il r\u00e9joui.<br \/>\nAvec l\u2019installation du bureau communal d\u2019Abomey-Calavi du Haut Conseil des Pr\u00eatres du F\u00e2, c\u2019est un jour qui se l\u00e8ve pour les Bokonons de cette localit\u00e9, avec des lendemains meilleurs.<\/p>\n<p style=\"text-align: justify;\">\nL. T.<\/p>\n","protected":false},"excerpt":{"rendered":"<p>La Maison des jeunes de Godomey a servi de cadre, ce mercredi 2 septembre 2026, \u00e0 la c\u00e9r\u00e9monie d\u2019installation du bureau communal d\u2019Abomey-Calavi du Haut Conseil des Pr\u00eatres du F\u00e2 du B\u00e9nin. Ladite c\u00e9r\u00e9monie a \u00e9t\u00e9 pr\u00e9sid\u00e9e par le pr\u00e9sident d\u00e9partemental Atlantique-Littoral du Haut Conseil du F\u00e2, \u00e0 la t\u00eate d\u2019une tr\u00e8s forte d\u00e9l\u00e9gation. Assainir [&hellip;]<\/p>\n","protected":false},"author":7,"featured_media":87382,"comment_status":"open","ping_status":"open","sticky":false,"template":"","format":"standard","meta":{"footnotes":""},"categories":[34],"tags":[330,2845,23043,23042,1376],"class_list":["post-87381","post","type-post","status-publish","format-standard","has-post-thumbnail","hentry","category-actualite","tag-abomey-calavi","tag-bokonons","tag-bureau-communal","tag-haut-conseil","tag-installation"],"yoast_head":"<!-- This site is optimized with the Yoast SEO plugin v28.2 - https:\/\/yoast.com\/product\/yoast-seo-wordpress\/ -->\n<title>Haut Conseil des Pr\u00eatres du F\u00e2 du B\u00e9nin : les membres du bureau communal d\u2019Abomey-Calavi install\u00e9s - Le Potentiel<\/title>\n<meta name=\"robots\" content=\"index, follow, max-snippet:-1, max-image-preview:large, max-video-preview:-1\" \/>\n<link rel=\"canonical\" href=\"https:\/\/lepotentiel.bj\/?p=87381\" \/>\n<meta property=\"og:locale\" content=\"fr_FR\" \/>\n<meta property=\"og:type\" content=\"article\" \/>\n<meta property=\"og:title\" content=\"Haut Conseil des Pr\u00eatres du F\u00e2 du B\u00e9nin : les membres du bureau communal d\u2019Abomey-Calavi install\u00e9s - Le Potentiel\" \/>\n<meta property=\"og:description\" content=\"La Maison des jeunes de Godomey a servi de cadre, ce mercredi 2 septembre 2026, \u00e0 la c\u00e9r\u00e9monie d\u2019installation du bureau communal d\u2019Abomey-Calavi du Haut Conseil des Pr\u00eatres du F\u00e2 du B\u00e9nin. Ladite c\u00e9r\u00e9monie a \u00e9t\u00e9 pr\u00e9sid\u00e9e par le pr\u00e9sident d\u00e9partemental Atlantique-Littoral du Haut Conseil du F\u00e2, \u00e0 la t\u00eate d\u2019une tr\u00e8s forte d\u00e9l\u00e9gation. Assainir [&hellip;]\" \/>\n<meta property=\"og:url\" content=\"https:\/\/lepotentiel.bj\/?p=87381\" \/>\n<meta property=\"og:site_name\" content=\"Le Potentiel\" \/>\n<meta property=\"article:published_time\" content=\"2026-09-02T19:43:04+00:00\" \/>\n<meta property=\"og:image\" content=\"https:\/\/lepotentiel.bj\/wp-content\/uploads\/2026\/09\/IMG-20260902-WA02891.jpg\" \/>\n\t<meta property=\"og:image:width\" content=\"1080\" \/>\n\t<meta property=\"og:image:height\" content=\"798\" \/>\n\t<meta property=\"og:image:type\" content=\"image\/jpeg\" \/>\n<meta name=\"author\" content=\"Louis\" \/>\n<meta name=\"twitter:card\" content=\"summary_large_image\" \/>\n<meta name=\"twitter:label1\" content=\"\u00c9crit par\" \/>\n\t<meta name=\"twitter:data1\" content=\"Louis\" \/>\n\t<meta name=\"twitter:label2\" content=\"Dur\u00e9e de lecture estim\u00e9e\" \/>\n\t<meta name=\"twitter:data2\" content=\"4 minutes\" \/>\n<script type=\"application\/ld+json\" class=\"yoast-schema-graph\">{\"@context\":\"https:\\\/\\\/schema.org\",\"@graph\":[{\"@type\":\"Article\",\"@id\":\"https:\\\/\\\/lepotentiel.bj\\\/?p=87381#article\",\"isPartOf\":{\"@id\":\"https:\\\/\\\/lepotentiel.bj\\\/?p=87381\"},\"author\":{\"name\":\"Louis\",\"@id\":\"https:\\\/\\\/lepotentiel.bj\\\/#\\\/schema\\\/person\\\/fdda957c384e805f0fc0d27336e2043e\"},\"headline\":\"Haut Conseil des Pr\u00eatres du F\u00e2 du B\u00e9nin : les membres du bureau communal d\u2019Abomey-Calavi install\u00e9s\",\"datePublished\":\"2026-09-02T19:43:04+00:00\",\"mainEntityOfPage\":{\"@id\":\"https:\\\/\\\/lepotentiel.bj\\\/?p=87381\"},\"wordCount\":551,\"commentCount\":0,\"publisher\":{\"@id\":\"https:\\\/\\\/lepotentiel.bj\\\/#organization\"},\"image\":{\"@id\":\"https:\\\/\\\/lepotentiel.bj\\\/?p=87381#primaryimage\"},\"thumbnailUrl\":\"https:\\\/\\\/lepotentiel.bj\\\/wp-content\\\/uploads\\\/2026\\\/09\\\/IMG-20260902-WA02891.jpg\",\"keywords\":[\"Abomey-Calavi\",\"Bokonons\",\"Bureau communal\",\"Haut Conseil\",\"installation\"],\"articleSection\":[\"Actualit\u00e9\"],\"inLanguage\":\"fr-FR\",\"potentialAction\":[{\"@type\":\"CommentAction\",\"name\":\"Comment\",\"target\":[\"https:\\\/\\\/lepotentiel.bj\\\/?p=87381#respond\"]}]},{\"@type\":\"WebPage\",\"@id\":\"https:\\\/\\\/lepotentiel.bj\\\/?p=87381\",\"url\":\"https:\\\/\\\/lepotentiel.bj\\\/?p=87381\",\"name\":\"Haut Conseil des Pr\u00eatres du F\u00e2 du B\u00e9nin : les membres du bureau communal d\u2019Abomey-Calavi install\u00e9s - Le Potentiel\",\"isPartOf\":{\"@id\":\"https:\\\/\\\/lepotentiel.bj\\\/#website\"},\"primaryImageOfPage\":{\"@id\":\"https:\\\/\\\/lepotentiel.bj\\\/?p=87381#primaryimage\"},\"image\":{\"@id\":\"https:\\\/\\\/lepotentiel.bj\\\/?p=87381#primaryimage\"},\"thumbnailUrl\":\"https:\\\/\\\/lepotentiel.bj\\\/wp-content\\\/uploads\\\/2026\\\/09\\\/IMG-20260902-WA02891.jpg\",\"datePublished\":\"2026-09-02T19:43:04+00:00\",\"breadcrumb\":{\"@id\":\"https:\\\/\\\/lepotentiel.bj\\\/?p=87381#breadcrumb\"},\"inLanguage\":\"fr-FR\",\"potentialAction\":[{\"@type\":\"ReadAction\",\"target\":[\"https:\\\/\\\/lepotentiel.bj\\\/?p=87381\"]}]},{\"@type\":\"ImageObject\",\"inLanguage\":\"fr-FR\",\"@id\":\"https:\\\/\\\/lepotentiel.bj\\\/?p=87381#primaryimage\",\"url\":\"https:\\\/\\\/lepotentiel.bj\\\/wp-content\\\/uploads\\\/2026\\\/09\\\/IMG-20260902-WA02891.jpg\",\"contentUrl\":\"https:\\\/\\\/lepotentiel.bj\\\/wp-content\\\/uploads\\\/2026\\\/09\\\/IMG-20260902-WA02891.jpg\",\"width\":1080,\"height\":798},{\"@type\":\"BreadcrumbList\",\"@id\":\"https:\\\/\\\/lepotentiel.bj\\\/?p=87381#breadcrumb\",\"itemListElement\":[{\"@type\":\"ListItem\",\"position\":1,\"name\":\"Accueil\",\"item\":\"https:\\\/\\\/lepotentiel.bj\\\/\"},{\"@type\":\"ListItem\",\"position\":2,\"name\":\"Haut Conseil des Pr\u00eatres du F\u00e2 du B\u00e9nin : les membres du bureau communal d\u2019Abomey-Calavi install\u00e9s\"}]},{\"@type\":\"WebSite\",\"@id\":\"https:\\\/\\\/lepotentiel.bj\\\/#website\",\"url\":\"https:\\\/\\\/lepotentiel.bj\\\/\",\"name\":\"Le Potentiel\",\"description\":\"Le Potentiel, au service de l\u2019information, nous sommes les fantassins du droit de savoir\",\"publisher\":{\"@id\":\"https:\\\/\\\/lepotentiel.bj\\\/#organization\"},\"potentialAction\":[{\"@type\":\"SearchAction\",\"target\":{\"@type\":\"EntryPoint\",\"urlTemplate\":\"https:\\\/\\\/lepotentiel.bj\\\/?s={search_term_string}\"},\"query-input\":{\"@type\":\"PropertyValueSpecification\",\"valueRequired\":true,\"valueName\":\"search_term_string\"}}],\"inLanguage\":\"fr-FR\"},{\"@type\":\"Organization\",\"@id\":\"https:\\\/\\\/lepotentiel.bj\\\/#organization\",\"name\":\"Le Potentiel\",\"url\":\"https:\\\/\\\/lepotentiel.bj\\\/\",\"logo\":{\"@type\":\"ImageObject\",\"inLanguage\":\"fr-FR\",\"@id\":\"https:\\\/\\\/lepotentiel.bj\\\/#\\\/schema\\\/logo\\\/image\\\/\",\"url\":\"https:\\\/\\\/lepotentiel.bj\\\/wp-content\\\/uploads\\\/2023\\\/12\\\/logo-pot.jpg\",\"contentUrl\":\"https:\\\/\\\/lepotentiel.bj\\\/wp-content\\\/uploads\\\/2023\\\/12\\\/logo-pot.jpg\",\"width\":562,\"height\":84,\"caption\":\"Le Potentiel\"},\"image\":{\"@id\":\"https:\\\/\\\/lepotentiel.bj\\\/#\\\/schema\\\/logo\\\/image\\\/\"}},{\"@type\":\"Person\",\"@id\":\"https:\\\/\\\/lepotentiel.bj\\\/#\\\/schema\\\/person\\\/fdda957c384e805f0fc0d27336e2043e\",\"name\":\"Louis\",\"image\":{\"@type\":\"ImageObject\",\"inLanguage\":\"fr-FR\",\"@id\":\"https:\\\/\\\/secure.gravatar.com\\\/avatar\\\/6f5f11044e7478a024ffb0cdd245934f14edbbbee764f548bc3f02a02df46d9a?s=96&d=mm&r=g\",\"url\":\"https:\\\/\\\/secure.gravatar.com\\\/avatar\\\/6f5f11044e7478a024ffb0cdd245934f14edbbbee764f548bc3f02a02df46d9a?s=96&d=mm&r=g\",\"contentUrl\":\"https:\\\/\\\/secure.gravatar.com\\\/avatar\\\/6f5f11044e7478a024ffb0cdd245934f14edbbbee764f548bc3f02a02df46d9a?s=96&d=mm&r=g\",\"caption\":\"Louis\"},\"url\":\"https:\\\/\\\/lepotentiel.bj\\\/?author=7\"}]}<\/script>\n<!-- \/ Yoast SEO plugin. -->","yoast_head_json":{"title":"Haut Conseil des Pr\u00eatres du F\u00e2 du B\u00e9nin : les membres du bureau communal d\u2019Abomey-Calavi install\u00e9s - Le Potentiel","robots":{"index":"index","follow":"follow","max-snippet":"max-snippet:-1","max-image-preview":"max-image-preview:large","max-video-preview":"max-video-preview:-1"},"canonical":"https:\/\/lepotentiel.bj\/?p=87381","og_locale":"fr_FR","og_type":"article","og_title":"Haut Conseil des Pr\u00eatres du F\u00e2 du B\u00e9nin : les membres du bureau communal d\u2019Abomey-Calavi install\u00e9s - Le Potentiel","og_description":"La Maison des jeunes de Godomey a servi de cadre, ce mercredi 2 septembre 2026, \u00e0 la c\u00e9r\u00e9monie d\u2019installation du bureau communal d\u2019Abomey-Calavi du Haut Conseil des Pr\u00eatres du F\u00e2 du B\u00e9nin. Ladite c\u00e9r\u00e9monie a \u00e9t\u00e9 pr\u00e9sid\u00e9e par le pr\u00e9sident d\u00e9partemental Atlantique-Littoral du Haut Conseil du F\u00e2, \u00e0 la t\u00eate d\u2019une tr\u00e8s forte d\u00e9l\u00e9gation. Assainir [&hellip;]","og_url":"https:\/\/lepotentiel.bj\/?p=87381","og_site_name":"Le Potentiel","article_published_time":"2026-09-02T19:43:04+00:00","og_image":[{"width":1080,"height":798,"url":"https:\/\/lepotentiel.bj\/wp-content\/uploads\/2026\/09\/IMG-20260902-WA02891.jpg","type":"image\/jpeg"}],"author":"Louis","twitter_card":"summary_large_image","twitter_misc":{"\u00c9crit par":"Louis","Dur\u00e9e de lecture estim\u00e9e":"4 minutes"},"schema":{"@context":"https:\/\/schema.org","@graph":[{"@type":"Article","@id":"https:\/\/lepotentiel.bj\/?p=87381#article","isPartOf":{"@id":"https:\/\/lepotentiel.bj\/?p=87381"},"author":{"name":"Louis","@id":"https:\/\/lepotentiel.bj\/#\/schema\/person\/fdda957c384e805f0fc0d27336e2043e"},"headline":"Haut Conseil des Pr\u00eatres du F\u00e2 du B\u00e9nin : les membres du bureau communal d\u2019Abomey-Calavi install\u00e9s","datePublished":"2026-09-02T19:43:04+00:00","mainEntityOfPage":{"@id":"https:\/\/lepotentiel.bj\/?p=87381"},"wordCount":551,"commentCount":0,"publisher":{"@id":"https:\/\/lepotentiel.bj\/#organization"},"image":{"@id":"https:\/\/lepotentiel.bj\/?p=87381#primaryimage"},"thumbnailUrl":"https:\/\/lepotentiel.bj\/wp-content\/uploads\/2026\/09\/IMG-20260902-WA02891.jpg","keywords":["Abomey-Calavi","Bokonons","Bureau communal","Haut Conseil","installation"],"articleSection":["Actualit\u00e9"],"inLanguage":"fr-FR","potentialAction":[{"@type":"CommentAction","name":"Comment","target":["https:\/\/lepotentiel.bj\/?p=87381#respond"]}]},{"@type":"WebPage","@id":"https:\/\/lepotentiel.bj\/?p=87381","url":"https:\/\/lepotentiel.bj\/?p=87381","name":"Haut Conseil des Pr\u00eatres du F\u00e2 du B\u00e9nin : les membres du bureau communal d\u2019Abomey-Calavi install\u00e9s - Le Potentiel","isPartOf":{"@id":"https:\/\/lepotentiel.bj\/#website"},"primaryImageOfPage":{"@id":"https:\/\/lepotentiel.bj\/?p=87381#primaryimage"},"image":{"@id":"https:\/\/lepotentiel.bj\/?p=87381#primaryimage"},"thumbnailUrl":"https:\/\/lepotentiel.bj\/wp-content\/uploads\/2026\/09\/IMG-20260902-WA02891.jpg","datePublished":"2026-09-02T19:43:04+00:00","breadcrumb":{"@id":"https:\/\/lepotentiel.bj\/?p=87381#breadcrumb"},"inLanguage":"fr-FR","potentialAction":[{"@type":"ReadAction","target":["https:\/\/lepotentiel.bj\/?p=87381"]}]},{"@type":"ImageObject","inLanguage":"fr-FR","@id":"https:\/\/lepotentiel.bj\/?p=87381#primaryimage","url":"https:\/\/lepotentiel.bj\/wp-content\/uploads\/2026\/09\/IMG-20260902-WA02891.jpg","contentUrl":"https:\/\/lepotentiel.bj\/wp-content\/uploads\/2026\/09\/IMG-20260902-WA02891.jpg","width":1080,"height":798},{"@type":"BreadcrumbList","@id":"https:\/\/lepotentiel.bj\/?p=87381#breadcrumb","itemListElement":[{"@type":"ListItem","position":1,"name":"Accueil","item":"https:\/\/lepotentiel.bj\/"},{"@type":"ListItem","position":2,"name":"Haut Conseil des Pr\u00eatres du F\u00e2 du B\u00e9nin : les membres du bureau communal d\u2019Abomey-Calavi install\u00e9s"}]},{"@type":"WebSite","@id":"https:\/\/lepotentiel.bj\/#website","url":"https:\/\/lepotentiel.bj\/","name":"Le Potentiel","description":"Le Potentiel, au service de l\u2019information, nous sommes les fantassins du droit de savoir","publisher":{"@id":"https:\/\/lepotentiel.bj\/#organization"},"potentialAction":[{"@type":"SearchAction","target":{"@type":"EntryPoint","urlTemplate":"https:\/\/lepotentiel.bj\/?s={search_term_string}"},"query-input":{"@type":"PropertyValueSpecification","valueRequired":true,"valueName":"search_term_string"}}],"inLanguage":"fr-FR"},{"@type":"Organization","@id":"https:\/\/lepotentiel.bj\/#organization","name":"Le Potentiel","url":"https:\/\/lepotentiel.bj\/","logo":{"@type":"ImageObject","inLanguage":"fr-FR","@id":"https:\/\/lepotentiel.bj\/#\/schema\/logo\/image\/","url":"https:\/\/lepotentiel.bj\/wp-content\/uploads\/2023\/12\/logo-pot.jpg","contentUrl":"https:\/\/lepotentiel.bj\/wp-content\/uploads\/2023\/12\/logo-pot.jpg","width":562,"height":84,"caption":"Le Potentiel"},"image":{"@id":"https:\/\/lepotentiel.bj\/#\/schema\/logo\/image\/"}},{"@type":"Person","@id":"https:\/\/lepotentiel.bj\/#\/schema\/person\/fdda957c384e805f0fc0d27336e2043e","name":"Louis","image":{"@type":"ImageObject","inLanguage":"fr-FR","@id":"https:\/\/secure.gravatar.com\/avatar\/6f5f11044e7478a024ffb0cdd245934f14edbbbee764f548bc3f02a02df46d9a?s=96&d=mm&r=g","url":"https:\/\/secure.gravatar.com\/avatar\/6f5f11044e7478a024ffb0cdd245934f14edbbbee764f548bc3f02a02df46d9a?s=96&d=mm&r=g","contentUrl":"https:\/\/secure.gravatar.com\/avatar\/6f5f11044e7478a024ffb0cdd245934f14edbbbee764f548bc3f02a02df46d9a?s=96&d=mm&r=g","caption":"Louis"},"url":"https:\/\/lepotentiel.bj\/?author=7"}]}},"_links":{"self":[{"href":"https:\/\/lepotentiel.bj\/index.php?rest_route=\/wp\/v2\/posts\/87381","targetHints":{"allow":["GET"]}}],"collection":[{"href":"https:\/\/lepotentiel.bj\/index.php?rest_route=\/wp\/v2\/posts"}],"about":[{"href":"https:\/\/lepotentiel.bj\/index.php?rest_route=\/wp\/v2\/types\/post"}],"author":[{"embeddable":true,"href":"https:\/\/lepotentiel.bj\/index.php?rest_route=\/wp\/v2\/users\/7"}],"replies":[{"embeddable":true,"href":"https:\/\/lepotentiel.bj\/index.php?rest_route=%2Fwp%2Fv2%2Fcomments&post=87381"}],"version-history":[{"count":1,"href":"https:\/\/lepotentiel.bj\/index.php?rest_route=\/wp\/v2\/posts\/87381\/revisions"}],"predecessor-version":[{"id":87385,"href":"https:\/\/lepotentiel.bj\/index.php?rest_route=\/wp\/v2\/posts\/87381\/revisions\/87385"}],"wp:featuredmedia":[{"embeddable":true,"href":"https:\/\/lepotentiel.bj\/index.php?rest_route=\/wp\/v2\/media\/87382"}],"wp:attachment":[{"href":"https:\/\/lepotentiel.bj\/index.php?rest_route=%2Fwp%2Fv2%2Fmedia&parent=87381"}],"wp:term":[{"taxonomy":"category","embeddable":true,"href":"https:\/\/lepotentiel.bj\/index.php?rest_route=%2Fwp%2Fv2%2Fcategories&post=87381"},{"taxonomy":"post_tag","embeddable":true,"href":"https:\/\/lepotentiel.bj\/index.php?rest_route=%2Fwp%2Fv2%2Ftags&post=87381"}],"curies":[{"name":"wp","href":"https:\/\/api.w.org\/{rel}","templated":true}]}}