{"id":87394,"date":"2026-09-03T10:46:40","date_gmt":"2026-09-03T08:46:40","guid":{"rendered":"https:\/\/lepotentiel.bj\/?p=87394"},"modified":"2026-09-03T12:41:18","modified_gmt":"2026-09-03T10:41:18","slug":"accuses-de-faits-presumes-descroquerie-en-bande-organisee-autour-dune-promesse-de-nomination-ministerielle-gilbert-dake-abiakou-djokess-kpotokan-ii-arrete-par-la-bef-un-agent-de-l","status":"publish","type":"post","link":"https:\/\/lepotentiel.bj\/?p=87394","title":{"rendered":"Accus\u00e9s de faits pr\u00e9sum\u00e9s d\u2019escroquerie en bande organis\u00e9e autour d\u2019une promesse de nomination minist\u00e9rielle: Gilbert Dak\u00e8 Abiakou Djokess Kpotokan II arr\u00eat\u00e9 par la BEF, un agent de l\u2019ANIP interpell\u00e9"},"content":{"rendered":"<p style=\"text-align: justify;\">Des faits d&rsquo;accusation d&rsquo;escroquerie pr\u00e9sum\u00e9e en bande organis\u00e9e, le pr\u00e9sident de la Fondation \u0152cum\u00e9nique pour la Paix en Afrique <strong>(FOPA)<\/strong>, <strong>Gilbert Dak\u00e8 Abiakou Djokess Kpotokan II,<\/strong> a \u00e9t\u00e9 interpell\u00e9 depuis le mardi 1er septembre 2026 \u00e0 Cotonou par les \u00e9l\u00e9ments de la Brigade \u00e9conomique et financi\u00e8re (BEF). L\u2019affaire fait suite \u00e0 une plainte d\u00e9pos\u00e9e contre lui et plusieurs autres personnes, accus\u00e9es d\u2019avoir soutir\u00e9 plusieurs dizaines de millions de FCFA \u00e0 une victime en lui promettant notamment une nomination comme membre du gouvernement.<\/p>\n<p style=\"text-align: justify;\">L\u2019interpellation est intervenue en milieu de journ\u00e9e devant les locaux du bureau de Gilbert Dak\u00e8 Djokess Kpotokan II, \u00e0 Sikecodji dans la ville de Cotonou. Quelques instants auparavant, un agent de l\u2019Agence nationale d\u2019identification des personnes (ANIP), identifi\u00e9 comme David Zoutougou avait \u00e9galement \u00e9t\u00e9 interpell\u00e9 dans son bureau pour les m\u00eames faits pr\u00e9sum\u00e9s.<\/p>\n<p style=\"text-align: justify;\"><strong>Une promesse de nomination au gouvernement<\/strong><\/p>\n<p style=\"text-align: justify;\">Selon les informations exclusives recueillies par le d\u00e9partement enqu\u00eate et investigation (DEI) du <strong>Groupe de presse Le Potentiel,<\/strong> l\u2019affaire remonterait \u00e0 plusieurs semaines. La plainte aurait \u00e9t\u00e9 introduite entre fin juillet et d\u00e9but ao\u00fbt 2026, apr\u00e8s plusieurs d\u00e9marches rest\u00e9es sans suite.<\/p>\n<p style=\"text-align: justify;\">Au c\u0153ur du dossier figure une promesse qui aurait \u00e9t\u00e9 faite \u00e0 la victime, obtenir une nomination \u00e0 un poste de responsabilit\u00e9 dans l\u2019administration publique, avec en perspective une entr\u00e9e au gouvernement.<\/p>\n<p style=\"text-align: justify;\">David Zotogo aurait jou\u00e9 un r\u00f4le dans la mise en relation de la victime avec <strong>Gilbert Dak\u00e8 Djokess Kpotokan<\/strong> <strong>II<\/strong>, qu\u2019il connaissait depuis plusieurs ann\u00e9es. Pour convaincre son interlocuteur de la r\u00e9alit\u00e9 de ses relations, l\u2019agent de l\u2019ANIP aurait notamment fait \u00e9tat de sa proximit\u00e9 avec le fils de l\u2019ancien pr\u00e9sident de la R\u00e9publique, aujourd\u2019hui pr\u00e9sident du S\u00e9nat, et aurait montr\u00e9 des photographies prises avec ce dernier.<\/p>\n<p style=\"text-align: justify;\">Selon les m\u00eames sources, cette relation aurait contribu\u00e9 \u00e0 convaincre la victime de la capacit\u00e9 des mis en cause \u00e0 faciliter sa nomination.<\/p>\n<p style=\"text-align: justify;\"><strong>Des dizaines de millions de FCFA en jeu<\/strong><\/p>\n<p style=\"text-align: justify;\">Dans le cadre de cette op\u00e9ration pr\u00e9sum\u00e9e, plusieurs dizaines de millions de FCFA auraient \u00e9t\u00e9 remis aux personnes mises en cause. En contrepartie, la victime aurait re\u00e7u l\u2019assurance d\u2019obtenir un poste nominatif, notamment celui de ministre.<\/p>\n<p style=\"text-align: justify;\">La promesse aurait \u00e9t\u00e9 maintenue au fil des changements politiques intervenus en 2026. A l\u2019approche de la fin du r\u00e9gime du pr\u00e9sident Patrice Talon et avant la constitution du premier gouvernement dirig\u00e9 par Romuald Wadagni, la victime aurait encore \u00e9t\u00e9 rassur\u00e9e sur sa prochaine nomination au gouvernement.<\/p>\n<p style=\"text-align: justify;\">Mais la formation de la nouvelle \u00e9quipe gouvernementale n\u2019a pas consacr\u00e9 la nomination annonc\u00e9e. Face \u00e0 l\u2019absence de r\u00e9sultat et apr\u00e8s plusieurs attentes, la victime aurait finalement entrepris des d\u00e9marches pour r\u00e9cup\u00e9rer les sommes vers\u00e9es.<\/p>\n<p style=\"text-align: justify;\">C\u2019est dans ce contexte que la plainte a \u00e9t\u00e9 d\u00e9pos\u00e9e et que l\u2019enqu\u00eate de la BEF a \u00e9t\u00e9 ouverte.<\/p>\n<p style=\"text-align: justify;\"><strong>Une enqu\u00eate qui s\u2019\u00e9largit<\/strong><\/p>\n<p style=\"text-align: justify;\">Plac\u00e9s en garde \u00e0 vue \u00e0 la BEF, Gilbert <strong>Dak\u00e8 Djokess Kpotokan II<\/strong> et David Zotogo devraient \u00eatre entendus sur leur r\u00f4le respectif dans cette affaire. D\u2019autres personnes seraient \u00e9galement recherch\u00e9es dans le cadre de l\u2019enqu\u00eate et se trouveraient actuellement en fuite.<\/p>\n<p style=\"text-align: justify;\">Au terme des investigations, les personnes retenues dans la proc\u00e9dure pourraient \u00eatre pr\u00e9sent\u00e9es au procureur sp\u00e9cial pr\u00e8s la Cour de r\u00e9pression des infractions \u00e9conomiques et du terrorisme (CRIET), selon l\u2019\u00e9volution du dossier.<\/p>\n<p style=\"text-align: justify;\">A ce stade, les faits demeurent pr\u00e9sum\u00e9s et les personnes interpell\u00e9es b\u00e9n\u00e9ficient de la pr\u00e9somption d\u2019innocence. Leur responsabilit\u00e9 p\u00e9nale ne pourra \u00eatre \u00e9tablie qu\u2019\u00e0 l\u2019issue de la proc\u00e9dure judiciaire.<\/p>\n<p style=\"text-align: justify;\"><strong>Une figure connue du milieu associatif<\/strong><\/p>\n<p style=\"text-align: justify;\">Gilbert Dak\u00e8 Abiakou Djokess Kpotokan II est le pr\u00e9sident de la Fondation \u0152cum\u00e9nique pour la Paix en Afrique (FOPA), une organisation panafricaine active au B\u00e9nin dans la promotion du dialogue interreligieux, de la coh\u00e9sion sociale et de la paix.<\/p>\n<p style=\"text-align: justify;\">Son interpellation dans cette affaire d\u2019escroquerie pr\u00e9sum\u00e9e en bande organis\u00e9e donne donc une dimension particuli\u00e8re au dossier, compte tenu de sa visibilit\u00e9 dans le milieu associatif et des fonctions qu\u2019il exerce.<\/p>\n<p style=\"text-align: justify;\">L\u2019enqu\u00eate de la BEF devra d\u00e9sormais d\u00e9terminer la nature exacte des engagements pris, la destination des fonds vers\u00e9s et le r\u00f4le de chacun des protagonistes dans les faits d\u00e9nonc\u00e9s.<\/p>\n<p style=\"text-align: justify;\"><strong>Joseph Sossou<\/strong><\/p>\n","protected":false},"excerpt":{"rendered":"<p>Des faits d&rsquo;accusation d&rsquo;escroquerie pr\u00e9sum\u00e9e en bande organis\u00e9e, le pr\u00e9sident de la Fondation \u0152cum\u00e9nique pour la Paix en Afrique (FOPA), Gilbert Dak\u00e8 Abiakou Djokess Kpotokan II, a \u00e9t\u00e9 interpell\u00e9 depuis le mardi 1er septembre 2026 \u00e0 Cotonou par les \u00e9l\u00e9ments de la Brigade \u00e9conomique et financi\u00e8re (BEF). L\u2019affaire fait suite \u00e0 une plainte d\u00e9pos\u00e9e contre [&hellip;]<\/p>\n","protected":false},"author":17,"featured_media":87402,"comment_status":"open","ping_status":"open","sticky":false,"template":"","format":"standard","meta":{"footnotes":""},"categories":[1],"tags":[],"class_list":["post-87394","post","type-post","status-publish","format-standard","has-post-thumbnail","hentry","category-non-classe"],"yoast_head":"<!-- This site is optimized with the Yoast SEO plugin v28.2 - https:\/\/yoast.com\/product\/yoast-seo-wordpress\/ -->\n<title>Accus\u00e9s de faits pr\u00e9sum\u00e9s d\u2019escroquerie en bande organis\u00e9e autour d\u2019une promesse de nomination minist\u00e9rielle: Gilbert Dak\u00e8 Abiakou Djokess Kpotokan II arr\u00eat\u00e9 par la BEF, un agent de l\u2019ANIP interpell\u00e9 - Le Potentiel<\/title>\n<meta name=\"robots\" content=\"index, follow, max-snippet:-1, max-image-preview:large, max-video-preview:-1\" \/>\n<link rel=\"canonical\" href=\"https:\/\/lepotentiel.bj\/?p=87394\" \/>\n<meta property=\"og:locale\" content=\"fr_FR\" \/>\n<meta property=\"og:type\" content=\"article\" \/>\n<meta property=\"og:title\" content=\"Accus\u00e9s de faits pr\u00e9sum\u00e9s d\u2019escroquerie en bande organis\u00e9e autour d\u2019une promesse de nomination minist\u00e9rielle: Gilbert Dak\u00e8 Abiakou Djokess Kpotokan II arr\u00eat\u00e9 par la BEF, un agent de l\u2019ANIP interpell\u00e9 - Le Potentiel\" \/>\n<meta property=\"og:description\" content=\"Des faits d&rsquo;accusation d&rsquo;escroquerie pr\u00e9sum\u00e9e en bande organis\u00e9e, le pr\u00e9sident de la Fondation \u0152cum\u00e9nique pour la Paix en Afrique (FOPA), Gilbert Dak\u00e8 Abiakou Djokess Kpotokan II, a \u00e9t\u00e9 interpell\u00e9 depuis le mardi 1er septembre 2026 \u00e0 Cotonou par les \u00e9l\u00e9ments de la Brigade \u00e9conomique et financi\u00e8re (BEF). L\u2019affaire fait suite \u00e0 une plainte d\u00e9pos\u00e9e contre [&hellip;]\" \/>\n<meta property=\"og:url\" content=\"https:\/\/lepotentiel.bj\/?p=87394\" \/>\n<meta property=\"og:site_name\" content=\"Le Potentiel\" \/>\n<meta property=\"article:published_time\" content=\"2026-09-03T08:46:40+00:00\" \/>\n<meta property=\"article:modified_time\" content=\"2026-09-03T10:41:18+00:00\" \/>\n<meta property=\"og:image\" content=\"https:\/\/lepotentiel.bj\/wp-content\/uploads\/2026\/09\/IMG-20260903-WA0014.jpg\" \/>\n\t<meta property=\"og:image:width\" content=\"720\" \/>\n\t<meta property=\"og:image:height\" content=\"1000\" \/>\n\t<meta property=\"og:image:type\" content=\"image\/jpeg\" \/>\n<meta name=\"author\" content=\"Frejus SENOU\" \/>\n<meta name=\"twitter:card\" content=\"summary_large_image\" \/>\n<meta name=\"twitter:label1\" content=\"\u00c9crit par\" \/>\n\t<meta name=\"twitter:data1\" content=\"Frejus SENOU\" \/>\n\t<meta name=\"twitter:label2\" content=\"Dur\u00e9e de lecture estim\u00e9e\" \/>\n\t<meta name=\"twitter:data2\" content=\"4 minutes\" \/>\n<script type=\"application\/ld+json\" class=\"yoast-schema-graph\">{\"@context\":\"https:\\\/\\\/schema.org\",\"@graph\":[{\"@type\":\"Article\",\"@id\":\"https:\\\/\\\/lepotentiel.bj\\\/?p=87394#article\",\"isPartOf\":{\"@id\":\"https:\\\/\\\/lepotentiel.bj\\\/?p=87394\"},\"author\":{\"name\":\"Frejus SENOU\",\"@id\":\"https:\\\/\\\/lepotentiel.bj\\\/#\\\/schema\\\/person\\\/52186ff1225863d2b725dfd954763012\"},\"headline\":\"Accus\u00e9s de faits pr\u00e9sum\u00e9s d\u2019escroquerie en bande organis\u00e9e autour d\u2019une promesse de nomination minist\u00e9rielle: Gilbert Dak\u00e8 Abiakou Djokess Kpotokan II arr\u00eat\u00e9 par la BEF, un agent de l\u2019ANIP interpell\u00e9\",\"datePublished\":\"2026-09-03T08:46:40+00:00\",\"dateModified\":\"2026-09-03T10:41:18+00:00\",\"mainEntityOfPage\":{\"@id\":\"https:\\\/\\\/lepotentiel.bj\\\/?p=87394\"},\"wordCount\":796,\"commentCount\":0,\"publisher\":{\"@id\":\"https:\\\/\\\/lepotentiel.bj\\\/#organization\"},\"image\":{\"@id\":\"https:\\\/\\\/lepotentiel.bj\\\/?p=87394#primaryimage\"},\"thumbnailUrl\":\"https:\\\/\\\/lepotentiel.bj\\\/wp-content\\\/uploads\\\/2026\\\/09\\\/IMG-20260903-WA0014.jpg\",\"inLanguage\":\"fr-FR\",\"potentialAction\":[{\"@type\":\"CommentAction\",\"name\":\"Comment\",\"target\":[\"https:\\\/\\\/lepotentiel.bj\\\/?p=87394#respond\"]}]},{\"@type\":\"WebPage\",\"@id\":\"https:\\\/\\\/lepotentiel.bj\\\/?p=87394\",\"url\":\"https:\\\/\\\/lepotentiel.bj\\\/?p=87394\",\"name\":\"Accus\u00e9s de faits pr\u00e9sum\u00e9s d\u2019escroquerie en bande organis\u00e9e autour d\u2019une promesse de nomination minist\u00e9rielle: Gilbert Dak\u00e8 Abiakou Djokess Kpotokan II arr\u00eat\u00e9 par la BEF, un agent de l\u2019ANIP interpell\u00e9 - Le Potentiel\",\"isPartOf\":{\"@id\":\"https:\\\/\\\/lepotentiel.bj\\\/#website\"},\"primaryImageOfPage\":{\"@id\":\"https:\\\/\\\/lepotentiel.bj\\\/?p=87394#primaryimage\"},\"image\":{\"@id\":\"https:\\\/\\\/lepotentiel.bj\\\/?p=87394#primaryimage\"},\"thumbnailUrl\":\"https:\\\/\\\/lepotentiel.bj\\\/wp-content\\\/uploads\\\/2026\\\/09\\\/IMG-20260903-WA0014.jpg\",\"datePublished\":\"2026-09-03T08:46:40+00:00\",\"dateModified\":\"2026-09-03T10:41:18+00:00\",\"breadcrumb\":{\"@id\":\"https:\\\/\\\/lepotentiel.bj\\\/?p=87394#breadcrumb\"},\"inLanguage\":\"fr-FR\",\"potentialAction\":[{\"@type\":\"ReadAction\",\"target\":[\"https:\\\/\\\/lepotentiel.bj\\\/?p=87394\"]}]},{\"@type\":\"ImageObject\",\"inLanguage\":\"fr-FR\",\"@id\":\"https:\\\/\\\/lepotentiel.bj\\\/?p=87394#primaryimage\",\"url\":\"https:\\\/\\\/lepotentiel.bj\\\/wp-content\\\/uploads\\\/2026\\\/09\\\/IMG-20260903-WA0014.jpg\",\"contentUrl\":\"https:\\\/\\\/lepotentiel.bj\\\/wp-content\\\/uploads\\\/2026\\\/09\\\/IMG-20260903-WA0014.jpg\",\"width\":720,\"height\":1000},{\"@type\":\"BreadcrumbList\",\"@id\":\"https:\\\/\\\/lepotentiel.bj\\\/?p=87394#breadcrumb\",\"itemListElement\":[{\"@type\":\"ListItem\",\"position\":1,\"name\":\"Accueil\",\"item\":\"https:\\\/\\\/lepotentiel.bj\\\/\"},{\"@type\":\"ListItem\",\"position\":2,\"name\":\"Accus\u00e9s de faits pr\u00e9sum\u00e9s d\u2019escroquerie en bande organis\u00e9e autour d\u2019une promesse de nomination minist\u00e9rielle: Gilbert Dak\u00e8 Abiakou Djokess Kpotokan II arr\u00eat\u00e9 par la BEF, un agent de l\u2019ANIP interpell\u00e9\"}]},{\"@type\":\"WebSite\",\"@id\":\"https:\\\/\\\/lepotentiel.bj\\\/#website\",\"url\":\"https:\\\/\\\/lepotentiel.bj\\\/\",\"name\":\"Le Potentiel\",\"description\":\"Le Potentiel, au service de l\u2019information, nous sommes les fantassins du droit de savoir\",\"publisher\":{\"@id\":\"https:\\\/\\\/lepotentiel.bj\\\/#organization\"},\"potentialAction\":[{\"@type\":\"SearchAction\",\"target\":{\"@type\":\"EntryPoint\",\"urlTemplate\":\"https:\\\/\\\/lepotentiel.bj\\\/?s={search_term_string}\"},\"query-input\":{\"@type\":\"PropertyValueSpecification\",\"valueRequired\":true,\"valueName\":\"search_term_string\"}}],\"inLanguage\":\"fr-FR\"},{\"@type\":\"Organization\",\"@id\":\"https:\\\/\\\/lepotentiel.bj\\\/#organization\",\"name\":\"Le Potentiel\",\"url\":\"https:\\\/\\\/lepotentiel.bj\\\/\",\"logo\":{\"@type\":\"ImageObject\",\"inLanguage\":\"fr-FR\",\"@id\":\"https:\\\/\\\/lepotentiel.bj\\\/#\\\/schema\\\/logo\\\/image\\\/\",\"url\":\"https:\\\/\\\/lepotentiel.bj\\\/wp-content\\\/uploads\\\/2023\\\/12\\\/logo-pot.jpg\",\"contentUrl\":\"https:\\\/\\\/lepotentiel.bj\\\/wp-content\\\/uploads\\\/2023\\\/12\\\/logo-pot.jpg\",\"width\":562,\"height\":84,\"caption\":\"Le Potentiel\"},\"image\":{\"@id\":\"https:\\\/\\\/lepotentiel.bj\\\/#\\\/schema\\\/logo\\\/image\\\/\"}},{\"@type\":\"Person\",\"@id\":\"https:\\\/\\\/lepotentiel.bj\\\/#\\\/schema\\\/person\\\/52186ff1225863d2b725dfd954763012\",\"name\":\"Frejus SENOU\",\"image\":{\"@type\":\"ImageObject\",\"inLanguage\":\"fr-FR\",\"@id\":\"https:\\\/\\\/secure.gravatar.com\\\/avatar\\\/189d5ec84114548a68d5e0470a1e6ee6eb4f0ba26a6cb0f3353e39d90bdc8449?s=96&d=mm&r=g\",\"url\":\"https:\\\/\\\/secure.gravatar.com\\\/avatar\\\/189d5ec84114548a68d5e0470a1e6ee6eb4f0ba26a6cb0f3353e39d90bdc8449?s=96&d=mm&r=g\",\"contentUrl\":\"https:\\\/\\\/secure.gravatar.com\\\/avatar\\\/189d5ec84114548a68d5e0470a1e6ee6eb4f0ba26a6cb0f3353e39d90bdc8449?s=96&d=mm&r=g\",\"caption\":\"Frejus SENOU\"},\"url\":\"https:\\\/\\\/lepotentiel.bj\\\/?author=17\"}]}<\/script>\n<!-- \/ Yoast SEO plugin. -->","yoast_head_json":{"title":"Accus\u00e9s de faits pr\u00e9sum\u00e9s d\u2019escroquerie en bande organis\u00e9e autour d\u2019une promesse de nomination minist\u00e9rielle: Gilbert Dak\u00e8 Abiakou Djokess Kpotokan II arr\u00eat\u00e9 par la BEF, un agent de l\u2019ANIP interpell\u00e9 - Le Potentiel","robots":{"index":"index","follow":"follow","max-snippet":"max-snippet:-1","max-image-preview":"max-image-preview:large","max-video-preview":"max-video-preview:-1"},"canonical":"https:\/\/lepotentiel.bj\/?p=87394","og_locale":"fr_FR","og_type":"article","og_title":"Accus\u00e9s de faits pr\u00e9sum\u00e9s d\u2019escroquerie en bande organis\u00e9e autour d\u2019une promesse de nomination minist\u00e9rielle: Gilbert Dak\u00e8 Abiakou Djokess Kpotokan II arr\u00eat\u00e9 par la BEF, un agent de l\u2019ANIP interpell\u00e9 - Le Potentiel","og_description":"Des faits d&rsquo;accusation d&rsquo;escroquerie pr\u00e9sum\u00e9e en bande organis\u00e9e, le pr\u00e9sident de la Fondation \u0152cum\u00e9nique pour la Paix en Afrique (FOPA), Gilbert Dak\u00e8 Abiakou Djokess Kpotokan II, a \u00e9t\u00e9 interpell\u00e9 depuis le mardi 1er septembre 2026 \u00e0 Cotonou par les \u00e9l\u00e9ments de la Brigade \u00e9conomique et financi\u00e8re (BEF). L\u2019affaire fait suite \u00e0 une plainte d\u00e9pos\u00e9e contre [&hellip;]","og_url":"https:\/\/lepotentiel.bj\/?p=87394","og_site_name":"Le Potentiel","article_published_time":"2026-09-03T08:46:40+00:00","article_modified_time":"2026-09-03T10:41:18+00:00","og_image":[{"width":720,"height":1000,"url":"https:\/\/lepotentiel.bj\/wp-content\/uploads\/2026\/09\/IMG-20260903-WA0014.jpg","type":"image\/jpeg"}],"author":"Frejus SENOU","twitter_card":"summary_large_image","twitter_misc":{"\u00c9crit par":"Frejus SENOU","Dur\u00e9e de lecture estim\u00e9e":"4 minutes"},"schema":{"@context":"https:\/\/schema.org","@graph":[{"@type":"Article","@id":"https:\/\/lepotentiel.bj\/?p=87394#article","isPartOf":{"@id":"https:\/\/lepotentiel.bj\/?p=87394"},"author":{"name":"Frejus SENOU","@id":"https:\/\/lepotentiel.bj\/#\/schema\/person\/52186ff1225863d2b725dfd954763012"},"headline":"Accus\u00e9s de faits pr\u00e9sum\u00e9s d\u2019escroquerie en bande organis\u00e9e autour d\u2019une promesse de nomination minist\u00e9rielle: Gilbert Dak\u00e8 Abiakou Djokess Kpotokan II arr\u00eat\u00e9 par la BEF, un agent de l\u2019ANIP interpell\u00e9","datePublished":"2026-09-03T08:46:40+00:00","dateModified":"2026-09-03T10:41:18+00:00","mainEntityOfPage":{"@id":"https:\/\/lepotentiel.bj\/?p=87394"},"wordCount":796,"commentCount":0,"publisher":{"@id":"https:\/\/lepotentiel.bj\/#organization"},"image":{"@id":"https:\/\/lepotentiel.bj\/?p=87394#primaryimage"},"thumbnailUrl":"https:\/\/lepotentiel.bj\/wp-content\/uploads\/2026\/09\/IMG-20260903-WA0014.jpg","inLanguage":"fr-FR","potentialAction":[{"@type":"CommentAction","name":"Comment","target":["https:\/\/lepotentiel.bj\/?p=87394#respond"]}]},{"@type":"WebPage","@id":"https:\/\/lepotentiel.bj\/?p=87394","url":"https:\/\/lepotentiel.bj\/?p=87394","name":"Accus\u00e9s de faits pr\u00e9sum\u00e9s d\u2019escroquerie en bande organis\u00e9e autour d\u2019une promesse de nomination minist\u00e9rielle: Gilbert Dak\u00e8 Abiakou Djokess Kpotokan II arr\u00eat\u00e9 par la BEF, un agent de l\u2019ANIP interpell\u00e9 - Le Potentiel","isPartOf":{"@id":"https:\/\/lepotentiel.bj\/#website"},"primaryImageOfPage":{"@id":"https:\/\/lepotentiel.bj\/?p=87394#primaryimage"},"image":{"@id":"https:\/\/lepotentiel.bj\/?p=87394#primaryimage"},"thumbnailUrl":"https:\/\/lepotentiel.bj\/wp-content\/uploads\/2026\/09\/IMG-20260903-WA0014.jpg","datePublished":"2026-09-03T08:46:40+00:00","dateModified":"2026-09-03T10:41:18+00:00","breadcrumb":{"@id":"https:\/\/lepotentiel.bj\/?p=87394#breadcrumb"},"inLanguage":"fr-FR","potentialAction":[{"@type":"ReadAction","target":["https:\/\/lepotentiel.bj\/?p=87394"]}]},{"@type":"ImageObject","inLanguage":"fr-FR","@id":"https:\/\/lepotentiel.bj\/?p=87394#primaryimage","url":"https:\/\/lepotentiel.bj\/wp-content\/uploads\/2026\/09\/IMG-20260903-WA0014.jpg","contentUrl":"https:\/\/lepotentiel.bj\/wp-content\/uploads\/2026\/09\/IMG-20260903-WA0014.jpg","width":720,"height":1000},{"@type":"BreadcrumbList","@id":"https:\/\/lepotentiel.bj\/?p=87394#breadcrumb","itemListElement":[{"@type":"ListItem","position":1,"name":"Accueil","item":"https:\/\/lepotentiel.bj\/"},{"@type":"ListItem","position":2,"name":"Accus\u00e9s de faits pr\u00e9sum\u00e9s d\u2019escroquerie en bande organis\u00e9e autour d\u2019une promesse de nomination minist\u00e9rielle: Gilbert Dak\u00e8 Abiakou Djokess Kpotokan II arr\u00eat\u00e9 par la BEF, un agent de l\u2019ANIP interpell\u00e9"}]},{"@type":"WebSite","@id":"https:\/\/lepotentiel.bj\/#website","url":"https:\/\/lepotentiel.bj\/","name":"Le Potentiel","description":"Le Potentiel, au service de l\u2019information, nous sommes les fantassins du droit de savoir","publisher":{"@id":"https:\/\/lepotentiel.bj\/#organization"},"potentialAction":[{"@type":"SearchAction","target":{"@type":"EntryPoint","urlTemplate":"https:\/\/lepotentiel.bj\/?s={search_term_string}"},"query-input":{"@type":"PropertyValueSpecification","valueRequired":true,"valueName":"search_term_string"}}],"inLanguage":"fr-FR"},{"@type":"Organization","@id":"https:\/\/lepotentiel.bj\/#organization","name":"Le Potentiel","url":"https:\/\/lepotentiel.bj\/","logo":{"@type":"ImageObject","inLanguage":"fr-FR","@id":"https:\/\/lepotentiel.bj\/#\/schema\/logo\/image\/","url":"https:\/\/lepotentiel.bj\/wp-content\/uploads\/2023\/12\/logo-pot.jpg","contentUrl":"https:\/\/lepotentiel.bj\/wp-content\/uploads\/2023\/12\/logo-pot.jpg","width":562,"height":84,"caption":"Le Potentiel"},"image":{"@id":"https:\/\/lepotentiel.bj\/#\/schema\/logo\/image\/"}},{"@type":"Person","@id":"https:\/\/lepotentiel.bj\/#\/schema\/person\/52186ff1225863d2b725dfd954763012","name":"Frejus SENOU","image":{"@type":"ImageObject","inLanguage":"fr-FR","@id":"https:\/\/secure.gravatar.com\/avatar\/189d5ec84114548a68d5e0470a1e6ee6eb4f0ba26a6cb0f3353e39d90bdc8449?s=96&d=mm&r=g","url":"https:\/\/secure.gravatar.com\/avatar\/189d5ec84114548a68d5e0470a1e6ee6eb4f0ba26a6cb0f3353e39d90bdc8449?s=96&d=mm&r=g","contentUrl":"https:\/\/secure.gravatar.com\/avatar\/189d5ec84114548a68d5e0470a1e6ee6eb4f0ba26a6cb0f3353e39d90bdc8449?s=96&d=mm&r=g","caption":"Frejus SENOU"},"url":"https:\/\/lepotentiel.bj\/?author=17"}]}},"_links":{"self":[{"href":"https:\/\/lepotentiel.bj\/index.php?rest_route=\/wp\/v2\/posts\/87394","targetHints":{"allow":["GET"]}}],"collection":[{"href":"https:\/\/lepotentiel.bj\/index.php?rest_route=\/wp\/v2\/posts"}],"about":[{"href":"https:\/\/lepotentiel.bj\/index.php?rest_route=\/wp\/v2\/types\/post"}],"author":[{"embeddable":true,"href":"https:\/\/lepotentiel.bj\/index.php?rest_route=\/wp\/v2\/users\/17"}],"replies":[{"embeddable":true,"href":"https:\/\/lepotentiel.bj\/index.php?rest_route=%2Fwp%2Fv2%2Fcomments&post=87394"}],"version-history":[{"count":4,"href":"https:\/\/lepotentiel.bj\/index.php?rest_route=\/wp\/v2\/posts\/87394\/revisions"}],"predecessor-version":[{"id":87410,"href":"https:\/\/lepotentiel.bj\/index.php?rest_route=\/wp\/v2\/posts\/87394\/revisions\/87410"}],"wp:featuredmedia":[{"embeddable":true,"href":"https:\/\/lepotentiel.bj\/index.php?rest_route=\/wp\/v2\/media\/87402"}],"wp:attachment":[{"href":"https:\/\/lepotentiel.bj\/index.php?rest_route=%2Fwp%2Fv2%2Fmedia&parent=87394"}],"wp:term":[{"taxonomy":"category","embeddable":true,"href":"https:\/\/lepotentiel.bj\/index.php?rest_route=%2Fwp%2Fv2%2Fcategories&post=87394"},{"taxonomy":"post_tag","embeddable":true,"href":"https:\/\/lepotentiel.bj\/index.php?rest_route=%2Fwp%2Fv2%2Ftags&post=87394"}],"curies":[{"name":"wp","href":"https:\/\/api.w.org\/{rel}","templated":true}]}}