{"id":87396,"date":"2026-09-03T10:37:49","date_gmt":"2026-09-03T08:37:49","guid":{"rendered":"https:\/\/lepotentiel.bj\/?p=87396"},"modified":"2026-09-03T10:37:49","modified_gmt":"2026-09-03T08:37:49","slug":"acces-a-lelectricite-en-milieu-rural-au-benin-douze-localites-bientot-desservies-en-electricite","status":"publish","type":"post","link":"https:\/\/lepotentiel.bj\/?p=87396","title":{"rendered":"Acc\u00e8s \u00e0 l\u2019\u00e9lectricit\u00e9 en milieu rural au B\u00e9nin: Douze localit\u00e9s bient\u00f4t desservies en \u00e9lectricit\u00e9"},"content":{"rendered":"<p style=\"text-align: justify;\">Apr\u00e8s plusieurs semaines de cong\u00e9s, le gouvernement b\u00e9ninois a renou\u00e9 avec son rythme habituel de travail. Les membres de l\u2019ex\u00e9cutif se sont retrouv\u00e9s mercredi 2 septembre 2026 au Palais de la Marina pour la premi\u00e8re s\u00e9ance du Conseil des ministres apr\u00e8s cette p\u00e9riode de repos.<\/p>\n<p style=\"text-align: justify;\">\n<p style=\"text-align: justify;\">Parmi les d\u00e9cisions examin\u00e9es figure un projet consacr\u00e9 \u00e0 l\u2019acc\u00e8s \u00e0 l\u2019\u00e9lectricit\u00e9 en milieu rural. Le gouvernement a donn\u00e9 son accord \u00e0 la signature de conventions de concession pour l\u2019\u00e9lectrification hors-r\u00e9seau de douze localit\u00e9s r\u00e9parties dans plusieurs communes du pays.<\/p>\n<p style=\"text-align: justify;\">\n<p style=\"text-align: justify;\"><strong>Douze localit\u00e9s cibl\u00e9es par le projet\u00a0<\/strong><\/p>\n<p style=\"text-align: justify;\">\n<p style=\"text-align: justify;\">Les installations pr\u00e9vues doivent b\u00e9n\u00e9ficier \u00e0 des populations qui ne sont pas encore desservies par le r\u00e9seau \u00e9lectrique interconnect\u00e9. Le programme couvre notamment Ahogb\u00e8ya, dans la commune de Klou\u00e9kanm\u00e8, Godohou \u00e0 Aplahou\u00e9 et Tchito \u00e0 Lalo. Sont \u00e9galement concern\u00e9es Gbakpodji, dans la commune de Bopa, Avloh centre \u00e0 Grand-Popo, ainsi qu\u2019Ahokanmey, Gobaix et Setto \u00e0 Djidja. \u00c0 Abomey, la localit\u00e9 d\u2019Akouessa est retenue, tandis qu\u2019Avlam\u00e9, Koussoukpa et Kpokissa b\u00e9n\u00e9ficieront du projet dans la commune de Zogbodomey.<\/p>\n<p style=\"text-align: justify;\">\n<p style=\"text-align: justify;\"><strong>L\u2019\u00e9lectricit\u00e9 pour soutenir l\u2019\u00e9conomie locale<\/strong><\/p>\n<p style=\"text-align: justify;\">\n<p style=\"text-align: justify;\">Au-del\u00e0 de l\u2019am\u00e9lioration de l\u2019acc\u00e8s \u00e0 l\u2019\u00e9nergie, les installations attendues doivent contribuer \u00e0 transformer les conditions de vie dans les zones cibl\u00e9es. La disponibilit\u00e9 de l\u2019\u00e9lectricit\u00e9 devrait favoriser le d\u00e9veloppement d\u2019activit\u00e9s g\u00e9n\u00e9ratrices de revenus au sein des m\u00e9nages ruraux.<\/p>\n<p style=\"text-align: justify;\">\n<p style=\"text-align: justify;\"><strong>Laura LEKE<\/strong><\/p>\n","protected":false},"excerpt":{"rendered":"<p>Apr\u00e8s plusieurs semaines de cong\u00e9s, le gouvernement b\u00e9ninois a renou\u00e9 avec son rythme habituel de travail. Les membres de l\u2019ex\u00e9cutif se sont retrouv\u00e9s mercredi 2 septembre 2026 au Palais de la Marina pour la premi\u00e8re s\u00e9ance du Conseil des ministres apr\u00e8s cette p\u00e9riode de repos. Parmi les d\u00e9cisions examin\u00e9es figure un projet consacr\u00e9 \u00e0 l\u2019acc\u00e8s [&hellip;]<\/p>\n","protected":false},"author":18,"featured_media":87397,"comment_status":"open","ping_status":"open","sticky":false,"template":"","format":"standard","meta":{"footnotes":""},"categories":[34],"tags":[],"class_list":["post-87396","post","type-post","status-publish","format-standard","has-post-thumbnail","hentry","category-actualite"],"yoast_head":"<!-- This site is optimized with the Yoast SEO plugin v28.2 - https:\/\/yoast.com\/product\/yoast-seo-wordpress\/ -->\n<title>Acc\u00e8s \u00e0 l\u2019\u00e9lectricit\u00e9 en milieu rural au B\u00e9nin: Douze localit\u00e9s bient\u00f4t desservies en \u00e9lectricit\u00e9 - Le Potentiel<\/title>\n<meta name=\"robots\" content=\"index, follow, max-snippet:-1, max-image-preview:large, max-video-preview:-1\" \/>\n<link rel=\"canonical\" href=\"https:\/\/lepotentiel.bj\/?p=87396\" \/>\n<meta property=\"og:locale\" content=\"fr_FR\" \/>\n<meta property=\"og:type\" content=\"article\" \/>\n<meta property=\"og:title\" content=\"Acc\u00e8s \u00e0 l\u2019\u00e9lectricit\u00e9 en milieu rural au B\u00e9nin: Douze localit\u00e9s bient\u00f4t desservies en \u00e9lectricit\u00e9 - Le Potentiel\" \/>\n<meta property=\"og:description\" content=\"Apr\u00e8s plusieurs semaines de cong\u00e9s, le gouvernement b\u00e9ninois a renou\u00e9 avec son rythme habituel de travail. Les membres de l\u2019ex\u00e9cutif se sont retrouv\u00e9s mercredi 2 septembre 2026 au Palais de la Marina pour la premi\u00e8re s\u00e9ance du Conseil des ministres apr\u00e8s cette p\u00e9riode de repos. Parmi les d\u00e9cisions examin\u00e9es figure un projet consacr\u00e9 \u00e0 l\u2019acc\u00e8s [&hellip;]\" \/>\n<meta property=\"og:url\" content=\"https:\/\/lepotentiel.bj\/?p=87396\" \/>\n<meta property=\"og:site_name\" content=\"Le Potentiel\" \/>\n<meta property=\"article:published_time\" content=\"2026-09-03T08:37:49+00:00\" \/>\n<meta property=\"og:image\" content=\"https:\/\/lepotentiel.bj\/wp-content\/uploads\/2026\/09\/article-583.jpg\" \/>\n\t<meta property=\"og:image:width\" content=\"550\" \/>\n\t<meta property=\"og:image:height\" content=\"289\" \/>\n\t<meta property=\"og:image:type\" content=\"image\/jpeg\" \/>\n<meta name=\"author\" content=\"Laura\" \/>\n<meta name=\"twitter:card\" content=\"summary_large_image\" \/>\n<meta name=\"twitter:label1\" content=\"\u00c9crit par\" \/>\n\t<meta name=\"twitter:data1\" content=\"Laura\" \/>\n\t<meta name=\"twitter:label2\" content=\"Dur\u00e9e de lecture estim\u00e9e\" \/>\n\t<meta name=\"twitter:data2\" content=\"2 minutes\" \/>\n<script type=\"application\/ld+json\" class=\"yoast-schema-graph\">{\"@context\":\"https:\\\/\\\/schema.org\",\"@graph\":[{\"@type\":\"Article\",\"@id\":\"https:\\\/\\\/lepotentiel.bj\\\/?p=87396#article\",\"isPartOf\":{\"@id\":\"https:\\\/\\\/lepotentiel.bj\\\/?p=87396\"},\"author\":{\"name\":\"Laura\",\"@id\":\"https:\\\/\\\/lepotentiel.bj\\\/#\\\/schema\\\/person\\\/001def78e1eafec4b5733ea184d49dd0\"},\"headline\":\"Acc\u00e8s \u00e0 l\u2019\u00e9lectricit\u00e9 en milieu rural au B\u00e9nin: Douze localit\u00e9s bient\u00f4t desservies en \u00e9lectricit\u00e9\",\"datePublished\":\"2026-09-03T08:37:49+00:00\",\"mainEntityOfPage\":{\"@id\":\"https:\\\/\\\/lepotentiel.bj\\\/?p=87396\"},\"wordCount\":266,\"commentCount\":0,\"publisher\":{\"@id\":\"https:\\\/\\\/lepotentiel.bj\\\/#organization\"},\"image\":{\"@id\":\"https:\\\/\\\/lepotentiel.bj\\\/?p=87396#primaryimage\"},\"thumbnailUrl\":\"https:\\\/\\\/lepotentiel.bj\\\/wp-content\\\/uploads\\\/2026\\\/09\\\/article-583.jpg\",\"articleSection\":[\"Actualit\u00e9\"],\"inLanguage\":\"fr-FR\",\"potentialAction\":[{\"@type\":\"CommentAction\",\"name\":\"Comment\",\"target\":[\"https:\\\/\\\/lepotentiel.bj\\\/?p=87396#respond\"]}]},{\"@type\":\"WebPage\",\"@id\":\"https:\\\/\\\/lepotentiel.bj\\\/?p=87396\",\"url\":\"https:\\\/\\\/lepotentiel.bj\\\/?p=87396\",\"name\":\"Acc\u00e8s \u00e0 l\u2019\u00e9lectricit\u00e9 en milieu rural au B\u00e9nin: Douze localit\u00e9s bient\u00f4t desservies en \u00e9lectricit\u00e9 - Le Potentiel\",\"isPartOf\":{\"@id\":\"https:\\\/\\\/lepotentiel.bj\\\/#website\"},\"primaryImageOfPage\":{\"@id\":\"https:\\\/\\\/lepotentiel.bj\\\/?p=87396#primaryimage\"},\"image\":{\"@id\":\"https:\\\/\\\/lepotentiel.bj\\\/?p=87396#primaryimage\"},\"thumbnailUrl\":\"https:\\\/\\\/lepotentiel.bj\\\/wp-content\\\/uploads\\\/2026\\\/09\\\/article-583.jpg\",\"datePublished\":\"2026-09-03T08:37:49+00:00\",\"breadcrumb\":{\"@id\":\"https:\\\/\\\/lepotentiel.bj\\\/?p=87396#breadcrumb\"},\"inLanguage\":\"fr-FR\",\"potentialAction\":[{\"@type\":\"ReadAction\",\"target\":[\"https:\\\/\\\/lepotentiel.bj\\\/?p=87396\"]}]},{\"@type\":\"ImageObject\",\"inLanguage\":\"fr-FR\",\"@id\":\"https:\\\/\\\/lepotentiel.bj\\\/?p=87396#primaryimage\",\"url\":\"https:\\\/\\\/lepotentiel.bj\\\/wp-content\\\/uploads\\\/2026\\\/09\\\/article-583.jpg\",\"contentUrl\":\"https:\\\/\\\/lepotentiel.bj\\\/wp-content\\\/uploads\\\/2026\\\/09\\\/article-583.jpg\",\"width\":550,\"height\":289},{\"@type\":\"BreadcrumbList\",\"@id\":\"https:\\\/\\\/lepotentiel.bj\\\/?p=87396#breadcrumb\",\"itemListElement\":[{\"@type\":\"ListItem\",\"position\":1,\"name\":\"Accueil\",\"item\":\"https:\\\/\\\/lepotentiel.bj\\\/\"},{\"@type\":\"ListItem\",\"position\":2,\"name\":\"Acc\u00e8s \u00e0 l\u2019\u00e9lectricit\u00e9 en milieu rural au B\u00e9nin: Douze localit\u00e9s bient\u00f4t desservies en \u00e9lectricit\u00e9\"}]},{\"@type\":\"WebSite\",\"@id\":\"https:\\\/\\\/lepotentiel.bj\\\/#website\",\"url\":\"https:\\\/\\\/lepotentiel.bj\\\/\",\"name\":\"Le Potentiel\",\"description\":\"Le Potentiel, au service de l\u2019information, nous sommes les fantassins du droit de savoir\",\"publisher\":{\"@id\":\"https:\\\/\\\/lepotentiel.bj\\\/#organization\"},\"potentialAction\":[{\"@type\":\"SearchAction\",\"target\":{\"@type\":\"EntryPoint\",\"urlTemplate\":\"https:\\\/\\\/lepotentiel.bj\\\/?s={search_term_string}\"},\"query-input\":{\"@type\":\"PropertyValueSpecification\",\"valueRequired\":true,\"valueName\":\"search_term_string\"}}],\"inLanguage\":\"fr-FR\"},{\"@type\":\"Organization\",\"@id\":\"https:\\\/\\\/lepotentiel.bj\\\/#organization\",\"name\":\"Le Potentiel\",\"url\":\"https:\\\/\\\/lepotentiel.bj\\\/\",\"logo\":{\"@type\":\"ImageObject\",\"inLanguage\":\"fr-FR\",\"@id\":\"https:\\\/\\\/lepotentiel.bj\\\/#\\\/schema\\\/logo\\\/image\\\/\",\"url\":\"https:\\\/\\\/lepotentiel.bj\\\/wp-content\\\/uploads\\\/2023\\\/12\\\/logo-pot.jpg\",\"contentUrl\":\"https:\\\/\\\/lepotentiel.bj\\\/wp-content\\\/uploads\\\/2023\\\/12\\\/logo-pot.jpg\",\"width\":562,\"height\":84,\"caption\":\"Le Potentiel\"},\"image\":{\"@id\":\"https:\\\/\\\/lepotentiel.bj\\\/#\\\/schema\\\/logo\\\/image\\\/\"}},{\"@type\":\"Person\",\"@id\":\"https:\\\/\\\/lepotentiel.bj\\\/#\\\/schema\\\/person\\\/001def78e1eafec4b5733ea184d49dd0\",\"name\":\"Laura\",\"image\":{\"@type\":\"ImageObject\",\"inLanguage\":\"fr-FR\",\"@id\":\"https:\\\/\\\/secure.gravatar.com\\\/avatar\\\/46e54a01dd5785f370a6c40e9cfe54ebcfd939154e6505072fe15421c0d32893?s=96&d=mm&r=g\",\"url\":\"https:\\\/\\\/secure.gravatar.com\\\/avatar\\\/46e54a01dd5785f370a6c40e9cfe54ebcfd939154e6505072fe15421c0d32893?s=96&d=mm&r=g\",\"contentUrl\":\"https:\\\/\\\/secure.gravatar.com\\\/avatar\\\/46e54a01dd5785f370a6c40e9cfe54ebcfd939154e6505072fe15421c0d32893?s=96&d=mm&r=g\",\"caption\":\"Laura\"},\"url\":\"https:\\\/\\\/lepotentiel.bj\\\/?author=18\"}]}<\/script>\n<!-- \/ Yoast SEO plugin. -->","yoast_head_json":{"title":"Acc\u00e8s \u00e0 l\u2019\u00e9lectricit\u00e9 en milieu rural au B\u00e9nin: Douze localit\u00e9s bient\u00f4t desservies en \u00e9lectricit\u00e9 - Le Potentiel","robots":{"index":"index","follow":"follow","max-snippet":"max-snippet:-1","max-image-preview":"max-image-preview:large","max-video-preview":"max-video-preview:-1"},"canonical":"https:\/\/lepotentiel.bj\/?p=87396","og_locale":"fr_FR","og_type":"article","og_title":"Acc\u00e8s \u00e0 l\u2019\u00e9lectricit\u00e9 en milieu rural au B\u00e9nin: Douze localit\u00e9s bient\u00f4t desservies en \u00e9lectricit\u00e9 - Le Potentiel","og_description":"Apr\u00e8s plusieurs semaines de cong\u00e9s, le gouvernement b\u00e9ninois a renou\u00e9 avec son rythme habituel de travail. Les membres de l\u2019ex\u00e9cutif se sont retrouv\u00e9s mercredi 2 septembre 2026 au Palais de la Marina pour la premi\u00e8re s\u00e9ance du Conseil des ministres apr\u00e8s cette p\u00e9riode de repos. Parmi les d\u00e9cisions examin\u00e9es figure un projet consacr\u00e9 \u00e0 l\u2019acc\u00e8s [&hellip;]","og_url":"https:\/\/lepotentiel.bj\/?p=87396","og_site_name":"Le Potentiel","article_published_time":"2026-09-03T08:37:49+00:00","og_image":[{"width":550,"height":289,"url":"https:\/\/lepotentiel.bj\/wp-content\/uploads\/2026\/09\/article-583.jpg","type":"image\/jpeg"}],"author":"Laura","twitter_card":"summary_large_image","twitter_misc":{"\u00c9crit par":"Laura","Dur\u00e9e de lecture estim\u00e9e":"2 minutes"},"schema":{"@context":"https:\/\/schema.org","@graph":[{"@type":"Article","@id":"https:\/\/lepotentiel.bj\/?p=87396#article","isPartOf":{"@id":"https:\/\/lepotentiel.bj\/?p=87396"},"author":{"name":"Laura","@id":"https:\/\/lepotentiel.bj\/#\/schema\/person\/001def78e1eafec4b5733ea184d49dd0"},"headline":"Acc\u00e8s \u00e0 l\u2019\u00e9lectricit\u00e9 en milieu rural au B\u00e9nin: Douze localit\u00e9s bient\u00f4t desservies en \u00e9lectricit\u00e9","datePublished":"2026-09-03T08:37:49+00:00","mainEntityOfPage":{"@id":"https:\/\/lepotentiel.bj\/?p=87396"},"wordCount":266,"commentCount":0,"publisher":{"@id":"https:\/\/lepotentiel.bj\/#organization"},"image":{"@id":"https:\/\/lepotentiel.bj\/?p=87396#primaryimage"},"thumbnailUrl":"https:\/\/lepotentiel.bj\/wp-content\/uploads\/2026\/09\/article-583.jpg","articleSection":["Actualit\u00e9"],"inLanguage":"fr-FR","potentialAction":[{"@type":"CommentAction","name":"Comment","target":["https:\/\/lepotentiel.bj\/?p=87396#respond"]}]},{"@type":"WebPage","@id":"https:\/\/lepotentiel.bj\/?p=87396","url":"https:\/\/lepotentiel.bj\/?p=87396","name":"Acc\u00e8s \u00e0 l\u2019\u00e9lectricit\u00e9 en milieu rural au B\u00e9nin: Douze localit\u00e9s bient\u00f4t desservies en \u00e9lectricit\u00e9 - Le Potentiel","isPartOf":{"@id":"https:\/\/lepotentiel.bj\/#website"},"primaryImageOfPage":{"@id":"https:\/\/lepotentiel.bj\/?p=87396#primaryimage"},"image":{"@id":"https:\/\/lepotentiel.bj\/?p=87396#primaryimage"},"thumbnailUrl":"https:\/\/lepotentiel.bj\/wp-content\/uploads\/2026\/09\/article-583.jpg","datePublished":"2026-09-03T08:37:49+00:00","breadcrumb":{"@id":"https:\/\/lepotentiel.bj\/?p=87396#breadcrumb"},"inLanguage":"fr-FR","potentialAction":[{"@type":"ReadAction","target":["https:\/\/lepotentiel.bj\/?p=87396"]}]},{"@type":"ImageObject","inLanguage":"fr-FR","@id":"https:\/\/lepotentiel.bj\/?p=87396#primaryimage","url":"https:\/\/lepotentiel.bj\/wp-content\/uploads\/2026\/09\/article-583.jpg","contentUrl":"https:\/\/lepotentiel.bj\/wp-content\/uploads\/2026\/09\/article-583.jpg","width":550,"height":289},{"@type":"BreadcrumbList","@id":"https:\/\/lepotentiel.bj\/?p=87396#breadcrumb","itemListElement":[{"@type":"ListItem","position":1,"name":"Accueil","item":"https:\/\/lepotentiel.bj\/"},{"@type":"ListItem","position":2,"name":"Acc\u00e8s \u00e0 l\u2019\u00e9lectricit\u00e9 en milieu rural au B\u00e9nin: Douze localit\u00e9s bient\u00f4t desservies en \u00e9lectricit\u00e9"}]},{"@type":"WebSite","@id":"https:\/\/lepotentiel.bj\/#website","url":"https:\/\/lepotentiel.bj\/","name":"Le Potentiel","description":"Le Potentiel, au service de l\u2019information, nous sommes les fantassins du droit de savoir","publisher":{"@id":"https:\/\/lepotentiel.bj\/#organization"},"potentialAction":[{"@type":"SearchAction","target":{"@type":"EntryPoint","urlTemplate":"https:\/\/lepotentiel.bj\/?s={search_term_string}"},"query-input":{"@type":"PropertyValueSpecification","valueRequired":true,"valueName":"search_term_string"}}],"inLanguage":"fr-FR"},{"@type":"Organization","@id":"https:\/\/lepotentiel.bj\/#organization","name":"Le Potentiel","url":"https:\/\/lepotentiel.bj\/","logo":{"@type":"ImageObject","inLanguage":"fr-FR","@id":"https:\/\/lepotentiel.bj\/#\/schema\/logo\/image\/","url":"https:\/\/lepotentiel.bj\/wp-content\/uploads\/2023\/12\/logo-pot.jpg","contentUrl":"https:\/\/lepotentiel.bj\/wp-content\/uploads\/2023\/12\/logo-pot.jpg","width":562,"height":84,"caption":"Le Potentiel"},"image":{"@id":"https:\/\/lepotentiel.bj\/#\/schema\/logo\/image\/"}},{"@type":"Person","@id":"https:\/\/lepotentiel.bj\/#\/schema\/person\/001def78e1eafec4b5733ea184d49dd0","name":"Laura","image":{"@type":"ImageObject","inLanguage":"fr-FR","@id":"https:\/\/secure.gravatar.com\/avatar\/46e54a01dd5785f370a6c40e9cfe54ebcfd939154e6505072fe15421c0d32893?s=96&d=mm&r=g","url":"https:\/\/secure.gravatar.com\/avatar\/46e54a01dd5785f370a6c40e9cfe54ebcfd939154e6505072fe15421c0d32893?s=96&d=mm&r=g","contentUrl":"https:\/\/secure.gravatar.com\/avatar\/46e54a01dd5785f370a6c40e9cfe54ebcfd939154e6505072fe15421c0d32893?s=96&d=mm&r=g","caption":"Laura"},"url":"https:\/\/lepotentiel.bj\/?author=18"}]}},"_links":{"self":[{"href":"https:\/\/lepotentiel.bj\/index.php?rest_route=\/wp\/v2\/posts\/87396","targetHints":{"allow":["GET"]}}],"collection":[{"href":"https:\/\/lepotentiel.bj\/index.php?rest_route=\/wp\/v2\/posts"}],"about":[{"href":"https:\/\/lepotentiel.bj\/index.php?rest_route=\/wp\/v2\/types\/post"}],"author":[{"embeddable":true,"href":"https:\/\/lepotentiel.bj\/index.php?rest_route=\/wp\/v2\/users\/18"}],"replies":[{"embeddable":true,"href":"https:\/\/lepotentiel.bj\/index.php?rest_route=%2Fwp%2Fv2%2Fcomments&post=87396"}],"version-history":[{"count":1,"href":"https:\/\/lepotentiel.bj\/index.php?rest_route=\/wp\/v2\/posts\/87396\/revisions"}],"predecessor-version":[{"id":87398,"href":"https:\/\/lepotentiel.bj\/index.php?rest_route=\/wp\/v2\/posts\/87396\/revisions\/87398"}],"wp:featuredmedia":[{"embeddable":true,"href":"https:\/\/lepotentiel.bj\/index.php?rest_route=\/wp\/v2\/media\/87397"}],"wp:attachment":[{"href":"https:\/\/lepotentiel.bj\/index.php?rest_route=%2Fwp%2Fv2%2Fmedia&parent=87396"}],"wp:term":[{"taxonomy":"category","embeddable":true,"href":"https:\/\/lepotentiel.bj\/index.php?rest_route=%2Fwp%2Fv2%2Fcategories&post=87396"},{"taxonomy":"post_tag","embeddable":true,"href":"https:\/\/lepotentiel.bj\/index.php?rest_route=%2Fwp%2Fv2%2Ftags&post=87396"}],"curies":[{"name":"wp","href":"https:\/\/api.w.org\/{rel}","templated":true}]}}