{"id":87403,"date":"2026-09-03T11:50:43","date_gmt":"2026-09-03T09:50:43","guid":{"rendered":"https:\/\/lepotentiel.bj\/?p=87403"},"modified":"2026-09-03T11:50:43","modified_gmt":"2026-09-03T09:50:43","slug":"inclusion-sociale-et-egalite-des-chances-de-nouvelles-mesures-pour-renforcer-lautonomie-des-personnes-en-situation-de-handicap","status":"publish","type":"post","link":"https:\/\/lepotentiel.bj\/?p=87403","title":{"rendered":"Inclusion sociale et \u00e9galit\u00e9 des chances: De nouvelles mesures pour renforcer l\u2019autonomie des personnes en situation de handicap"},"content":{"rendered":"<p style=\"text-align: justify;\">Le gouvernement b\u00e9ninois renforce son dispositif en faveur des personnes en situation de handicap. \u00c0 travers une s\u00e9rie de mesures adopt\u00e9es en conseil des ministres, l\u2019ex\u00e9cutif entend am\u00e9liorer leur acc\u00e8s \u00e0 l\u2019\u00e9ducation, \u00e0 la mobilit\u00e9 et aux opportunit\u00e9s \u00e9conomiques, tout en consolidant les m\u00e9canismes d\u2019inclusion sociale.<\/p>\n<p style=\"text-align: justify;\">\n<p style=\"text-align: justify;\">La scolarisation constitue l\u2019un des premiers volets de ce nouveau dispositif. L\u2019\u00c9tat pr\u00e9voit d\u2019exon\u00e9rer de frais de scolarit\u00e9 5 000 \u00e9l\u00e8ves handicap\u00e9s pr\u00e9sentant un taux d\u2019incapacit\u00e9 important. La mesure s\u2019appliquera dans les \u00e9tablissements publics de l\u2019enseignement secondaire ordinaire, ainsi que dans les centres de promotion sociale des aveugles et les centres publics de scolarisation des enfants sourds.<\/p>\n<p style=\"text-align: justify;\">Des \u00e9quipements pour faciliter la mobilit\u00e9<\/p>\n<p style=\"text-align: justify;\">\n<p style=\"text-align: justify;\">Le gouvernement entend \u00e9galement agir sur les conditions de mobilit\u00e9 des personnes handicap\u00e9es en situation de vuln\u00e9rabilit\u00e9. \u00c0 cet effet, des aides techniques et \u00e9quipements adapt\u00e9s seront mis \u00e0 leur disposition afin de renforcer leur autonomie fonctionnelle. Les b\u00e9n\u00e9ficiaires pourront notamment recevoir des fauteuils roulants, des tricycles, des b\u00e9quilles, des cannes blanches, des d\u00e9ambulateurs et d\u2019autres dispositifs r\u00e9pondant \u00e0 leurs besoins sp\u00e9cifiques. Selon les pr\u00e9visions \u00e9tablies, pr\u00e8s de 1 000 personnes devraient b\u00e9n\u00e9ficier chaque ann\u00e9e de cet appui. Cette intervention vise en principe \u00e0 faciliter leurs d\u00e9placements et \u00e0 favoriser une participation plus autonome \u00e0 la vie sociale et \u00e9conomique.<\/p>\n<p style=\"text-align: justify;\">\n<p style=\"text-align: justify;\">Le volet consacr\u00e9 \u00e0 l\u2019autonomisation \u00e9conomique conna\u00eet \u00e9galement une \u00e9volution. L\u2019enveloppe annuelle destin\u00e9e au financement des initiatives entrepreneuriales des personnes handicap\u00e9es passera de 200 millions \u00e0 400 millions de FCFA. Le doublement de cette allocation doit permettre d\u2019\u00e9largir le nombre de b\u00e9n\u00e9ficiaires et de renforcer l\u2019accompagnement des porteurs de projets. Les ressources mobilis\u00e9es serviront \u00e0 financer les intrants, les formations et les technologies n\u00e9cessaires \u00e0 la cr\u00e9ation, au d\u00e9veloppement et \u00e0 l\u2019am\u00e9lioration de la comp\u00e9titivit\u00e9 des entreprises concern\u00e9es.<\/p>\n<p style=\"text-align: justify;\">\n<p style=\"text-align: justify;\">Ces nouvelles dispositions s\u2019inscrivent dans la continuit\u00e9 des actions engag\u00e9es par l\u2019\u00c9tat ces derni\u00e8res ann\u00e9es en faveur des personnes handicap\u00e9es. Elles s\u2019appuient sur la loi n\u00b02017-06 du 29 septembre 2017 portant protection et promotion des droits des personnes handicap\u00e9es en R\u00e9publique du B\u00e9nin, ainsi que sur les textes pris pour sa mise en \u0153uvre. Les autorit\u00e9s rappellent que plusieurs mesures ont d\u00e9j\u00e0 \u00e9t\u00e9 engag\u00e9es, telles que: la d\u00e9livrance de milliers de cartes d\u2019\u00e9galit\u00e9 des chances, l\u2019accompagnement de centaines d\u2019entrepreneurs handicap\u00e9s et le recrutement de plus de 50 personnes handicap\u00e9es dans le cadre du quota de 5 % pr\u00e9vu dans la fonction publique. Une majoration de cinq ans de la limite d\u2019\u00e2ge a \u00e9galement \u00e9t\u00e9 accord\u00e9e pour certains concours et recrutements publics. La mise en \u0153uvre des nouvelles mesures sera suivie par la ministre de la famille et des affaires sociales, en collaboration avec les autres d\u00e9partements minist\u00e9riels concern\u00e9s.<\/p>\n<p style=\"text-align: justify;\">\n<p style=\"text-align: justify;\"><strong>Laura LEKE<\/strong><\/p>\n","protected":false},"excerpt":{"rendered":"<p>Le gouvernement b\u00e9ninois renforce son dispositif en faveur des personnes en situation de handicap. \u00c0 travers une s\u00e9rie de mesures adopt\u00e9es en conseil des ministres, l\u2019ex\u00e9cutif entend am\u00e9liorer leur acc\u00e8s \u00e0 l\u2019\u00e9ducation, \u00e0 la mobilit\u00e9 et aux opportunit\u00e9s \u00e9conomiques, tout en consolidant les m\u00e9canismes d\u2019inclusion sociale. La scolarisation constitue l\u2019un des premiers volets de ce [&hellip;]<\/p>\n","protected":false},"author":18,"featured_media":87404,"comment_status":"open","ping_status":"open","sticky":false,"template":"","format":"standard","meta":{"footnotes":""},"categories":[34],"tags":[],"class_list":["post-87403","post","type-post","status-publish","format-standard","has-post-thumbnail","hentry","category-actualite"],"yoast_head":"<!-- This site is optimized with the Yoast SEO plugin v28.2 - https:\/\/yoast.com\/product\/yoast-seo-wordpress\/ -->\n<title>Inclusion sociale et \u00e9galit\u00e9 des chances: De nouvelles mesures pour renforcer l\u2019autonomie des personnes en situation de handicap - Le Potentiel<\/title>\n<meta name=\"robots\" content=\"index, follow, max-snippet:-1, max-image-preview:large, max-video-preview:-1\" \/>\n<link rel=\"canonical\" href=\"https:\/\/lepotentiel.bj\/?p=87403\" \/>\n<meta property=\"og:locale\" content=\"fr_FR\" \/>\n<meta property=\"og:type\" content=\"article\" \/>\n<meta property=\"og:title\" content=\"Inclusion sociale et \u00e9galit\u00e9 des chances: De nouvelles mesures pour renforcer l\u2019autonomie des personnes en situation de handicap - Le Potentiel\" \/>\n<meta property=\"og:description\" content=\"Le gouvernement b\u00e9ninois renforce son dispositif en faveur des personnes en situation de handicap. \u00c0 travers une s\u00e9rie de mesures adopt\u00e9es en conseil des ministres, l\u2019ex\u00e9cutif entend am\u00e9liorer leur acc\u00e8s \u00e0 l\u2019\u00e9ducation, \u00e0 la mobilit\u00e9 et aux opportunit\u00e9s \u00e9conomiques, tout en consolidant les m\u00e9canismes d\u2019inclusion sociale. La scolarisation constitue l\u2019un des premiers volets de ce [&hellip;]\" \/>\n<meta property=\"og:url\" content=\"https:\/\/lepotentiel.bj\/?p=87403\" \/>\n<meta property=\"og:site_name\" content=\"Le Potentiel\" \/>\n<meta property=\"article:published_time\" content=\"2026-09-03T09:50:43+00:00\" \/>\n<meta property=\"og:image\" content=\"https:\/\/lepotentiel.bj\/wp-content\/uploads\/2026\/09\/personnes-handicapees-750x375-1.jpeg\" \/>\n\t<meta property=\"og:image:width\" content=\"750\" \/>\n\t<meta property=\"og:image:height\" content=\"375\" \/>\n\t<meta property=\"og:image:type\" content=\"image\/jpeg\" \/>\n<meta name=\"author\" content=\"Laura\" \/>\n<meta name=\"twitter:card\" content=\"summary_large_image\" \/>\n<meta name=\"twitter:label1\" content=\"\u00c9crit par\" \/>\n\t<meta name=\"twitter:data1\" content=\"Laura\" \/>\n\t<meta name=\"twitter:label2\" content=\"Dur\u00e9e de lecture estim\u00e9e\" \/>\n\t<meta name=\"twitter:data2\" content=\"3 minutes\" \/>\n<script type=\"application\/ld+json\" class=\"yoast-schema-graph\">{\"@context\":\"https:\\\/\\\/schema.org\",\"@graph\":[{\"@type\":\"Article\",\"@id\":\"https:\\\/\\\/lepotentiel.bj\\\/?p=87403#article\",\"isPartOf\":{\"@id\":\"https:\\\/\\\/lepotentiel.bj\\\/?p=87403\"},\"author\":{\"name\":\"Laura\",\"@id\":\"https:\\\/\\\/lepotentiel.bj\\\/#\\\/schema\\\/person\\\/001def78e1eafec4b5733ea184d49dd0\"},\"headline\":\"Inclusion sociale et \u00e9galit\u00e9 des chances: De nouvelles mesures pour renforcer l\u2019autonomie des personnes en situation de handicap\",\"datePublished\":\"2026-09-03T09:50:43+00:00\",\"mainEntityOfPage\":{\"@id\":\"https:\\\/\\\/lepotentiel.bj\\\/?p=87403\"},\"wordCount\":512,\"commentCount\":0,\"publisher\":{\"@id\":\"https:\\\/\\\/lepotentiel.bj\\\/#organization\"},\"image\":{\"@id\":\"https:\\\/\\\/lepotentiel.bj\\\/?p=87403#primaryimage\"},\"thumbnailUrl\":\"https:\\\/\\\/lepotentiel.bj\\\/wp-content\\\/uploads\\\/2026\\\/09\\\/personnes-handicapees-750x375-1.jpeg\",\"articleSection\":[\"Actualit\u00e9\"],\"inLanguage\":\"fr-FR\",\"potentialAction\":[{\"@type\":\"CommentAction\",\"name\":\"Comment\",\"target\":[\"https:\\\/\\\/lepotentiel.bj\\\/?p=87403#respond\"]}]},{\"@type\":\"WebPage\",\"@id\":\"https:\\\/\\\/lepotentiel.bj\\\/?p=87403\",\"url\":\"https:\\\/\\\/lepotentiel.bj\\\/?p=87403\",\"name\":\"Inclusion sociale et \u00e9galit\u00e9 des chances: De nouvelles mesures pour renforcer l\u2019autonomie des personnes en situation de handicap - Le Potentiel\",\"isPartOf\":{\"@id\":\"https:\\\/\\\/lepotentiel.bj\\\/#website\"},\"primaryImageOfPage\":{\"@id\":\"https:\\\/\\\/lepotentiel.bj\\\/?p=87403#primaryimage\"},\"image\":{\"@id\":\"https:\\\/\\\/lepotentiel.bj\\\/?p=87403#primaryimage\"},\"thumbnailUrl\":\"https:\\\/\\\/lepotentiel.bj\\\/wp-content\\\/uploads\\\/2026\\\/09\\\/personnes-handicapees-750x375-1.jpeg\",\"datePublished\":\"2026-09-03T09:50:43+00:00\",\"breadcrumb\":{\"@id\":\"https:\\\/\\\/lepotentiel.bj\\\/?p=87403#breadcrumb\"},\"inLanguage\":\"fr-FR\",\"potentialAction\":[{\"@type\":\"ReadAction\",\"target\":[\"https:\\\/\\\/lepotentiel.bj\\\/?p=87403\"]}]},{\"@type\":\"ImageObject\",\"inLanguage\":\"fr-FR\",\"@id\":\"https:\\\/\\\/lepotentiel.bj\\\/?p=87403#primaryimage\",\"url\":\"https:\\\/\\\/lepotentiel.bj\\\/wp-content\\\/uploads\\\/2026\\\/09\\\/personnes-handicapees-750x375-1.jpeg\",\"contentUrl\":\"https:\\\/\\\/lepotentiel.bj\\\/wp-content\\\/uploads\\\/2026\\\/09\\\/personnes-handicapees-750x375-1.jpeg\",\"width\":750,\"height\":375},{\"@type\":\"BreadcrumbList\",\"@id\":\"https:\\\/\\\/lepotentiel.bj\\\/?p=87403#breadcrumb\",\"itemListElement\":[{\"@type\":\"ListItem\",\"position\":1,\"name\":\"Accueil\",\"item\":\"https:\\\/\\\/lepotentiel.bj\\\/\"},{\"@type\":\"ListItem\",\"position\":2,\"name\":\"Inclusion sociale et \u00e9galit\u00e9 des chances: De nouvelles mesures pour renforcer l\u2019autonomie des personnes en situation de handicap\"}]},{\"@type\":\"WebSite\",\"@id\":\"https:\\\/\\\/lepotentiel.bj\\\/#website\",\"url\":\"https:\\\/\\\/lepotentiel.bj\\\/\",\"name\":\"Le Potentiel\",\"description\":\"Le Potentiel, au service de l\u2019information, nous sommes les fantassins du droit de savoir\",\"publisher\":{\"@id\":\"https:\\\/\\\/lepotentiel.bj\\\/#organization\"},\"potentialAction\":[{\"@type\":\"SearchAction\",\"target\":{\"@type\":\"EntryPoint\",\"urlTemplate\":\"https:\\\/\\\/lepotentiel.bj\\\/?s={search_term_string}\"},\"query-input\":{\"@type\":\"PropertyValueSpecification\",\"valueRequired\":true,\"valueName\":\"search_term_string\"}}],\"inLanguage\":\"fr-FR\"},{\"@type\":\"Organization\",\"@id\":\"https:\\\/\\\/lepotentiel.bj\\\/#organization\",\"name\":\"Le Potentiel\",\"url\":\"https:\\\/\\\/lepotentiel.bj\\\/\",\"logo\":{\"@type\":\"ImageObject\",\"inLanguage\":\"fr-FR\",\"@id\":\"https:\\\/\\\/lepotentiel.bj\\\/#\\\/schema\\\/logo\\\/image\\\/\",\"url\":\"https:\\\/\\\/lepotentiel.bj\\\/wp-content\\\/uploads\\\/2023\\\/12\\\/logo-pot.jpg\",\"contentUrl\":\"https:\\\/\\\/lepotentiel.bj\\\/wp-content\\\/uploads\\\/2023\\\/12\\\/logo-pot.jpg\",\"width\":562,\"height\":84,\"caption\":\"Le Potentiel\"},\"image\":{\"@id\":\"https:\\\/\\\/lepotentiel.bj\\\/#\\\/schema\\\/logo\\\/image\\\/\"}},{\"@type\":\"Person\",\"@id\":\"https:\\\/\\\/lepotentiel.bj\\\/#\\\/schema\\\/person\\\/001def78e1eafec4b5733ea184d49dd0\",\"name\":\"Laura\",\"image\":{\"@type\":\"ImageObject\",\"inLanguage\":\"fr-FR\",\"@id\":\"https:\\\/\\\/secure.gravatar.com\\\/avatar\\\/46e54a01dd5785f370a6c40e9cfe54ebcfd939154e6505072fe15421c0d32893?s=96&d=mm&r=g\",\"url\":\"https:\\\/\\\/secure.gravatar.com\\\/avatar\\\/46e54a01dd5785f370a6c40e9cfe54ebcfd939154e6505072fe15421c0d32893?s=96&d=mm&r=g\",\"contentUrl\":\"https:\\\/\\\/secure.gravatar.com\\\/avatar\\\/46e54a01dd5785f370a6c40e9cfe54ebcfd939154e6505072fe15421c0d32893?s=96&d=mm&r=g\",\"caption\":\"Laura\"},\"url\":\"https:\\\/\\\/lepotentiel.bj\\\/?author=18\"}]}<\/script>\n<!-- \/ Yoast SEO plugin. -->","yoast_head_json":{"title":"Inclusion sociale et \u00e9galit\u00e9 des chances: De nouvelles mesures pour renforcer l\u2019autonomie des personnes en situation de handicap - Le Potentiel","robots":{"index":"index","follow":"follow","max-snippet":"max-snippet:-1","max-image-preview":"max-image-preview:large","max-video-preview":"max-video-preview:-1"},"canonical":"https:\/\/lepotentiel.bj\/?p=87403","og_locale":"fr_FR","og_type":"article","og_title":"Inclusion sociale et \u00e9galit\u00e9 des chances: De nouvelles mesures pour renforcer l\u2019autonomie des personnes en situation de handicap - Le Potentiel","og_description":"Le gouvernement b\u00e9ninois renforce son dispositif en faveur des personnes en situation de handicap. \u00c0 travers une s\u00e9rie de mesures adopt\u00e9es en conseil des ministres, l\u2019ex\u00e9cutif entend am\u00e9liorer leur acc\u00e8s \u00e0 l\u2019\u00e9ducation, \u00e0 la mobilit\u00e9 et aux opportunit\u00e9s \u00e9conomiques, tout en consolidant les m\u00e9canismes d\u2019inclusion sociale. La scolarisation constitue l\u2019un des premiers volets de ce [&hellip;]","og_url":"https:\/\/lepotentiel.bj\/?p=87403","og_site_name":"Le Potentiel","article_published_time":"2026-09-03T09:50:43+00:00","og_image":[{"width":750,"height":375,"url":"https:\/\/lepotentiel.bj\/wp-content\/uploads\/2026\/09\/personnes-handicapees-750x375-1.jpeg","type":"image\/jpeg"}],"author":"Laura","twitter_card":"summary_large_image","twitter_misc":{"\u00c9crit par":"Laura","Dur\u00e9e de lecture estim\u00e9e":"3 minutes"},"schema":{"@context":"https:\/\/schema.org","@graph":[{"@type":"Article","@id":"https:\/\/lepotentiel.bj\/?p=87403#article","isPartOf":{"@id":"https:\/\/lepotentiel.bj\/?p=87403"},"author":{"name":"Laura","@id":"https:\/\/lepotentiel.bj\/#\/schema\/person\/001def78e1eafec4b5733ea184d49dd0"},"headline":"Inclusion sociale et \u00e9galit\u00e9 des chances: De nouvelles mesures pour renforcer l\u2019autonomie des personnes en situation de handicap","datePublished":"2026-09-03T09:50:43+00:00","mainEntityOfPage":{"@id":"https:\/\/lepotentiel.bj\/?p=87403"},"wordCount":512,"commentCount":0,"publisher":{"@id":"https:\/\/lepotentiel.bj\/#organization"},"image":{"@id":"https:\/\/lepotentiel.bj\/?p=87403#primaryimage"},"thumbnailUrl":"https:\/\/lepotentiel.bj\/wp-content\/uploads\/2026\/09\/personnes-handicapees-750x375-1.jpeg","articleSection":["Actualit\u00e9"],"inLanguage":"fr-FR","potentialAction":[{"@type":"CommentAction","name":"Comment","target":["https:\/\/lepotentiel.bj\/?p=87403#respond"]}]},{"@type":"WebPage","@id":"https:\/\/lepotentiel.bj\/?p=87403","url":"https:\/\/lepotentiel.bj\/?p=87403","name":"Inclusion sociale et \u00e9galit\u00e9 des chances: De nouvelles mesures pour renforcer l\u2019autonomie des personnes en situation de handicap - Le Potentiel","isPartOf":{"@id":"https:\/\/lepotentiel.bj\/#website"},"primaryImageOfPage":{"@id":"https:\/\/lepotentiel.bj\/?p=87403#primaryimage"},"image":{"@id":"https:\/\/lepotentiel.bj\/?p=87403#primaryimage"},"thumbnailUrl":"https:\/\/lepotentiel.bj\/wp-content\/uploads\/2026\/09\/personnes-handicapees-750x375-1.jpeg","datePublished":"2026-09-03T09:50:43+00:00","breadcrumb":{"@id":"https:\/\/lepotentiel.bj\/?p=87403#breadcrumb"},"inLanguage":"fr-FR","potentialAction":[{"@type":"ReadAction","target":["https:\/\/lepotentiel.bj\/?p=87403"]}]},{"@type":"ImageObject","inLanguage":"fr-FR","@id":"https:\/\/lepotentiel.bj\/?p=87403#primaryimage","url":"https:\/\/lepotentiel.bj\/wp-content\/uploads\/2026\/09\/personnes-handicapees-750x375-1.jpeg","contentUrl":"https:\/\/lepotentiel.bj\/wp-content\/uploads\/2026\/09\/personnes-handicapees-750x375-1.jpeg","width":750,"height":375},{"@type":"BreadcrumbList","@id":"https:\/\/lepotentiel.bj\/?p=87403#breadcrumb","itemListElement":[{"@type":"ListItem","position":1,"name":"Accueil","item":"https:\/\/lepotentiel.bj\/"},{"@type":"ListItem","position":2,"name":"Inclusion sociale et \u00e9galit\u00e9 des chances: De nouvelles mesures pour renforcer l\u2019autonomie des personnes en situation de handicap"}]},{"@type":"WebSite","@id":"https:\/\/lepotentiel.bj\/#website","url":"https:\/\/lepotentiel.bj\/","name":"Le Potentiel","description":"Le Potentiel, au service de l\u2019information, nous sommes les fantassins du droit de savoir","publisher":{"@id":"https:\/\/lepotentiel.bj\/#organization"},"potentialAction":[{"@type":"SearchAction","target":{"@type":"EntryPoint","urlTemplate":"https:\/\/lepotentiel.bj\/?s={search_term_string}"},"query-input":{"@type":"PropertyValueSpecification","valueRequired":true,"valueName":"search_term_string"}}],"inLanguage":"fr-FR"},{"@type":"Organization","@id":"https:\/\/lepotentiel.bj\/#organization","name":"Le Potentiel","url":"https:\/\/lepotentiel.bj\/","logo":{"@type":"ImageObject","inLanguage":"fr-FR","@id":"https:\/\/lepotentiel.bj\/#\/schema\/logo\/image\/","url":"https:\/\/lepotentiel.bj\/wp-content\/uploads\/2023\/12\/logo-pot.jpg","contentUrl":"https:\/\/lepotentiel.bj\/wp-content\/uploads\/2023\/12\/logo-pot.jpg","width":562,"height":84,"caption":"Le Potentiel"},"image":{"@id":"https:\/\/lepotentiel.bj\/#\/schema\/logo\/image\/"}},{"@type":"Person","@id":"https:\/\/lepotentiel.bj\/#\/schema\/person\/001def78e1eafec4b5733ea184d49dd0","name":"Laura","image":{"@type":"ImageObject","inLanguage":"fr-FR","@id":"https:\/\/secure.gravatar.com\/avatar\/46e54a01dd5785f370a6c40e9cfe54ebcfd939154e6505072fe15421c0d32893?s=96&d=mm&r=g","url":"https:\/\/secure.gravatar.com\/avatar\/46e54a01dd5785f370a6c40e9cfe54ebcfd939154e6505072fe15421c0d32893?s=96&d=mm&r=g","contentUrl":"https:\/\/secure.gravatar.com\/avatar\/46e54a01dd5785f370a6c40e9cfe54ebcfd939154e6505072fe15421c0d32893?s=96&d=mm&r=g","caption":"Laura"},"url":"https:\/\/lepotentiel.bj\/?author=18"}]}},"_links":{"self":[{"href":"https:\/\/lepotentiel.bj\/index.php?rest_route=\/wp\/v2\/posts\/87403","targetHints":{"allow":["GET"]}}],"collection":[{"href":"https:\/\/lepotentiel.bj\/index.php?rest_route=\/wp\/v2\/posts"}],"about":[{"href":"https:\/\/lepotentiel.bj\/index.php?rest_route=\/wp\/v2\/types\/post"}],"author":[{"embeddable":true,"href":"https:\/\/lepotentiel.bj\/index.php?rest_route=\/wp\/v2\/users\/18"}],"replies":[{"embeddable":true,"href":"https:\/\/lepotentiel.bj\/index.php?rest_route=%2Fwp%2Fv2%2Fcomments&post=87403"}],"version-history":[{"count":1,"href":"https:\/\/lepotentiel.bj\/index.php?rest_route=\/wp\/v2\/posts\/87403\/revisions"}],"predecessor-version":[{"id":87405,"href":"https:\/\/lepotentiel.bj\/index.php?rest_route=\/wp\/v2\/posts\/87403\/revisions\/87405"}],"wp:featuredmedia":[{"embeddable":true,"href":"https:\/\/lepotentiel.bj\/index.php?rest_route=\/wp\/v2\/media\/87404"}],"wp:attachment":[{"href":"https:\/\/lepotentiel.bj\/index.php?rest_route=%2Fwp%2Fv2%2Fmedia&parent=87403"}],"wp:term":[{"taxonomy":"category","embeddable":true,"href":"https:\/\/lepotentiel.bj\/index.php?rest_route=%2Fwp%2Fv2%2Fcategories&post=87403"},{"taxonomy":"post_tag","embeddable":true,"href":"https:\/\/lepotentiel.bj\/index.php?rest_route=%2Fwp%2Fv2%2Ftags&post=87403"}],"curies":[{"name":"wp","href":"https:\/\/api.w.org\/{rel}","templated":true}]}}