{"id":87411,"date":"2026-09-03T13:16:18","date_gmt":"2026-09-03T11:16:18","guid":{"rendered":"https:\/\/lepotentiel.bj\/?p=87411"},"modified":"2026-09-03T13:16:18","modified_gmt":"2026-09-03T11:16:18","slug":"benin-35-centres-economiques-sociaux-et-numeriques-prevus-dans-26-communes","status":"publish","type":"post","link":"https:\/\/lepotentiel.bj\/?p=87411","title":{"rendered":"B\u00e9nin : 35 centres \u00e9conomiques, sociaux et num\u00e9riques pr\u00e9vus dans 26 communes"},"content":{"rendered":"<p style=\"text-align: justify;\"><strong>B\u00e9nin : 35 centres \u00e9conomiques, sociaux et num\u00e9riques pr\u00e9vus dans 26 communes<\/strong><\/p>\n<p style=\"text-align: justify;\">\n<p style=\"text-align: justify;\"><strong>Le gouvernement b\u00e9ninois pr\u00e9voit la construction de 35 centres int\u00e9gr\u00e9s \u00e9conomiques, sociaux et num\u00e9riques dans 26 communes du pays. Le projet vise \u00e0 renforcer l\u2019acc\u00e8s des populations aux services sociaux, \u00e0 moderniser les infrastructures de protection sociale. La d\u00e9cision a \u00e9t\u00e9 prise en conseil des ministres du mercredi 02 Septembre 2026.<\/strong><\/p>\n<p style=\"text-align: justify;\">\n<p style=\"text-align: justify;\">La r\u00e9alisation de ces centres s\u2019inscrit dans le cadre de la mise en \u0153uvre du Programme de Filets de Protection Sociale Productifs. Ce programme pr\u00e9voit notamment la mise aux normes des infrastructures existantes d\u00e9di\u00e9es \u00e0 la d\u00e9livrance des services et prestations sociaux, ainsi que la construction de nouvelles infrastructures pour am\u00e9liorer leur couverture territoriale.<\/p>\n<p style=\"text-align: justify;\">Les futurs centres doivent contribuer \u00e0 moderniser la prise en charge des populations en situation de vuln\u00e9rabilit\u00e9. Ils permettront notamment de transformer les Centres de promotion sociale en guichets uniques de protection sociale, afin de rapprocher davantage les services publics des b\u00e9n\u00e9ficiaires.<\/p>\n<p style=\"text-align: justify;\">Ces nouvelles infrastructures regrouperont plusieurs services dans un m\u00eame environnement. Elles accueilleront notamment les Guichets uniques de protection sociale (GUPS), des agences de La Poste du B\u00e9nin et des Points num\u00e9riques communautaires (PNC).<\/p>\n<p style=\"text-align: justify;\">Cette organisation doit permettre aux populations d\u2019acc\u00e9der \u00e0 plusieurs services et prestations au sein d\u2019un m\u00eame espace, tout en cr\u00e9ant un environnement favorable \u00e0 l\u2019accompagnement social et \u00e9conomique.<\/p>\n<p style=\"text-align: justify;\">Au-del\u00e0 de l\u2019acc\u00e8s aux services sociaux, le projet comporte \u00e9galement un important volet \u00e9conomique. Il vise \u00e0 renforcer la capacit\u00e9 de production et l\u2019autonomisation des m\u00e9nages extr\u00eamement pauvres ainsi que des personnes affect\u00e9es par des chocs covariants. L\u2019accompagnement pr\u00e9voit notamment un appui financier progressif destin\u00e9 \u00e0 favoriser le d\u00e9veloppement d\u2019activit\u00e9s g\u00e9n\u00e9ratrices de revenus (AGR). L\u2019objectif est de permettre aux b\u00e9n\u00e9ficiaires de retrouver progressivement une capacit\u00e9 \u00e9conomique et de renforcer leur r\u00e9silience face aux difficult\u00e9s.<\/p>\n<p style=\"text-align: justify;\">Les infrastructures seront r\u00e9alis\u00e9es dans 26 communes r\u00e9parties sur l\u2019ensemble du territoire b\u00e9ninois. Sont concern\u00e9es : Kandi, Banikoara, Natitingou, Mat\u00e9ri, Abomey-Calavi, Allada, Ouidah, Parakou, Nikki, Tchaourou, Dassa-Zoum\u00e8, Savalou, Aplahou\u00e9, Djakotom\u00e8, Bassila, Djougou, Cotonou, Hou\u00e9yogb\u00e9, Lokossa, Adjohoun, Porto-Novo, S\u00e8m\u00e8-Podji, Adja-Ou\u00e8r\u00e8, Pob\u00e8, Abomey et Bohicon.<\/p>\n<p style=\"text-align: justify;\">Pour assurer la mise en \u0153uvre du projet, le Conseil des ministres a autoris\u00e9 la ma\u00eetrise d\u2019ouvrage d\u00e9l\u00e9gu\u00e9e relative \u00e0 la construction des 35 centres. Les ministres charg\u00e9s du projet ont \u00e9t\u00e9 instruits de veiller \u00e0 la bonne ex\u00e9cution des travaux et au respect des objectifs fix\u00e9s.<\/p>\n<p style=\"text-align: justify;\">\n<p style=\"text-align: justify;\">M\u00e9dard Clobechi<\/p>\n","protected":false},"excerpt":{"rendered":"<p>B\u00e9nin : 35 centres \u00e9conomiques, sociaux et num\u00e9riques pr\u00e9vus dans 26 communes Le gouvernement b\u00e9ninois pr\u00e9voit la construction de 35 centres int\u00e9gr\u00e9s \u00e9conomiques, sociaux et num\u00e9riques dans 26 communes du pays. Le projet vise \u00e0 renforcer l\u2019acc\u00e8s des populations aux services sociaux, \u00e0 moderniser les infrastructures de protection sociale. La d\u00e9cision a \u00e9t\u00e9 prise en [&hellip;]<\/p>\n","protected":false},"author":4,"featured_media":87413,"comment_status":"open","ping_status":"open","sticky":false,"template":"","format":"standard","meta":{"footnotes":""},"categories":[22960],"tags":[],"class_list":["post-87411","post","type-post","status-publish","format-standard","has-post-thumbnail","hentry","category-a-la-une"],"yoast_head":"<!-- This site is optimized with the Yoast SEO plugin v28.2 - https:\/\/yoast.com\/product\/yoast-seo-wordpress\/ -->\n<title>B\u00e9nin : 35 centres \u00e9conomiques, sociaux et num\u00e9riques pr\u00e9vus dans 26 communes - Le Potentiel<\/title>\n<meta name=\"robots\" content=\"index, follow, max-snippet:-1, max-image-preview:large, max-video-preview:-1\" \/>\n<link rel=\"canonical\" href=\"https:\/\/lepotentiel.bj\/?p=87411\" \/>\n<meta property=\"og:locale\" content=\"fr_FR\" \/>\n<meta property=\"og:type\" content=\"article\" \/>\n<meta property=\"og:title\" content=\"B\u00e9nin : 35 centres \u00e9conomiques, sociaux et num\u00e9riques pr\u00e9vus dans 26 communes - Le Potentiel\" \/>\n<meta property=\"og:description\" content=\"B\u00e9nin : 35 centres \u00e9conomiques, sociaux et num\u00e9riques pr\u00e9vus dans 26 communes Le gouvernement b\u00e9ninois pr\u00e9voit la construction de 35 centres int\u00e9gr\u00e9s \u00e9conomiques, sociaux et num\u00e9riques dans 26 communes du pays. Le projet vise \u00e0 renforcer l\u2019acc\u00e8s des populations aux services sociaux, \u00e0 moderniser les infrastructures de protection sociale. La d\u00e9cision a \u00e9t\u00e9 prise en [&hellip;]\" \/>\n<meta property=\"og:url\" content=\"https:\/\/lepotentiel.bj\/?p=87411\" \/>\n<meta property=\"og:site_name\" content=\"Le Potentiel\" \/>\n<meta property=\"article:published_time\" content=\"2026-09-03T11:16:18+00:00\" \/>\n<meta property=\"og:image\" content=\"https:\/\/lepotentiel.bj\/wp-content\/uploads\/2026\/09\/IMG-20260903-WA0085.jpg\" \/>\n\t<meta property=\"og:image:width\" content=\"780\" \/>\n\t<meta property=\"og:image:height\" content=\"467\" \/>\n\t<meta property=\"og:image:type\" content=\"image\/jpeg\" \/>\n<meta name=\"author\" content=\"Le Potentiel\" \/>\n<meta name=\"twitter:card\" content=\"summary_large_image\" \/>\n<meta name=\"twitter:label1\" content=\"\u00c9crit par\" \/>\n\t<meta name=\"twitter:data1\" content=\"Le Potentiel\" \/>\n\t<meta name=\"twitter:label2\" content=\"Dur\u00e9e de lecture estim\u00e9e\" \/>\n\t<meta name=\"twitter:data2\" content=\"3 minutes\" \/>\n<script type=\"application\/ld+json\" class=\"yoast-schema-graph\">{\"@context\":\"https:\\\/\\\/schema.org\",\"@graph\":[{\"@type\":\"Article\",\"@id\":\"https:\\\/\\\/lepotentiel.bj\\\/?p=87411#article\",\"isPartOf\":{\"@id\":\"https:\\\/\\\/lepotentiel.bj\\\/?p=87411\"},\"author\":{\"name\":\"Le Potentiel\",\"@id\":\"https:\\\/\\\/lepotentiel.bj\\\/#\\\/schema\\\/person\\\/453725c41f4363806763503087c06c70\"},\"headline\":\"B\u00e9nin : 35 centres \u00e9conomiques, sociaux et num\u00e9riques pr\u00e9vus dans 26 communes\",\"datePublished\":\"2026-09-03T11:16:18+00:00\",\"mainEntityOfPage\":{\"@id\":\"https:\\\/\\\/lepotentiel.bj\\\/?p=87411\"},\"wordCount\":446,\"commentCount\":0,\"publisher\":{\"@id\":\"https:\\\/\\\/lepotentiel.bj\\\/#organization\"},\"image\":{\"@id\":\"https:\\\/\\\/lepotentiel.bj\\\/?p=87411#primaryimage\"},\"thumbnailUrl\":\"https:\\\/\\\/lepotentiel.bj\\\/wp-content\\\/uploads\\\/2026\\\/09\\\/IMG-20260903-WA0085.jpg\",\"articleSection\":[\"A La Une\"],\"inLanguage\":\"fr-FR\",\"potentialAction\":[{\"@type\":\"CommentAction\",\"name\":\"Comment\",\"target\":[\"https:\\\/\\\/lepotentiel.bj\\\/?p=87411#respond\"]}]},{\"@type\":\"WebPage\",\"@id\":\"https:\\\/\\\/lepotentiel.bj\\\/?p=87411\",\"url\":\"https:\\\/\\\/lepotentiel.bj\\\/?p=87411\",\"name\":\"B\u00e9nin : 35 centres \u00e9conomiques, sociaux et num\u00e9riques pr\u00e9vus dans 26 communes - Le Potentiel\",\"isPartOf\":{\"@id\":\"https:\\\/\\\/lepotentiel.bj\\\/#website\"},\"primaryImageOfPage\":{\"@id\":\"https:\\\/\\\/lepotentiel.bj\\\/?p=87411#primaryimage\"},\"image\":{\"@id\":\"https:\\\/\\\/lepotentiel.bj\\\/?p=87411#primaryimage\"},\"thumbnailUrl\":\"https:\\\/\\\/lepotentiel.bj\\\/wp-content\\\/uploads\\\/2026\\\/09\\\/IMG-20260903-WA0085.jpg\",\"datePublished\":\"2026-09-03T11:16:18+00:00\",\"breadcrumb\":{\"@id\":\"https:\\\/\\\/lepotentiel.bj\\\/?p=87411#breadcrumb\"},\"inLanguage\":\"fr-FR\",\"potentialAction\":[{\"@type\":\"ReadAction\",\"target\":[\"https:\\\/\\\/lepotentiel.bj\\\/?p=87411\"]}]},{\"@type\":\"ImageObject\",\"inLanguage\":\"fr-FR\",\"@id\":\"https:\\\/\\\/lepotentiel.bj\\\/?p=87411#primaryimage\",\"url\":\"https:\\\/\\\/lepotentiel.bj\\\/wp-content\\\/uploads\\\/2026\\\/09\\\/IMG-20260903-WA0085.jpg\",\"contentUrl\":\"https:\\\/\\\/lepotentiel.bj\\\/wp-content\\\/uploads\\\/2026\\\/09\\\/IMG-20260903-WA0085.jpg\",\"width\":780,\"height\":467},{\"@type\":\"BreadcrumbList\",\"@id\":\"https:\\\/\\\/lepotentiel.bj\\\/?p=87411#breadcrumb\",\"itemListElement\":[{\"@type\":\"ListItem\",\"position\":1,\"name\":\"Accueil\",\"item\":\"https:\\\/\\\/lepotentiel.bj\\\/\"},{\"@type\":\"ListItem\",\"position\":2,\"name\":\"B\u00e9nin : 35 centres \u00e9conomiques, sociaux et num\u00e9riques pr\u00e9vus dans 26 communes\"}]},{\"@type\":\"WebSite\",\"@id\":\"https:\\\/\\\/lepotentiel.bj\\\/#website\",\"url\":\"https:\\\/\\\/lepotentiel.bj\\\/\",\"name\":\"Le Potentiel\",\"description\":\"Le Potentiel, au service de l\u2019information, nous sommes les fantassins du droit de savoir\",\"publisher\":{\"@id\":\"https:\\\/\\\/lepotentiel.bj\\\/#organization\"},\"potentialAction\":[{\"@type\":\"SearchAction\",\"target\":{\"@type\":\"EntryPoint\",\"urlTemplate\":\"https:\\\/\\\/lepotentiel.bj\\\/?s={search_term_string}\"},\"query-input\":{\"@type\":\"PropertyValueSpecification\",\"valueRequired\":true,\"valueName\":\"search_term_string\"}}],\"inLanguage\":\"fr-FR\"},{\"@type\":\"Organization\",\"@id\":\"https:\\\/\\\/lepotentiel.bj\\\/#organization\",\"name\":\"Le Potentiel\",\"url\":\"https:\\\/\\\/lepotentiel.bj\\\/\",\"logo\":{\"@type\":\"ImageObject\",\"inLanguage\":\"fr-FR\",\"@id\":\"https:\\\/\\\/lepotentiel.bj\\\/#\\\/schema\\\/logo\\\/image\\\/\",\"url\":\"https:\\\/\\\/lepotentiel.bj\\\/wp-content\\\/uploads\\\/2023\\\/12\\\/logo-pot.jpg\",\"contentUrl\":\"https:\\\/\\\/lepotentiel.bj\\\/wp-content\\\/uploads\\\/2023\\\/12\\\/logo-pot.jpg\",\"width\":562,\"height\":84,\"caption\":\"Le Potentiel\"},\"image\":{\"@id\":\"https:\\\/\\\/lepotentiel.bj\\\/#\\\/schema\\\/logo\\\/image\\\/\"}},{\"@type\":\"Person\",\"@id\":\"https:\\\/\\\/lepotentiel.bj\\\/#\\\/schema\\\/person\\\/453725c41f4363806763503087c06c70\",\"name\":\"Le Potentiel\",\"image\":{\"@type\":\"ImageObject\",\"inLanguage\":\"fr-FR\",\"@id\":\"https:\\\/\\\/secure.gravatar.com\\\/avatar\\\/4085301697e4181824463b6ab1ea0ef6abfe68ad30a95258574a4b2d1c76522e?s=96&d=mm&r=g\",\"url\":\"https:\\\/\\\/secure.gravatar.com\\\/avatar\\\/4085301697e4181824463b6ab1ea0ef6abfe68ad30a95258574a4b2d1c76522e?s=96&d=mm&r=g\",\"contentUrl\":\"https:\\\/\\\/secure.gravatar.com\\\/avatar\\\/4085301697e4181824463b6ab1ea0ef6abfe68ad30a95258574a4b2d1c76522e?s=96&d=mm&r=g\",\"caption\":\"Le Potentiel\"},\"url\":\"https:\\\/\\\/lepotentiel.bj\\\/?author=4\"}]}<\/script>\n<!-- \/ Yoast SEO plugin. -->","yoast_head_json":{"title":"B\u00e9nin : 35 centres \u00e9conomiques, sociaux et num\u00e9riques pr\u00e9vus dans 26 communes - Le Potentiel","robots":{"index":"index","follow":"follow","max-snippet":"max-snippet:-1","max-image-preview":"max-image-preview:large","max-video-preview":"max-video-preview:-1"},"canonical":"https:\/\/lepotentiel.bj\/?p=87411","og_locale":"fr_FR","og_type":"article","og_title":"B\u00e9nin : 35 centres \u00e9conomiques, sociaux et num\u00e9riques pr\u00e9vus dans 26 communes - Le Potentiel","og_description":"B\u00e9nin : 35 centres \u00e9conomiques, sociaux et num\u00e9riques pr\u00e9vus dans 26 communes Le gouvernement b\u00e9ninois pr\u00e9voit la construction de 35 centres int\u00e9gr\u00e9s \u00e9conomiques, sociaux et num\u00e9riques dans 26 communes du pays. Le projet vise \u00e0 renforcer l\u2019acc\u00e8s des populations aux services sociaux, \u00e0 moderniser les infrastructures de protection sociale. La d\u00e9cision a \u00e9t\u00e9 prise en [&hellip;]","og_url":"https:\/\/lepotentiel.bj\/?p=87411","og_site_name":"Le Potentiel","article_published_time":"2026-09-03T11:16:18+00:00","og_image":[{"width":780,"height":467,"url":"https:\/\/lepotentiel.bj\/wp-content\/uploads\/2026\/09\/IMG-20260903-WA0085.jpg","type":"image\/jpeg"}],"author":"Le Potentiel","twitter_card":"summary_large_image","twitter_misc":{"\u00c9crit par":"Le Potentiel","Dur\u00e9e de lecture estim\u00e9e":"3 minutes"},"schema":{"@context":"https:\/\/schema.org","@graph":[{"@type":"Article","@id":"https:\/\/lepotentiel.bj\/?p=87411#article","isPartOf":{"@id":"https:\/\/lepotentiel.bj\/?p=87411"},"author":{"name":"Le Potentiel","@id":"https:\/\/lepotentiel.bj\/#\/schema\/person\/453725c41f4363806763503087c06c70"},"headline":"B\u00e9nin : 35 centres \u00e9conomiques, sociaux et num\u00e9riques pr\u00e9vus dans 26 communes","datePublished":"2026-09-03T11:16:18+00:00","mainEntityOfPage":{"@id":"https:\/\/lepotentiel.bj\/?p=87411"},"wordCount":446,"commentCount":0,"publisher":{"@id":"https:\/\/lepotentiel.bj\/#organization"},"image":{"@id":"https:\/\/lepotentiel.bj\/?p=87411#primaryimage"},"thumbnailUrl":"https:\/\/lepotentiel.bj\/wp-content\/uploads\/2026\/09\/IMG-20260903-WA0085.jpg","articleSection":["A La Une"],"inLanguage":"fr-FR","potentialAction":[{"@type":"CommentAction","name":"Comment","target":["https:\/\/lepotentiel.bj\/?p=87411#respond"]}]},{"@type":"WebPage","@id":"https:\/\/lepotentiel.bj\/?p=87411","url":"https:\/\/lepotentiel.bj\/?p=87411","name":"B\u00e9nin : 35 centres \u00e9conomiques, sociaux et num\u00e9riques pr\u00e9vus dans 26 communes - Le Potentiel","isPartOf":{"@id":"https:\/\/lepotentiel.bj\/#website"},"primaryImageOfPage":{"@id":"https:\/\/lepotentiel.bj\/?p=87411#primaryimage"},"image":{"@id":"https:\/\/lepotentiel.bj\/?p=87411#primaryimage"},"thumbnailUrl":"https:\/\/lepotentiel.bj\/wp-content\/uploads\/2026\/09\/IMG-20260903-WA0085.jpg","datePublished":"2026-09-03T11:16:18+00:00","breadcrumb":{"@id":"https:\/\/lepotentiel.bj\/?p=87411#breadcrumb"},"inLanguage":"fr-FR","potentialAction":[{"@type":"ReadAction","target":["https:\/\/lepotentiel.bj\/?p=87411"]}]},{"@type":"ImageObject","inLanguage":"fr-FR","@id":"https:\/\/lepotentiel.bj\/?p=87411#primaryimage","url":"https:\/\/lepotentiel.bj\/wp-content\/uploads\/2026\/09\/IMG-20260903-WA0085.jpg","contentUrl":"https:\/\/lepotentiel.bj\/wp-content\/uploads\/2026\/09\/IMG-20260903-WA0085.jpg","width":780,"height":467},{"@type":"BreadcrumbList","@id":"https:\/\/lepotentiel.bj\/?p=87411#breadcrumb","itemListElement":[{"@type":"ListItem","position":1,"name":"Accueil","item":"https:\/\/lepotentiel.bj\/"},{"@type":"ListItem","position":2,"name":"B\u00e9nin : 35 centres \u00e9conomiques, sociaux et num\u00e9riques pr\u00e9vus dans 26 communes"}]},{"@type":"WebSite","@id":"https:\/\/lepotentiel.bj\/#website","url":"https:\/\/lepotentiel.bj\/","name":"Le Potentiel","description":"Le Potentiel, au service de l\u2019information, nous sommes les fantassins du droit de savoir","publisher":{"@id":"https:\/\/lepotentiel.bj\/#organization"},"potentialAction":[{"@type":"SearchAction","target":{"@type":"EntryPoint","urlTemplate":"https:\/\/lepotentiel.bj\/?s={search_term_string}"},"query-input":{"@type":"PropertyValueSpecification","valueRequired":true,"valueName":"search_term_string"}}],"inLanguage":"fr-FR"},{"@type":"Organization","@id":"https:\/\/lepotentiel.bj\/#organization","name":"Le Potentiel","url":"https:\/\/lepotentiel.bj\/","logo":{"@type":"ImageObject","inLanguage":"fr-FR","@id":"https:\/\/lepotentiel.bj\/#\/schema\/logo\/image\/","url":"https:\/\/lepotentiel.bj\/wp-content\/uploads\/2023\/12\/logo-pot.jpg","contentUrl":"https:\/\/lepotentiel.bj\/wp-content\/uploads\/2023\/12\/logo-pot.jpg","width":562,"height":84,"caption":"Le Potentiel"},"image":{"@id":"https:\/\/lepotentiel.bj\/#\/schema\/logo\/image\/"}},{"@type":"Person","@id":"https:\/\/lepotentiel.bj\/#\/schema\/person\/453725c41f4363806763503087c06c70","name":"Le Potentiel","image":{"@type":"ImageObject","inLanguage":"fr-FR","@id":"https:\/\/secure.gravatar.com\/avatar\/4085301697e4181824463b6ab1ea0ef6abfe68ad30a95258574a4b2d1c76522e?s=96&d=mm&r=g","url":"https:\/\/secure.gravatar.com\/avatar\/4085301697e4181824463b6ab1ea0ef6abfe68ad30a95258574a4b2d1c76522e?s=96&d=mm&r=g","contentUrl":"https:\/\/secure.gravatar.com\/avatar\/4085301697e4181824463b6ab1ea0ef6abfe68ad30a95258574a4b2d1c76522e?s=96&d=mm&r=g","caption":"Le Potentiel"},"url":"https:\/\/lepotentiel.bj\/?author=4"}]}},"_links":{"self":[{"href":"https:\/\/lepotentiel.bj\/index.php?rest_route=\/wp\/v2\/posts\/87411","targetHints":{"allow":["GET"]}}],"collection":[{"href":"https:\/\/lepotentiel.bj\/index.php?rest_route=\/wp\/v2\/posts"}],"about":[{"href":"https:\/\/lepotentiel.bj\/index.php?rest_route=\/wp\/v2\/types\/post"}],"author":[{"embeddable":true,"href":"https:\/\/lepotentiel.bj\/index.php?rest_route=\/wp\/v2\/users\/4"}],"replies":[{"embeddable":true,"href":"https:\/\/lepotentiel.bj\/index.php?rest_route=%2Fwp%2Fv2%2Fcomments&post=87411"}],"version-history":[{"count":2,"href":"https:\/\/lepotentiel.bj\/index.php?rest_route=\/wp\/v2\/posts\/87411\/revisions"}],"predecessor-version":[{"id":87414,"href":"https:\/\/lepotentiel.bj\/index.php?rest_route=\/wp\/v2\/posts\/87411\/revisions\/87414"}],"wp:featuredmedia":[{"embeddable":true,"href":"https:\/\/lepotentiel.bj\/index.php?rest_route=\/wp\/v2\/media\/87413"}],"wp:attachment":[{"href":"https:\/\/lepotentiel.bj\/index.php?rest_route=%2Fwp%2Fv2%2Fmedia&parent=87411"}],"wp:term":[{"taxonomy":"category","embeddable":true,"href":"https:\/\/lepotentiel.bj\/index.php?rest_route=%2Fwp%2Fv2%2Fcategories&post=87411"},{"taxonomy":"post_tag","embeddable":true,"href":"https:\/\/lepotentiel.bj\/index.php?rest_route=%2Fwp%2Fv2%2Ftags&post=87411"}],"curies":[{"name":"wp","href":"https:\/\/api.w.org\/{rel}","templated":true}]}}