{"id":87415,"date":"2026-09-03T14:23:04","date_gmt":"2026-09-03T12:23:04","guid":{"rendered":"https:\/\/lepotentiel.bj\/?p=87415"},"modified":"2026-09-03T14:23:04","modified_gmt":"2026-09-03T12:23:04","slug":"acces-au-financement-des-entreprises-exportatrices-ladhesion-du-benin-a-un-nouveau-fond-africain-envisagee","status":"publish","type":"post","link":"https:\/\/lepotentiel.bj\/?p=87415","title":{"rendered":"Acc\u00e8s au financement des entreprises exportatrices : l&rsquo;adh\u00e9sion du B\u00e9nin \u00e0 un nouveau fond africain envisag\u00e9e"},"content":{"rendered":"<p style=\"text-align: justify;\"><strong>Acc\u00e8s au financement des entreprises exportatrices : l&rsquo;adh\u00e9sion du B\u00e9nin \u00e0 un nouveau fond africain envisag\u00e9e<\/strong><\/p>\n<p style=\"text-align: justify;\">\n<p style=\"text-align: justify;\"><strong>Le gouvernement b\u00e9ninois a d\u00e9cid\u00e9 de transmettre \u00e0 l\u2019Assembl\u00e9e nationale une demande d\u2019autorisation de ratification de l\u2019adh\u00e9sion du B\u00e9nin au Fonds pour le D\u00e9veloppement des Exportations en Afrique. Cette initiative, port\u00e9e par la Banque africaine d\u2019import-export (Afreximbank), vise \u00e0 faciliter l\u2019acc\u00e8s au financement des entreprises exportatrices africaines et \u00e0 soutenir le d\u00e9veloppement des \u00e9changes intra-africains.<\/strong><\/p>\n<p style=\"text-align: justify;\">\n<p style=\"text-align: justify;\">\n<p style=\"text-align: justify;\">L\u2019adh\u00e9sion du B\u00e9nin \u00e0 ce fonds devrait permettre aux op\u00e9rateurs \u00e9conomiques nationaux de b\u00e9n\u00e9ficier de diff\u00e9rents m\u00e9canismes d\u2019accompagnement destin\u00e9s \u00e0 renforcer leurs capacit\u00e9s d\u2019exportation.<\/p>\n<p style=\"text-align: justify;\">Le Fonds pour le d\u00e9veloppement des exportations en Afrique a notamment \u00e9t\u00e9 mis en place pour r\u00e9pondre au d\u00e9ficit de financement qui freine les entreprises publiques et priv\u00e9es exportatrices du continent. L\u2019objectif est de leur permettre d\u2019accro\u00eetre leurs activit\u00e9s et de contribuer davantage au d\u00e9veloppement du commerce intra-africain.<\/p>\n<p style=\"text-align: justify;\">Pour le B\u00e9nin, l\u2019enjeu est \u00e9galement de favoriser l\u2019\u00e9mergence d\u2019une offre nationale davantage orient\u00e9e vers les produits \u00e0 forte valeur ajout\u00e9e. D\u00e9j\u00e0 membre d\u2019Afreximbank, institution \u00e0 l\u2019initiative de ce fonds, le B\u00e9nin entend tirer parti de ses diff\u00e9rents instruments financiers et m\u00e9canismes d\u2019accompagnement.<\/p>\n<p style=\"text-align: justify;\">Le gouvernement mise notamment sur un meilleur soutien aux op\u00e9rateurs \u00e9conomiques, le renforcement des capacit\u00e9s d\u2019exportation et l\u2019acc\u00e9l\u00e9ration de l\u2019industrialisation. Le dispositif pourrait ainsi contribuer \u00e0 am\u00e9liorer la comp\u00e9titivit\u00e9 des entreprises b\u00e9ninoises sur les march\u00e9s africains. \u00c0 l\u2019issue de l\u2019examen du dossier, le Conseil des ministres a autoris\u00e9 la transmission \u00e0 l\u2019Assembl\u00e9e nationale de la demande d\u2019autorisation de ratification.<\/p>\n<p style=\"text-align: justify;\">Les ministres concern\u00e9s ont \u00e9t\u00e9 instruits d\u2019assurer le suivi de la proc\u00e9dure l\u00e9gislative jusqu\u2019\u00e0 son aboutissement.<\/p>\n<p>M\u00e9dard Clobechi<\/p>\n","protected":false},"excerpt":{"rendered":"<p>Acc\u00e8s au financement des entreprises exportatrices : l&rsquo;adh\u00e9sion du B\u00e9nin \u00e0 un nouveau fond africain envisag\u00e9e Le gouvernement b\u00e9ninois a d\u00e9cid\u00e9 de transmettre \u00e0 l\u2019Assembl\u00e9e nationale une demande d\u2019autorisation de ratification de l\u2019adh\u00e9sion du B\u00e9nin au Fonds pour le D\u00e9veloppement des Exportations en Afrique. Cette initiative, port\u00e9e par la Banque africaine d\u2019import-export (Afreximbank), vise \u00e0 [&hellip;]<\/p>\n","protected":false},"author":4,"featured_media":85012,"comment_status":"open","ping_status":"open","sticky":false,"template":"","format":"standard","meta":{"footnotes":""},"categories":[34],"tags":[],"class_list":["post-87415","post","type-post","status-publish","format-standard","has-post-thumbnail","hentry","category-actualite"],"yoast_head":"<!-- This site is optimized with the Yoast SEO plugin v28.2 - https:\/\/yoast.com\/product\/yoast-seo-wordpress\/ -->\n<title>Acc\u00e8s au financement des entreprises exportatrices : l&#039;adh\u00e9sion du B\u00e9nin \u00e0 un nouveau fond africain envisag\u00e9e - Le Potentiel<\/title>\n<meta name=\"robots\" content=\"index, follow, max-snippet:-1, max-image-preview:large, max-video-preview:-1\" \/>\n<link rel=\"canonical\" href=\"https:\/\/lepotentiel.bj\/?p=87415\" \/>\n<meta property=\"og:locale\" content=\"fr_FR\" \/>\n<meta property=\"og:type\" content=\"article\" \/>\n<meta property=\"og:title\" content=\"Acc\u00e8s au financement des entreprises exportatrices : l&#039;adh\u00e9sion du B\u00e9nin \u00e0 un nouveau fond africain envisag\u00e9e - Le Potentiel\" \/>\n<meta property=\"og:description\" content=\"Acc\u00e8s au financement des entreprises exportatrices : l&rsquo;adh\u00e9sion du B\u00e9nin \u00e0 un nouveau fond africain envisag\u00e9e Le gouvernement b\u00e9ninois a d\u00e9cid\u00e9 de transmettre \u00e0 l\u2019Assembl\u00e9e nationale une demande d\u2019autorisation de ratification de l\u2019adh\u00e9sion du B\u00e9nin au Fonds pour le D\u00e9veloppement des Exportations en Afrique. Cette initiative, port\u00e9e par la Banque africaine d\u2019import-export (Afreximbank), vise \u00e0 [&hellip;]\" \/>\n<meta property=\"og:url\" content=\"https:\/\/lepotentiel.bj\/?p=87415\" \/>\n<meta property=\"og:site_name\" content=\"Le Potentiel\" \/>\n<meta property=\"article:published_time\" content=\"2026-09-03T12:23:04+00:00\" \/>\n<meta property=\"og:image\" content=\"https:\/\/lepotentiel.bj\/wp-content\/uploads\/2026\/06\/Romuald-Wadagni.webp\" \/>\n\t<meta property=\"og:image:width\" content=\"400\" \/>\n\t<meta property=\"og:image:height\" content=\"232\" \/>\n\t<meta property=\"og:image:type\" content=\"image\/webp\" \/>\n<meta name=\"author\" content=\"Le Potentiel\" \/>\n<meta name=\"twitter:card\" content=\"summary_large_image\" \/>\n<meta name=\"twitter:label1\" content=\"\u00c9crit par\" \/>\n\t<meta name=\"twitter:data1\" content=\"Le Potentiel\" \/>\n\t<meta name=\"twitter:label2\" content=\"Dur\u00e9e de lecture estim\u00e9e\" \/>\n\t<meta name=\"twitter:data2\" content=\"2 minutes\" \/>\n<script type=\"application\/ld+json\" class=\"yoast-schema-graph\">{\"@context\":\"https:\\\/\\\/schema.org\",\"@graph\":[{\"@type\":\"Article\",\"@id\":\"https:\\\/\\\/lepotentiel.bj\\\/?p=87415#article\",\"isPartOf\":{\"@id\":\"https:\\\/\\\/lepotentiel.bj\\\/?p=87415\"},\"author\":{\"name\":\"Le Potentiel\",\"@id\":\"https:\\\/\\\/lepotentiel.bj\\\/#\\\/schema\\\/person\\\/453725c41f4363806763503087c06c70\"},\"headline\":\"Acc\u00e8s au financement des entreprises exportatrices : l&rsquo;adh\u00e9sion du B\u00e9nin \u00e0 un nouveau fond africain envisag\u00e9e\",\"datePublished\":\"2026-09-03T12:23:04+00:00\",\"mainEntityOfPage\":{\"@id\":\"https:\\\/\\\/lepotentiel.bj\\\/?p=87415\"},\"wordCount\":342,\"commentCount\":0,\"publisher\":{\"@id\":\"https:\\\/\\\/lepotentiel.bj\\\/#organization\"},\"image\":{\"@id\":\"https:\\\/\\\/lepotentiel.bj\\\/?p=87415#primaryimage\"},\"thumbnailUrl\":\"https:\\\/\\\/lepotentiel.bj\\\/wp-content\\\/uploads\\\/2026\\\/06\\\/Romuald-Wadagni.webp\",\"articleSection\":[\"Actualit\u00e9\"],\"inLanguage\":\"fr-FR\",\"potentialAction\":[{\"@type\":\"CommentAction\",\"name\":\"Comment\",\"target\":[\"https:\\\/\\\/lepotentiel.bj\\\/?p=87415#respond\"]}]},{\"@type\":\"WebPage\",\"@id\":\"https:\\\/\\\/lepotentiel.bj\\\/?p=87415\",\"url\":\"https:\\\/\\\/lepotentiel.bj\\\/?p=87415\",\"name\":\"Acc\u00e8s au financement des entreprises exportatrices : l'adh\u00e9sion du B\u00e9nin \u00e0 un nouveau fond africain envisag\u00e9e - Le Potentiel\",\"isPartOf\":{\"@id\":\"https:\\\/\\\/lepotentiel.bj\\\/#website\"},\"primaryImageOfPage\":{\"@id\":\"https:\\\/\\\/lepotentiel.bj\\\/?p=87415#primaryimage\"},\"image\":{\"@id\":\"https:\\\/\\\/lepotentiel.bj\\\/?p=87415#primaryimage\"},\"thumbnailUrl\":\"https:\\\/\\\/lepotentiel.bj\\\/wp-content\\\/uploads\\\/2026\\\/06\\\/Romuald-Wadagni.webp\",\"datePublished\":\"2026-09-03T12:23:04+00:00\",\"breadcrumb\":{\"@id\":\"https:\\\/\\\/lepotentiel.bj\\\/?p=87415#breadcrumb\"},\"inLanguage\":\"fr-FR\",\"potentialAction\":[{\"@type\":\"ReadAction\",\"target\":[\"https:\\\/\\\/lepotentiel.bj\\\/?p=87415\"]}]},{\"@type\":\"ImageObject\",\"inLanguage\":\"fr-FR\",\"@id\":\"https:\\\/\\\/lepotentiel.bj\\\/?p=87415#primaryimage\",\"url\":\"https:\\\/\\\/lepotentiel.bj\\\/wp-content\\\/uploads\\\/2026\\\/06\\\/Romuald-Wadagni.webp\",\"contentUrl\":\"https:\\\/\\\/lepotentiel.bj\\\/wp-content\\\/uploads\\\/2026\\\/06\\\/Romuald-Wadagni.webp\",\"width\":400,\"height\":232},{\"@type\":\"BreadcrumbList\",\"@id\":\"https:\\\/\\\/lepotentiel.bj\\\/?p=87415#breadcrumb\",\"itemListElement\":[{\"@type\":\"ListItem\",\"position\":1,\"name\":\"Accueil\",\"item\":\"https:\\\/\\\/lepotentiel.bj\\\/\"},{\"@type\":\"ListItem\",\"position\":2,\"name\":\"Acc\u00e8s au financement des entreprises exportatrices : l&rsquo;adh\u00e9sion du B\u00e9nin \u00e0 un nouveau fond africain envisag\u00e9e\"}]},{\"@type\":\"WebSite\",\"@id\":\"https:\\\/\\\/lepotentiel.bj\\\/#website\",\"url\":\"https:\\\/\\\/lepotentiel.bj\\\/\",\"name\":\"Le Potentiel\",\"description\":\"Le Potentiel, au service de l\u2019information, nous sommes les fantassins du droit de savoir\",\"publisher\":{\"@id\":\"https:\\\/\\\/lepotentiel.bj\\\/#organization\"},\"potentialAction\":[{\"@type\":\"SearchAction\",\"target\":{\"@type\":\"EntryPoint\",\"urlTemplate\":\"https:\\\/\\\/lepotentiel.bj\\\/?s={search_term_string}\"},\"query-input\":{\"@type\":\"PropertyValueSpecification\",\"valueRequired\":true,\"valueName\":\"search_term_string\"}}],\"inLanguage\":\"fr-FR\"},{\"@type\":\"Organization\",\"@id\":\"https:\\\/\\\/lepotentiel.bj\\\/#organization\",\"name\":\"Le Potentiel\",\"url\":\"https:\\\/\\\/lepotentiel.bj\\\/\",\"logo\":{\"@type\":\"ImageObject\",\"inLanguage\":\"fr-FR\",\"@id\":\"https:\\\/\\\/lepotentiel.bj\\\/#\\\/schema\\\/logo\\\/image\\\/\",\"url\":\"https:\\\/\\\/lepotentiel.bj\\\/wp-content\\\/uploads\\\/2023\\\/12\\\/logo-pot.jpg\",\"contentUrl\":\"https:\\\/\\\/lepotentiel.bj\\\/wp-content\\\/uploads\\\/2023\\\/12\\\/logo-pot.jpg\",\"width\":562,\"height\":84,\"caption\":\"Le Potentiel\"},\"image\":{\"@id\":\"https:\\\/\\\/lepotentiel.bj\\\/#\\\/schema\\\/logo\\\/image\\\/\"}},{\"@type\":\"Person\",\"@id\":\"https:\\\/\\\/lepotentiel.bj\\\/#\\\/schema\\\/person\\\/453725c41f4363806763503087c06c70\",\"name\":\"Le Potentiel\",\"image\":{\"@type\":\"ImageObject\",\"inLanguage\":\"fr-FR\",\"@id\":\"https:\\\/\\\/secure.gravatar.com\\\/avatar\\\/4085301697e4181824463b6ab1ea0ef6abfe68ad30a95258574a4b2d1c76522e?s=96&d=mm&r=g\",\"url\":\"https:\\\/\\\/secure.gravatar.com\\\/avatar\\\/4085301697e4181824463b6ab1ea0ef6abfe68ad30a95258574a4b2d1c76522e?s=96&d=mm&r=g\",\"contentUrl\":\"https:\\\/\\\/secure.gravatar.com\\\/avatar\\\/4085301697e4181824463b6ab1ea0ef6abfe68ad30a95258574a4b2d1c76522e?s=96&d=mm&r=g\",\"caption\":\"Le Potentiel\"},\"url\":\"https:\\\/\\\/lepotentiel.bj\\\/?author=4\"}]}<\/script>\n<!-- \/ Yoast SEO plugin. -->","yoast_head_json":{"title":"Acc\u00e8s au financement des entreprises exportatrices : l'adh\u00e9sion du B\u00e9nin \u00e0 un nouveau fond africain envisag\u00e9e - Le Potentiel","robots":{"index":"index","follow":"follow","max-snippet":"max-snippet:-1","max-image-preview":"max-image-preview:large","max-video-preview":"max-video-preview:-1"},"canonical":"https:\/\/lepotentiel.bj\/?p=87415","og_locale":"fr_FR","og_type":"article","og_title":"Acc\u00e8s au financement des entreprises exportatrices : l'adh\u00e9sion du B\u00e9nin \u00e0 un nouveau fond africain envisag\u00e9e - Le Potentiel","og_description":"Acc\u00e8s au financement des entreprises exportatrices : l&rsquo;adh\u00e9sion du B\u00e9nin \u00e0 un nouveau fond africain envisag\u00e9e Le gouvernement b\u00e9ninois a d\u00e9cid\u00e9 de transmettre \u00e0 l\u2019Assembl\u00e9e nationale une demande d\u2019autorisation de ratification de l\u2019adh\u00e9sion du B\u00e9nin au Fonds pour le D\u00e9veloppement des Exportations en Afrique. Cette initiative, port\u00e9e par la Banque africaine d\u2019import-export (Afreximbank), vise \u00e0 [&hellip;]","og_url":"https:\/\/lepotentiel.bj\/?p=87415","og_site_name":"Le Potentiel","article_published_time":"2026-09-03T12:23:04+00:00","og_image":[{"width":400,"height":232,"url":"https:\/\/lepotentiel.bj\/wp-content\/uploads\/2026\/06\/Romuald-Wadagni.webp","type":"image\/webp"}],"author":"Le Potentiel","twitter_card":"summary_large_image","twitter_misc":{"\u00c9crit par":"Le Potentiel","Dur\u00e9e de lecture estim\u00e9e":"2 minutes"},"schema":{"@context":"https:\/\/schema.org","@graph":[{"@type":"Article","@id":"https:\/\/lepotentiel.bj\/?p=87415#article","isPartOf":{"@id":"https:\/\/lepotentiel.bj\/?p=87415"},"author":{"name":"Le Potentiel","@id":"https:\/\/lepotentiel.bj\/#\/schema\/person\/453725c41f4363806763503087c06c70"},"headline":"Acc\u00e8s au financement des entreprises exportatrices : l&rsquo;adh\u00e9sion du B\u00e9nin \u00e0 un nouveau fond africain envisag\u00e9e","datePublished":"2026-09-03T12:23:04+00:00","mainEntityOfPage":{"@id":"https:\/\/lepotentiel.bj\/?p=87415"},"wordCount":342,"commentCount":0,"publisher":{"@id":"https:\/\/lepotentiel.bj\/#organization"},"image":{"@id":"https:\/\/lepotentiel.bj\/?p=87415#primaryimage"},"thumbnailUrl":"https:\/\/lepotentiel.bj\/wp-content\/uploads\/2026\/06\/Romuald-Wadagni.webp","articleSection":["Actualit\u00e9"],"inLanguage":"fr-FR","potentialAction":[{"@type":"CommentAction","name":"Comment","target":["https:\/\/lepotentiel.bj\/?p=87415#respond"]}]},{"@type":"WebPage","@id":"https:\/\/lepotentiel.bj\/?p=87415","url":"https:\/\/lepotentiel.bj\/?p=87415","name":"Acc\u00e8s au financement des entreprises exportatrices : l'adh\u00e9sion du B\u00e9nin \u00e0 un nouveau fond africain envisag\u00e9e - Le Potentiel","isPartOf":{"@id":"https:\/\/lepotentiel.bj\/#website"},"primaryImageOfPage":{"@id":"https:\/\/lepotentiel.bj\/?p=87415#primaryimage"},"image":{"@id":"https:\/\/lepotentiel.bj\/?p=87415#primaryimage"},"thumbnailUrl":"https:\/\/lepotentiel.bj\/wp-content\/uploads\/2026\/06\/Romuald-Wadagni.webp","datePublished":"2026-09-03T12:23:04+00:00","breadcrumb":{"@id":"https:\/\/lepotentiel.bj\/?p=87415#breadcrumb"},"inLanguage":"fr-FR","potentialAction":[{"@type":"ReadAction","target":["https:\/\/lepotentiel.bj\/?p=87415"]}]},{"@type":"ImageObject","inLanguage":"fr-FR","@id":"https:\/\/lepotentiel.bj\/?p=87415#primaryimage","url":"https:\/\/lepotentiel.bj\/wp-content\/uploads\/2026\/06\/Romuald-Wadagni.webp","contentUrl":"https:\/\/lepotentiel.bj\/wp-content\/uploads\/2026\/06\/Romuald-Wadagni.webp","width":400,"height":232},{"@type":"BreadcrumbList","@id":"https:\/\/lepotentiel.bj\/?p=87415#breadcrumb","itemListElement":[{"@type":"ListItem","position":1,"name":"Accueil","item":"https:\/\/lepotentiel.bj\/"},{"@type":"ListItem","position":2,"name":"Acc\u00e8s au financement des entreprises exportatrices : l&rsquo;adh\u00e9sion du B\u00e9nin \u00e0 un nouveau fond africain envisag\u00e9e"}]},{"@type":"WebSite","@id":"https:\/\/lepotentiel.bj\/#website","url":"https:\/\/lepotentiel.bj\/","name":"Le Potentiel","description":"Le Potentiel, au service de l\u2019information, nous sommes les fantassins du droit de savoir","publisher":{"@id":"https:\/\/lepotentiel.bj\/#organization"},"potentialAction":[{"@type":"SearchAction","target":{"@type":"EntryPoint","urlTemplate":"https:\/\/lepotentiel.bj\/?s={search_term_string}"},"query-input":{"@type":"PropertyValueSpecification","valueRequired":true,"valueName":"search_term_string"}}],"inLanguage":"fr-FR"},{"@type":"Organization","@id":"https:\/\/lepotentiel.bj\/#organization","name":"Le Potentiel","url":"https:\/\/lepotentiel.bj\/","logo":{"@type":"ImageObject","inLanguage":"fr-FR","@id":"https:\/\/lepotentiel.bj\/#\/schema\/logo\/image\/","url":"https:\/\/lepotentiel.bj\/wp-content\/uploads\/2023\/12\/logo-pot.jpg","contentUrl":"https:\/\/lepotentiel.bj\/wp-content\/uploads\/2023\/12\/logo-pot.jpg","width":562,"height":84,"caption":"Le Potentiel"},"image":{"@id":"https:\/\/lepotentiel.bj\/#\/schema\/logo\/image\/"}},{"@type":"Person","@id":"https:\/\/lepotentiel.bj\/#\/schema\/person\/453725c41f4363806763503087c06c70","name":"Le Potentiel","image":{"@type":"ImageObject","inLanguage":"fr-FR","@id":"https:\/\/secure.gravatar.com\/avatar\/4085301697e4181824463b6ab1ea0ef6abfe68ad30a95258574a4b2d1c76522e?s=96&d=mm&r=g","url":"https:\/\/secure.gravatar.com\/avatar\/4085301697e4181824463b6ab1ea0ef6abfe68ad30a95258574a4b2d1c76522e?s=96&d=mm&r=g","contentUrl":"https:\/\/secure.gravatar.com\/avatar\/4085301697e4181824463b6ab1ea0ef6abfe68ad30a95258574a4b2d1c76522e?s=96&d=mm&r=g","caption":"Le Potentiel"},"url":"https:\/\/lepotentiel.bj\/?author=4"}]}},"_links":{"self":[{"href":"https:\/\/lepotentiel.bj\/index.php?rest_route=\/wp\/v2\/posts\/87415","targetHints":{"allow":["GET"]}}],"collection":[{"href":"https:\/\/lepotentiel.bj\/index.php?rest_route=\/wp\/v2\/posts"}],"about":[{"href":"https:\/\/lepotentiel.bj\/index.php?rest_route=\/wp\/v2\/types\/post"}],"author":[{"embeddable":true,"href":"https:\/\/lepotentiel.bj\/index.php?rest_route=\/wp\/v2\/users\/4"}],"replies":[{"embeddable":true,"href":"https:\/\/lepotentiel.bj\/index.php?rest_route=%2Fwp%2Fv2%2Fcomments&post=87415"}],"version-history":[{"count":1,"href":"https:\/\/lepotentiel.bj\/index.php?rest_route=\/wp\/v2\/posts\/87415\/revisions"}],"predecessor-version":[{"id":87416,"href":"https:\/\/lepotentiel.bj\/index.php?rest_route=\/wp\/v2\/posts\/87415\/revisions\/87416"}],"wp:featuredmedia":[{"embeddable":true,"href":"https:\/\/lepotentiel.bj\/index.php?rest_route=\/wp\/v2\/media\/85012"}],"wp:attachment":[{"href":"https:\/\/lepotentiel.bj\/index.php?rest_route=%2Fwp%2Fv2%2Fmedia&parent=87415"}],"wp:term":[{"taxonomy":"category","embeddable":true,"href":"https:\/\/lepotentiel.bj\/index.php?rest_route=%2Fwp%2Fv2%2Fcategories&post=87415"},{"taxonomy":"post_tag","embeddable":true,"href":"https:\/\/lepotentiel.bj\/index.php?rest_route=%2Fwp%2Fv2%2Ftags&post=87415"}],"curies":[{"name":"wp","href":"https:\/\/api.w.org\/{rel}","templated":true}]}}