{"id":87417,"date":"2026-09-03T14:42:40","date_gmt":"2026-09-03T12:42:40","guid":{"rendered":"https:\/\/lepotentiel.bj\/?p=87417"},"modified":"2026-09-03T14:42:40","modified_gmt":"2026-09-03T12:42:40","slug":"rentree-scolaire-et-universitaire-2026-2027-au-benin-le-gouvernement-renforce-son-dispositif-daccompagnement","status":"publish","type":"post","link":"https:\/\/lepotentiel.bj\/?p=87417","title":{"rendered":"Rentr\u00e9e scolaire et universitaire 2026-2027 au B\u00e9nin: Le gouvernement renforce son dispositif d\u2019accompagnement"},"content":{"rendered":"<p style=\"text-align: justify;\">La rentr\u00e9e 2026-2027 s\u2019annonce sous le signe du renforcement des dispositifs sociaux dans le secteur \u00e9ducatif au B\u00e9nin. Le Conseil des ministres a retenu, le mercredi 2 septembre, plusieurs mesures destin\u00e9es \u00e0 r\u00e9pondre aux besoins des \u00e9l\u00e8ves et \u00e9tudiants, avec une incidence financi\u00e8re globale estim\u00e9e \u00e0 pr\u00e8s de 30 milliards de francs CFA. Le paquet comprend une extension des cantines scolaires, de nouveaux moyens pour le transport universitaire, la revalorisation de certaines bourses ainsi que des investissements dans les infrastructures et l\u2019inclusion.<\/p>\n<p style=\"text-align: justify;\">\n1,9 million d\u2019\u00e9coliers : c\u2019est le nouveau cap que le gouvernement b\u00e9ninois veut atteindre avec les cantines scolaires d\u00e8s la rentr\u00e9e 2026-2027. Le dispositif gagnera ainsi pr\u00e8s de 500 000 nouveaux b\u00e9n\u00e9ficiaires par rapport \u00e0 l\u2019ann\u00e9e scolaire \u00e9coul\u00e9e. Cette progression reposera sur le renforcement des capacit\u00e9s de l\u2019Agence nationale d\u2019alimentation et de la nutrition(Anan). Les moyens suppl\u00e9mentaires qui lui seront accord\u00e9s doivent contribuer \u00e0 am\u00e9liorer la qualit\u00e9 des prestations fournies dans les \u00e9tablissements scolaires.<\/p>\n<p style=\"text-align: justify;\">Dans les zones frontali\u00e8res confront\u00e9es \u00e0 l\u2019ins\u00e9curit\u00e9, le dispositif pr\u00e9voit aussi des mesures sp\u00e9cifiques. Certaines \u00e9coles ayant \u00e9t\u00e9 d\u00e9localis\u00e9es pour prot\u00e9ger les populations et les apprenants, un plan d\u2019urgence a \u00e9t\u00e9 \u00e9labor\u00e9 pour assurer la continuit\u00e9 des enseignements. La prise en charge humanitaire et sociale des \u00e9l\u00e8ves et des enseignants concern\u00e9s figure \u00e9galement dans ce m\u00e9canisme.<\/p>\n<p style=\"text-align: justify;\"><strong>Lyc\u00e9es et coll\u00e8ges : des infrastructures \u00e0 renforcer<\/strong><\/p>\n<p style=\"text-align: justify;\">Au secondaire, plusieurs chantiers sont annonc\u00e9s ou maintenus. Les travaux de reconstruction du lyc\u00e9e de jeunes filles d\u2019Abomey seront lanc\u00e9s, tandis que ceux engag\u00e9s au Prytan\u00e9e militaire de Bemb\u00e8r\u00e8k\u00e8 et au Lyc\u00e9e militaire des jeunes filles de Natitingou se poursuivront. L\u2019ensemble des lyc\u00e9es de jeunes filles, implant\u00e9s entre autres \u00e0 Abomey, Lokossa, Natitingou, Ouidah, Parakou et Porto-Novo, fera aussi l\u2019objet de travaux de r\u00e9habilitation et d\u2019\u00e9quipement. L\u2019objectif affich\u00e9 est de mettre ces \u00e9tablissements aux normes et d\u2019am\u00e9liorer les conditions de formation des filles. Pour r\u00e9pondre au d\u00e9ficit de mobilier scolaire li\u00e9 \u00e0 l\u2019augmentation des effectifs, un premier lot de 12 000 tables-bancs sera r\u00e9alis\u00e9 au profit des coll\u00e8ges d\u2019enseignement g\u00e9n\u00e9ral. Une \u00e9valuation plus large des besoins en salles de classe et en mobiliers ayant \u00e9t\u00e9 men\u00e9e, le conseil des ministres a demand\u00e9 l\u2019\u00e9laboration d\u2019un plan destin\u00e9 \u00e0 r\u00e9sorber ces d\u00e9ficits \u00e0 court et moyen termes.<\/p>\n<p style=\"text-align: justify;\"><strong>63 bus pour renforcer le transport universitaire<\/strong><\/p>\n<p style=\"text-align: justify;\">Les mesures annonc\u00e9es concernent aussi les \u00e9tudiants des universit\u00e9s publiques. Le service de transport universitaire sera relanc\u00e9 et am\u00e9lior\u00e9 dans les quatre universit\u00e9s publiques du pays : l\u2019Universit\u00e9 d\u2019Abomey-Calavi, l\u2019Universit\u00e9 de Parakou, l\u2019Universit\u00e9 nationale d\u2019Agriculture de K\u00e9tou et l\u2019Universit\u00e9 nationale des Sciences, Technologies, Ing\u00e9nierie, Math\u00e9matiques d\u2019Abomey. Le dispositif reposera sur une flotte de 63 bus neufs. De nouvelles dessertes sont pr\u00e9vues dans plusieurs villes et localit\u00e9s, dont Abomey-Calavi, Cotonou, Porto-Novo, Dangbo, Adjarra, Abomey, Dassa-Zoum\u00e8, Lokossa, Natitingou, Sak\u00e9t\u00e9, K\u00e9tou et Parakou. Une telle extension du r\u00e9seau vise \u00e0 faciliter les d\u00e9placements des \u00e9tudiants entre leurs lieux de r\u00e9sidence et les diff\u00e9rents p\u00f4les universitaires concern\u00e9s.<\/p>\n<p style=\"text-align: justify;\"><strong>Les bourses revaloris\u00e9es et davantage d\u2019allocations<\/strong><\/p>\n<p style=\"text-align: justify;\">Le gouvernement pr\u00e9voit par ailleurs une am\u00e9lioration du soutien financier accord\u00e9 aux \u00e9tudiants. La bourse estudiantine sera revaloris\u00e9e, avec une hausse pouvant atteindre 49 % selon les fili\u00e8res. Les allocations de rentr\u00e9e et les secours universitaires seront \u00e9galement augment\u00e9s. Une attention particuli\u00e8re sera accord\u00e9e aux fili\u00e8res techniques et professionnelles, avec une augmentation significative du nombre de bourses. Cette orientation a pour but d&rsquo;encourager davantage d\u2019apprenants \u00e0 choisir ces formations. Les bourses d\u2019excellence destin\u00e9es aux \u00e9tudiants poursuivant leurs \u00e9tudes \u00e0 l\u2019\u00e9tranger seront elles aussi revaloris\u00e9es.<\/p>\n<p style=\"text-align: justify;\"><strong>Restaurants universitaires et cadre de vie am\u00e9lior\u00e9s<\/strong><\/p>\n<p style=\"text-align: justify;\">Les conditions de restauration sur les campus font partie du programme. Les restaurants universitaires de Dangbo, Lokossa et Parakou seront r\u00e9habilit\u00e9s. Leur gestion sera confi\u00e9e \u00e0 des professionnels, sous le contr\u00f4le de l\u2019\u00c9tat, avec l\u2019objectif de maintenir des tarifs compatibles avec le pouvoir d\u2019achat des \u00e9tudiants. Deux nouveaux restaurants universitaires seront en outre construits \u00e0 Abomey-Calavi et \u00e0 K\u00e9tou.<\/p>\n<p style=\"text-align: justify;\">Le cadre de vie sur les campus fera aussi l\u2019objet d\u2019interventions progressives. Plusieurs logements seront r\u00e9habilit\u00e9s et des travaux d\u2019am\u00e9nagement int\u00e9rieur ainsi que d\u2019\u00e9clairage seront r\u00e9alis\u00e9s.<\/p>\n<p style=\"text-align: justify;\">Sur le plan sanitaire, les infirmeries universitaires seront r\u00e9habilit\u00e9es et dot\u00e9es d\u2019\u00e9quipements de soins et de personnel qualifi\u00e9. Le gouvernement entend ainsi renforcer la prise en charge m\u00e9dicale des \u00e9tudiants directement sur les campus.<\/p>\n<p style=\"text-align: justify;\"><strong>Des mesures cibl\u00e9es pour renforcer l\u2019inclusion<\/strong><\/p>\n<p style=\"text-align: justify;\">Le dispositif pr\u00e9voit enfin plusieurs mesures en faveur de l\u2019\u00e9galit\u00e9 d\u2019acc\u00e8s \u00e0 la formation. L\u2019inscription des filles dans les formations techniques du secondaire sera gratuite afin de favoriser leur orientation vers ces fili\u00e8res. Les bacheliers en situation de handicap pr\u00e9sentant un taux d\u2019incapacit\u00e9 important b\u00e9n\u00e9ficieront, pour la rentr\u00e9e 2026-2027, de bourses lorsqu\u2019ils sont r\u00e9guli\u00e8rement inscrits dans une universit\u00e9 publique. Cette mesure s&rsquo;inscrit dans la dynamique de faciliter leur acc\u00e8s aux \u00e9tudes sup\u00e9rieures et \u00e0 am\u00e9liorer leurs conditions de vie.<\/p>\n<p style=\"text-align: justify;\">Au total, l\u2019ensemble des dispositions arr\u00eat\u00e9es pour la rentr\u00e9e scolaire et universitaire 2026-2027 repr\u00e9sente une incidence financi\u00e8re estim\u00e9e \u00e0 pr\u00e8s de 30 milliards de francs CFA. Les ministres concern\u00e9s ont \u00e9t\u00e9 charg\u00e9s de prendre les dispositions n\u00e9cessaires pour assurer leur mise en \u0153uvre effective. Ces actions s\u2019inscrivent dans les orientations de la Vision nationale de d\u00e9veloppement \u00e0 l\u2019horizon 2060, qui place le d\u00e9veloppement d\u2019un capital humain sain, comp\u00e9tent et comp\u00e9titif au c\u0153ur des priorit\u00e9s nationales.<\/p>\n<p style=\"text-align: justify;\"><strong>Laura LEKE<\/strong><\/p>\n","protected":false},"excerpt":{"rendered":"<p>La rentr\u00e9e 2026-2027 s\u2019annonce sous le signe du renforcement des dispositifs sociaux dans le secteur \u00e9ducatif au B\u00e9nin. Le Conseil des ministres a retenu, le mercredi 2 septembre, plusieurs mesures destin\u00e9es \u00e0 r\u00e9pondre aux besoins des \u00e9l\u00e8ves et \u00e9tudiants, avec une incidence financi\u00e8re globale estim\u00e9e \u00e0 pr\u00e8s de 30 milliards de francs CFA. Le paquet [&hellip;]<\/p>\n","protected":false},"author":18,"featured_media":87418,"comment_status":"open","ping_status":"open","sticky":false,"template":"","format":"standard","meta":{"footnotes":""},"categories":[22960,34],"tags":[],"class_list":["post-87417","post","type-post","status-publish","format-standard","has-post-thumbnail","hentry","category-a-la-une","category-actualite"],"yoast_head":"<!-- This site is optimized with the Yoast SEO plugin v28.2 - https:\/\/yoast.com\/product\/yoast-seo-wordpress\/ -->\n<title>Rentr\u00e9e scolaire et universitaire 2026-2027 au B\u00e9nin: Le gouvernement renforce son dispositif d\u2019accompagnement - Le Potentiel<\/title>\n<meta name=\"robots\" content=\"index, follow, max-snippet:-1, max-image-preview:large, max-video-preview:-1\" \/>\n<link rel=\"canonical\" href=\"https:\/\/lepotentiel.bj\/?p=87417\" \/>\n<meta property=\"og:locale\" content=\"fr_FR\" \/>\n<meta property=\"og:type\" content=\"article\" \/>\n<meta property=\"og:title\" content=\"Rentr\u00e9e scolaire et universitaire 2026-2027 au B\u00e9nin: Le gouvernement renforce son dispositif d\u2019accompagnement - Le Potentiel\" \/>\n<meta property=\"og:description\" content=\"La rentr\u00e9e 2026-2027 s\u2019annonce sous le signe du renforcement des dispositifs sociaux dans le secteur \u00e9ducatif au B\u00e9nin. Le Conseil des ministres a retenu, le mercredi 2 septembre, plusieurs mesures destin\u00e9es \u00e0 r\u00e9pondre aux besoins des \u00e9l\u00e8ves et \u00e9tudiants, avec une incidence financi\u00e8re globale estim\u00e9e \u00e0 pr\u00e8s de 30 milliards de francs CFA. Le paquet [&hellip;]\" \/>\n<meta property=\"og:url\" content=\"https:\/\/lepotentiel.bj\/?p=87417\" \/>\n<meta property=\"og:site_name\" content=\"Le Potentiel\" \/>\n<meta property=\"article:published_time\" content=\"2026-09-03T12:42:40+00:00\" \/>\n<meta property=\"og:image\" content=\"https:\/\/lepotentiel.bj\/wp-content\/uploads\/2026\/09\/Benin-children-600x337-1.jpg\" \/>\n\t<meta property=\"og:image:width\" content=\"600\" \/>\n\t<meta property=\"og:image:height\" content=\"337\" \/>\n\t<meta property=\"og:image:type\" content=\"image\/jpeg\" \/>\n<meta name=\"author\" content=\"Laura\" \/>\n<meta name=\"twitter:card\" content=\"summary_large_image\" \/>\n<meta name=\"twitter:label1\" content=\"\u00c9crit par\" \/>\n\t<meta name=\"twitter:data1\" content=\"Laura\" \/>\n\t<meta name=\"twitter:label2\" content=\"Dur\u00e9e de lecture estim\u00e9e\" \/>\n\t<meta name=\"twitter:data2\" content=\"5 minutes\" \/>\n<script type=\"application\/ld+json\" class=\"yoast-schema-graph\">{\"@context\":\"https:\\\/\\\/schema.org\",\"@graph\":[{\"@type\":\"Article\",\"@id\":\"https:\\\/\\\/lepotentiel.bj\\\/?p=87417#article\",\"isPartOf\":{\"@id\":\"https:\\\/\\\/lepotentiel.bj\\\/?p=87417\"},\"author\":{\"name\":\"Laura\",\"@id\":\"https:\\\/\\\/lepotentiel.bj\\\/#\\\/schema\\\/person\\\/001def78e1eafec4b5733ea184d49dd0\"},\"headline\":\"Rentr\u00e9e scolaire et universitaire 2026-2027 au B\u00e9nin: Le gouvernement renforce son dispositif d\u2019accompagnement\",\"datePublished\":\"2026-09-03T12:42:40+00:00\",\"mainEntityOfPage\":{\"@id\":\"https:\\\/\\\/lepotentiel.bj\\\/?p=87417\"},\"wordCount\":1011,\"commentCount\":0,\"publisher\":{\"@id\":\"https:\\\/\\\/lepotentiel.bj\\\/#organization\"},\"image\":{\"@id\":\"https:\\\/\\\/lepotentiel.bj\\\/?p=87417#primaryimage\"},\"thumbnailUrl\":\"https:\\\/\\\/lepotentiel.bj\\\/wp-content\\\/uploads\\\/2026\\\/09\\\/Benin-children-600x337-1.jpg\",\"articleSection\":[\"A La Une\",\"Actualit\u00e9\"],\"inLanguage\":\"fr-FR\",\"potentialAction\":[{\"@type\":\"CommentAction\",\"name\":\"Comment\",\"target\":[\"https:\\\/\\\/lepotentiel.bj\\\/?p=87417#respond\"]}]},{\"@type\":\"WebPage\",\"@id\":\"https:\\\/\\\/lepotentiel.bj\\\/?p=87417\",\"url\":\"https:\\\/\\\/lepotentiel.bj\\\/?p=87417\",\"name\":\"Rentr\u00e9e scolaire et universitaire 2026-2027 au B\u00e9nin: Le gouvernement renforce son dispositif d\u2019accompagnement - Le Potentiel\",\"isPartOf\":{\"@id\":\"https:\\\/\\\/lepotentiel.bj\\\/#website\"},\"primaryImageOfPage\":{\"@id\":\"https:\\\/\\\/lepotentiel.bj\\\/?p=87417#primaryimage\"},\"image\":{\"@id\":\"https:\\\/\\\/lepotentiel.bj\\\/?p=87417#primaryimage\"},\"thumbnailUrl\":\"https:\\\/\\\/lepotentiel.bj\\\/wp-content\\\/uploads\\\/2026\\\/09\\\/Benin-children-600x337-1.jpg\",\"datePublished\":\"2026-09-03T12:42:40+00:00\",\"breadcrumb\":{\"@id\":\"https:\\\/\\\/lepotentiel.bj\\\/?p=87417#breadcrumb\"},\"inLanguage\":\"fr-FR\",\"potentialAction\":[{\"@type\":\"ReadAction\",\"target\":[\"https:\\\/\\\/lepotentiel.bj\\\/?p=87417\"]}]},{\"@type\":\"ImageObject\",\"inLanguage\":\"fr-FR\",\"@id\":\"https:\\\/\\\/lepotentiel.bj\\\/?p=87417#primaryimage\",\"url\":\"https:\\\/\\\/lepotentiel.bj\\\/wp-content\\\/uploads\\\/2026\\\/09\\\/Benin-children-600x337-1.jpg\",\"contentUrl\":\"https:\\\/\\\/lepotentiel.bj\\\/wp-content\\\/uploads\\\/2026\\\/09\\\/Benin-children-600x337-1.jpg\",\"width\":600,\"height\":337},{\"@type\":\"BreadcrumbList\",\"@id\":\"https:\\\/\\\/lepotentiel.bj\\\/?p=87417#breadcrumb\",\"itemListElement\":[{\"@type\":\"ListItem\",\"position\":1,\"name\":\"Accueil\",\"item\":\"https:\\\/\\\/lepotentiel.bj\\\/\"},{\"@type\":\"ListItem\",\"position\":2,\"name\":\"Rentr\u00e9e scolaire et universitaire 2026-2027 au B\u00e9nin: Le gouvernement renforce son dispositif d\u2019accompagnement\"}]},{\"@type\":\"WebSite\",\"@id\":\"https:\\\/\\\/lepotentiel.bj\\\/#website\",\"url\":\"https:\\\/\\\/lepotentiel.bj\\\/\",\"name\":\"Le Potentiel\",\"description\":\"Le Potentiel, au service de l\u2019information, nous sommes les fantassins du droit de savoir\",\"publisher\":{\"@id\":\"https:\\\/\\\/lepotentiel.bj\\\/#organization\"},\"potentialAction\":[{\"@type\":\"SearchAction\",\"target\":{\"@type\":\"EntryPoint\",\"urlTemplate\":\"https:\\\/\\\/lepotentiel.bj\\\/?s={search_term_string}\"},\"query-input\":{\"@type\":\"PropertyValueSpecification\",\"valueRequired\":true,\"valueName\":\"search_term_string\"}}],\"inLanguage\":\"fr-FR\"},{\"@type\":\"Organization\",\"@id\":\"https:\\\/\\\/lepotentiel.bj\\\/#organization\",\"name\":\"Le Potentiel\",\"url\":\"https:\\\/\\\/lepotentiel.bj\\\/\",\"logo\":{\"@type\":\"ImageObject\",\"inLanguage\":\"fr-FR\",\"@id\":\"https:\\\/\\\/lepotentiel.bj\\\/#\\\/schema\\\/logo\\\/image\\\/\",\"url\":\"https:\\\/\\\/lepotentiel.bj\\\/wp-content\\\/uploads\\\/2023\\\/12\\\/logo-pot.jpg\",\"contentUrl\":\"https:\\\/\\\/lepotentiel.bj\\\/wp-content\\\/uploads\\\/2023\\\/12\\\/logo-pot.jpg\",\"width\":562,\"height\":84,\"caption\":\"Le Potentiel\"},\"image\":{\"@id\":\"https:\\\/\\\/lepotentiel.bj\\\/#\\\/schema\\\/logo\\\/image\\\/\"}},{\"@type\":\"Person\",\"@id\":\"https:\\\/\\\/lepotentiel.bj\\\/#\\\/schema\\\/person\\\/001def78e1eafec4b5733ea184d49dd0\",\"name\":\"Laura\",\"image\":{\"@type\":\"ImageObject\",\"inLanguage\":\"fr-FR\",\"@id\":\"https:\\\/\\\/secure.gravatar.com\\\/avatar\\\/46e54a01dd5785f370a6c40e9cfe54ebcfd939154e6505072fe15421c0d32893?s=96&d=mm&r=g\",\"url\":\"https:\\\/\\\/secure.gravatar.com\\\/avatar\\\/46e54a01dd5785f370a6c40e9cfe54ebcfd939154e6505072fe15421c0d32893?s=96&d=mm&r=g\",\"contentUrl\":\"https:\\\/\\\/secure.gravatar.com\\\/avatar\\\/46e54a01dd5785f370a6c40e9cfe54ebcfd939154e6505072fe15421c0d32893?s=96&d=mm&r=g\",\"caption\":\"Laura\"},\"url\":\"https:\\\/\\\/lepotentiel.bj\\\/?author=18\"}]}<\/script>\n<!-- \/ Yoast SEO plugin. -->","yoast_head_json":{"title":"Rentr\u00e9e scolaire et universitaire 2026-2027 au B\u00e9nin: Le gouvernement renforce son dispositif d\u2019accompagnement - Le Potentiel","robots":{"index":"index","follow":"follow","max-snippet":"max-snippet:-1","max-image-preview":"max-image-preview:large","max-video-preview":"max-video-preview:-1"},"canonical":"https:\/\/lepotentiel.bj\/?p=87417","og_locale":"fr_FR","og_type":"article","og_title":"Rentr\u00e9e scolaire et universitaire 2026-2027 au B\u00e9nin: Le gouvernement renforce son dispositif d\u2019accompagnement - Le Potentiel","og_description":"La rentr\u00e9e 2026-2027 s\u2019annonce sous le signe du renforcement des dispositifs sociaux dans le secteur \u00e9ducatif au B\u00e9nin. Le Conseil des ministres a retenu, le mercredi 2 septembre, plusieurs mesures destin\u00e9es \u00e0 r\u00e9pondre aux besoins des \u00e9l\u00e8ves et \u00e9tudiants, avec une incidence financi\u00e8re globale estim\u00e9e \u00e0 pr\u00e8s de 30 milliards de francs CFA. Le paquet [&hellip;]","og_url":"https:\/\/lepotentiel.bj\/?p=87417","og_site_name":"Le Potentiel","article_published_time":"2026-09-03T12:42:40+00:00","og_image":[{"width":600,"height":337,"url":"https:\/\/lepotentiel.bj\/wp-content\/uploads\/2026\/09\/Benin-children-600x337-1.jpg","type":"image\/jpeg"}],"author":"Laura","twitter_card":"summary_large_image","twitter_misc":{"\u00c9crit par":"Laura","Dur\u00e9e de lecture estim\u00e9e":"5 minutes"},"schema":{"@context":"https:\/\/schema.org","@graph":[{"@type":"Article","@id":"https:\/\/lepotentiel.bj\/?p=87417#article","isPartOf":{"@id":"https:\/\/lepotentiel.bj\/?p=87417"},"author":{"name":"Laura","@id":"https:\/\/lepotentiel.bj\/#\/schema\/person\/001def78e1eafec4b5733ea184d49dd0"},"headline":"Rentr\u00e9e scolaire et universitaire 2026-2027 au B\u00e9nin: Le gouvernement renforce son dispositif d\u2019accompagnement","datePublished":"2026-09-03T12:42:40+00:00","mainEntityOfPage":{"@id":"https:\/\/lepotentiel.bj\/?p=87417"},"wordCount":1011,"commentCount":0,"publisher":{"@id":"https:\/\/lepotentiel.bj\/#organization"},"image":{"@id":"https:\/\/lepotentiel.bj\/?p=87417#primaryimage"},"thumbnailUrl":"https:\/\/lepotentiel.bj\/wp-content\/uploads\/2026\/09\/Benin-children-600x337-1.jpg","articleSection":["A La Une","Actualit\u00e9"],"inLanguage":"fr-FR","potentialAction":[{"@type":"CommentAction","name":"Comment","target":["https:\/\/lepotentiel.bj\/?p=87417#respond"]}]},{"@type":"WebPage","@id":"https:\/\/lepotentiel.bj\/?p=87417","url":"https:\/\/lepotentiel.bj\/?p=87417","name":"Rentr\u00e9e scolaire et universitaire 2026-2027 au B\u00e9nin: Le gouvernement renforce son dispositif d\u2019accompagnement - Le Potentiel","isPartOf":{"@id":"https:\/\/lepotentiel.bj\/#website"},"primaryImageOfPage":{"@id":"https:\/\/lepotentiel.bj\/?p=87417#primaryimage"},"image":{"@id":"https:\/\/lepotentiel.bj\/?p=87417#primaryimage"},"thumbnailUrl":"https:\/\/lepotentiel.bj\/wp-content\/uploads\/2026\/09\/Benin-children-600x337-1.jpg","datePublished":"2026-09-03T12:42:40+00:00","breadcrumb":{"@id":"https:\/\/lepotentiel.bj\/?p=87417#breadcrumb"},"inLanguage":"fr-FR","potentialAction":[{"@type":"ReadAction","target":["https:\/\/lepotentiel.bj\/?p=87417"]}]},{"@type":"ImageObject","inLanguage":"fr-FR","@id":"https:\/\/lepotentiel.bj\/?p=87417#primaryimage","url":"https:\/\/lepotentiel.bj\/wp-content\/uploads\/2026\/09\/Benin-children-600x337-1.jpg","contentUrl":"https:\/\/lepotentiel.bj\/wp-content\/uploads\/2026\/09\/Benin-children-600x337-1.jpg","width":600,"height":337},{"@type":"BreadcrumbList","@id":"https:\/\/lepotentiel.bj\/?p=87417#breadcrumb","itemListElement":[{"@type":"ListItem","position":1,"name":"Accueil","item":"https:\/\/lepotentiel.bj\/"},{"@type":"ListItem","position":2,"name":"Rentr\u00e9e scolaire et universitaire 2026-2027 au B\u00e9nin: Le gouvernement renforce son dispositif d\u2019accompagnement"}]},{"@type":"WebSite","@id":"https:\/\/lepotentiel.bj\/#website","url":"https:\/\/lepotentiel.bj\/","name":"Le Potentiel","description":"Le Potentiel, au service de l\u2019information, nous sommes les fantassins du droit de savoir","publisher":{"@id":"https:\/\/lepotentiel.bj\/#organization"},"potentialAction":[{"@type":"SearchAction","target":{"@type":"EntryPoint","urlTemplate":"https:\/\/lepotentiel.bj\/?s={search_term_string}"},"query-input":{"@type":"PropertyValueSpecification","valueRequired":true,"valueName":"search_term_string"}}],"inLanguage":"fr-FR"},{"@type":"Organization","@id":"https:\/\/lepotentiel.bj\/#organization","name":"Le Potentiel","url":"https:\/\/lepotentiel.bj\/","logo":{"@type":"ImageObject","inLanguage":"fr-FR","@id":"https:\/\/lepotentiel.bj\/#\/schema\/logo\/image\/","url":"https:\/\/lepotentiel.bj\/wp-content\/uploads\/2023\/12\/logo-pot.jpg","contentUrl":"https:\/\/lepotentiel.bj\/wp-content\/uploads\/2023\/12\/logo-pot.jpg","width":562,"height":84,"caption":"Le Potentiel"},"image":{"@id":"https:\/\/lepotentiel.bj\/#\/schema\/logo\/image\/"}},{"@type":"Person","@id":"https:\/\/lepotentiel.bj\/#\/schema\/person\/001def78e1eafec4b5733ea184d49dd0","name":"Laura","image":{"@type":"ImageObject","inLanguage":"fr-FR","@id":"https:\/\/secure.gravatar.com\/avatar\/46e54a01dd5785f370a6c40e9cfe54ebcfd939154e6505072fe15421c0d32893?s=96&d=mm&r=g","url":"https:\/\/secure.gravatar.com\/avatar\/46e54a01dd5785f370a6c40e9cfe54ebcfd939154e6505072fe15421c0d32893?s=96&d=mm&r=g","contentUrl":"https:\/\/secure.gravatar.com\/avatar\/46e54a01dd5785f370a6c40e9cfe54ebcfd939154e6505072fe15421c0d32893?s=96&d=mm&r=g","caption":"Laura"},"url":"https:\/\/lepotentiel.bj\/?author=18"}]}},"_links":{"self":[{"href":"https:\/\/lepotentiel.bj\/index.php?rest_route=\/wp\/v2\/posts\/87417","targetHints":{"allow":["GET"]}}],"collection":[{"href":"https:\/\/lepotentiel.bj\/index.php?rest_route=\/wp\/v2\/posts"}],"about":[{"href":"https:\/\/lepotentiel.bj\/index.php?rest_route=\/wp\/v2\/types\/post"}],"author":[{"embeddable":true,"href":"https:\/\/lepotentiel.bj\/index.php?rest_route=\/wp\/v2\/users\/18"}],"replies":[{"embeddable":true,"href":"https:\/\/lepotentiel.bj\/index.php?rest_route=%2Fwp%2Fv2%2Fcomments&post=87417"}],"version-history":[{"count":1,"href":"https:\/\/lepotentiel.bj\/index.php?rest_route=\/wp\/v2\/posts\/87417\/revisions"}],"predecessor-version":[{"id":87419,"href":"https:\/\/lepotentiel.bj\/index.php?rest_route=\/wp\/v2\/posts\/87417\/revisions\/87419"}],"wp:featuredmedia":[{"embeddable":true,"href":"https:\/\/lepotentiel.bj\/index.php?rest_route=\/wp\/v2\/media\/87418"}],"wp:attachment":[{"href":"https:\/\/lepotentiel.bj\/index.php?rest_route=%2Fwp%2Fv2%2Fmedia&parent=87417"}],"wp:term":[{"taxonomy":"category","embeddable":true,"href":"https:\/\/lepotentiel.bj\/index.php?rest_route=%2Fwp%2Fv2%2Fcategories&post=87417"},{"taxonomy":"post_tag","embeddable":true,"href":"https:\/\/lepotentiel.bj\/index.php?rest_route=%2Fwp%2Fv2%2Ftags&post=87417"}],"curies":[{"name":"wp","href":"https:\/\/api.w.org\/{rel}","templated":true}]}}