{"id":87420,"date":"2026-09-03T16:04:15","date_gmt":"2026-09-03T14:04:15","guid":{"rendered":"https:\/\/lepotentiel.bj\/?p=87420"},"modified":"2026-09-03T16:04:15","modified_gmt":"2026-09-03T14:04:15","slug":"agriculture-au-benin-2-000-producteurs-de-mais-cibles-par-un-programme-de-productivite-et-de-protection-sociale","status":"publish","type":"post","link":"https:\/\/lepotentiel.bj\/?p=87420","title":{"rendered":"Agriculture au B\u00e9nin : 2.000 producteurs de ma\u00efs cibl\u00e9s par un programme de productivit\u00e9 et de protection sociale"},"content":{"rendered":"<p style=\"text-align: justify;\"><strong>Agriculture au B\u00e9nin : 2.000 producteurs de ma\u00efs cibl\u00e9s par un programme de productivit\u00e9 et de protection sociale<\/strong><\/p>\n<p style=\"text-align: justify;\">\n<p style=\"text-align: justify;\"><strong>Le gouvernement b\u00e9ninois va exp\u00e9rimenter un nouveau dispositif destin\u00e9 \u00e0 am\u00e9liorer \u00e0 la fois la productivit\u00e9 agricole, les revenus et la protection sociale des producteurs. La phase pilote du Programme de productivit\u00e9 agricole et de protection sociale des agriculteurs du B\u00e9nin, autoris\u00e9e en Conseil des ministres le mercredi 2 septembre 2026, ciblera 2.000 producteurs de ma\u00efs exploitant environ 3.000 hectares.<\/strong><\/p>\n<p style=\"text-align: justify;\">\n<p style=\"text-align: justify;\">L\u2019exp\u00e9rimentation est pr\u00e9vue pour la petite saison des pluies de 2026. Chaque producteur b\u00e9n\u00e9ficiaire exploitera en moyenne 1,5 hectare. Cette premi\u00e8re phase doit permettre au gouvernement d\u2019\u00e9valuer l\u2019efficacit\u00e9 d\u2019un mod\u00e8le d\u2019accompagnement combinant appui \u00e0 la production, s\u00e9curisation des revenus et acc\u00e8s \u00e0 la protection sociale. Le programme pr\u00e9voit un ensemble d\u2019appuis agricoles destin\u00e9s \u00e0 accro\u00eetre les rendements. Les producteurs s\u00e9lectionn\u00e9s b\u00e9n\u00e9ficieront notamment de semences hybrides \u00e0 haut rendement, d\u2019engrais, de produits phytosanitaires et d\u2019amendements des sols.<\/p>\n<p style=\"text-align: justify;\">\u00c0 ces appuis s\u2019ajouteront des prestations de m\u00e9canisation, un conseil agricole renforc\u00e9 et un suivi num\u00e9rique des exploitations. L\u2019objectif est d\u2019am\u00e9liorer les performances des producteurs tout en assurant un meilleur encadrement technique. Le dispositif ne se limite pas \u00e0 l\u2019augmentation de la production. Le gouvernement entend \u00e9galement faciliter la commercialisation des r\u00e9coltes et permettre aux producteurs de mieux tirer profit des gains de productivit\u00e9. \u00c0 cette fin, le programme s\u2019appuiera sur le m\u00e9canisme national d\u2019agr\u00e9gation et de r\u00e9gulation des productions vivri\u00e8res, destin\u00e9 notamment \u00e0 faciliter l\u2019\u00e9coulement des r\u00e9coltes.<\/p>\n<p style=\"text-align: justify;\">Autre volet important : la protection sociale. Les producteurs retenus pourront b\u00e9n\u00e9ficier d\u2019une assurance maladie couvrant jusqu\u2019\u00e0 six personnes par m\u00e9nage, soit deux adultes et quatre enfants. Le programme pr\u00e9voit \u00e9galement un m\u00e9canisme de retraite et\/ou de d\u00e9p\u00f4t \u00e0 terme afin de renforcer la s\u00e9curit\u00e9 financi\u00e8re des b\u00e9n\u00e9ficiaires sur le long terme.<\/p>\n<p style=\"text-align: justify;\">Une plateforme num\u00e9rique sera mise en place pour identifier et g\u00e9olocaliser les producteurs et leurs parcelles. Elle permettra \u00e9galement de suivre les op\u00e9rations culturales, les intrants utilis\u00e9s et les rendements.<\/p>\n<p style=\"text-align: justify;\">Les r\u00e9sultats de cette phase pilote serviront \u00e0 mesurer l\u2019efficacit\u00e9 du dispositif et \u00e0 apporter les ajustements n\u00e9cessaires avant une \u00e9ventuelle extension \u00e0 d\u2019autres fili\u00e8res agricoles et zones agro\u00e9cologiques du B\u00e9nin.<\/p>\n<p style=\"text-align: justify;\">\n<p style=\"text-align: justify;\">M\u00e9dard Clobechi<\/p>\n","protected":false},"excerpt":{"rendered":"<p>Agriculture au B\u00e9nin : 2.000 producteurs de ma\u00efs cibl\u00e9s par un programme de productivit\u00e9 et de protection sociale Le gouvernement b\u00e9ninois va exp\u00e9rimenter un nouveau dispositif destin\u00e9 \u00e0 am\u00e9liorer \u00e0 la fois la productivit\u00e9 agricole, les revenus et la protection sociale des producteurs. La phase pilote du Programme de productivit\u00e9 agricole et de protection sociale [&hellip;]<\/p>\n","protected":false},"author":4,"featured_media":87421,"comment_status":"open","ping_status":"open","sticky":false,"template":"","format":"standard","meta":{"footnotes":""},"categories":[34],"tags":[],"class_list":["post-87420","post","type-post","status-publish","format-standard","has-post-thumbnail","hentry","category-actualite"],"yoast_head":"<!-- This site is optimized with the Yoast SEO plugin v28.2 - https:\/\/yoast.com\/product\/yoast-seo-wordpress\/ -->\n<title>Agriculture au B\u00e9nin : 2.000 producteurs de ma\u00efs cibl\u00e9s par un programme de productivit\u00e9 et de protection sociale - Le Potentiel<\/title>\n<meta name=\"robots\" content=\"index, follow, max-snippet:-1, max-image-preview:large, max-video-preview:-1\" \/>\n<link rel=\"canonical\" href=\"https:\/\/lepotentiel.bj\/?p=87420\" \/>\n<meta property=\"og:locale\" content=\"fr_FR\" \/>\n<meta property=\"og:type\" content=\"article\" \/>\n<meta property=\"og:title\" content=\"Agriculture au B\u00e9nin : 2.000 producteurs de ma\u00efs cibl\u00e9s par un programme de productivit\u00e9 et de protection sociale - Le Potentiel\" \/>\n<meta property=\"og:description\" content=\"Agriculture au B\u00e9nin : 2.000 producteurs de ma\u00efs cibl\u00e9s par un programme de productivit\u00e9 et de protection sociale Le gouvernement b\u00e9ninois va exp\u00e9rimenter un nouveau dispositif destin\u00e9 \u00e0 am\u00e9liorer \u00e0 la fois la productivit\u00e9 agricole, les revenus et la protection sociale des producteurs. La phase pilote du Programme de productivit\u00e9 agricole et de protection sociale [&hellip;]\" \/>\n<meta property=\"og:url\" content=\"https:\/\/lepotentiel.bj\/?p=87420\" \/>\n<meta property=\"og:site_name\" content=\"Le Potentiel\" \/>\n<meta property=\"article:published_time\" content=\"2026-09-03T14:04:15+00:00\" \/>\n<meta property=\"og:image\" content=\"https:\/\/lepotentiel.bj\/wp-content\/uploads\/2026\/09\/images-63.jpeg\" \/>\n\t<meta property=\"og:image:width\" content=\"701\" \/>\n\t<meta property=\"og:image:height\" content=\"438\" \/>\n\t<meta property=\"og:image:type\" content=\"image\/jpeg\" \/>\n<meta name=\"author\" content=\"Le Potentiel\" \/>\n<meta name=\"twitter:card\" content=\"summary_large_image\" \/>\n<meta name=\"twitter:label1\" content=\"\u00c9crit par\" \/>\n\t<meta name=\"twitter:data1\" content=\"Le Potentiel\" \/>\n\t<meta name=\"twitter:label2\" content=\"Dur\u00e9e de lecture estim\u00e9e\" \/>\n\t<meta name=\"twitter:data2\" content=\"3 minutes\" \/>\n<script type=\"application\/ld+json\" class=\"yoast-schema-graph\">{\"@context\":\"https:\\\/\\\/schema.org\",\"@graph\":[{\"@type\":\"Article\",\"@id\":\"https:\\\/\\\/lepotentiel.bj\\\/?p=87420#article\",\"isPartOf\":{\"@id\":\"https:\\\/\\\/lepotentiel.bj\\\/?p=87420\"},\"author\":{\"name\":\"Le Potentiel\",\"@id\":\"https:\\\/\\\/lepotentiel.bj\\\/#\\\/schema\\\/person\\\/453725c41f4363806763503087c06c70\"},\"headline\":\"Agriculture au B\u00e9nin : 2.000 producteurs de ma\u00efs cibl\u00e9s par un programme de productivit\u00e9 et de protection sociale\",\"datePublished\":\"2026-09-03T14:04:15+00:00\",\"mainEntityOfPage\":{\"@id\":\"https:\\\/\\\/lepotentiel.bj\\\/?p=87420\"},\"wordCount\":426,\"commentCount\":0,\"publisher\":{\"@id\":\"https:\\\/\\\/lepotentiel.bj\\\/#organization\"},\"image\":{\"@id\":\"https:\\\/\\\/lepotentiel.bj\\\/?p=87420#primaryimage\"},\"thumbnailUrl\":\"https:\\\/\\\/lepotentiel.bj\\\/wp-content\\\/uploads\\\/2026\\\/09\\\/images-63.jpeg\",\"articleSection\":[\"Actualit\u00e9\"],\"inLanguage\":\"fr-FR\",\"potentialAction\":[{\"@type\":\"CommentAction\",\"name\":\"Comment\",\"target\":[\"https:\\\/\\\/lepotentiel.bj\\\/?p=87420#respond\"]}]},{\"@type\":\"WebPage\",\"@id\":\"https:\\\/\\\/lepotentiel.bj\\\/?p=87420\",\"url\":\"https:\\\/\\\/lepotentiel.bj\\\/?p=87420\",\"name\":\"Agriculture au B\u00e9nin : 2.000 producteurs de ma\u00efs cibl\u00e9s par un programme de productivit\u00e9 et de protection sociale - Le Potentiel\",\"isPartOf\":{\"@id\":\"https:\\\/\\\/lepotentiel.bj\\\/#website\"},\"primaryImageOfPage\":{\"@id\":\"https:\\\/\\\/lepotentiel.bj\\\/?p=87420#primaryimage\"},\"image\":{\"@id\":\"https:\\\/\\\/lepotentiel.bj\\\/?p=87420#primaryimage\"},\"thumbnailUrl\":\"https:\\\/\\\/lepotentiel.bj\\\/wp-content\\\/uploads\\\/2026\\\/09\\\/images-63.jpeg\",\"datePublished\":\"2026-09-03T14:04:15+00:00\",\"breadcrumb\":{\"@id\":\"https:\\\/\\\/lepotentiel.bj\\\/?p=87420#breadcrumb\"},\"inLanguage\":\"fr-FR\",\"potentialAction\":[{\"@type\":\"ReadAction\",\"target\":[\"https:\\\/\\\/lepotentiel.bj\\\/?p=87420\"]}]},{\"@type\":\"ImageObject\",\"inLanguage\":\"fr-FR\",\"@id\":\"https:\\\/\\\/lepotentiel.bj\\\/?p=87420#primaryimage\",\"url\":\"https:\\\/\\\/lepotentiel.bj\\\/wp-content\\\/uploads\\\/2026\\\/09\\\/images-63.jpeg\",\"contentUrl\":\"https:\\\/\\\/lepotentiel.bj\\\/wp-content\\\/uploads\\\/2026\\\/09\\\/images-63.jpeg\",\"width\":701,\"height\":438},{\"@type\":\"BreadcrumbList\",\"@id\":\"https:\\\/\\\/lepotentiel.bj\\\/?p=87420#breadcrumb\",\"itemListElement\":[{\"@type\":\"ListItem\",\"position\":1,\"name\":\"Accueil\",\"item\":\"https:\\\/\\\/lepotentiel.bj\\\/\"},{\"@type\":\"ListItem\",\"position\":2,\"name\":\"Agriculture au B\u00e9nin : 2.000 producteurs de ma\u00efs cibl\u00e9s par un programme de productivit\u00e9 et de protection sociale\"}]},{\"@type\":\"WebSite\",\"@id\":\"https:\\\/\\\/lepotentiel.bj\\\/#website\",\"url\":\"https:\\\/\\\/lepotentiel.bj\\\/\",\"name\":\"Le Potentiel\",\"description\":\"Le Potentiel, au service de l\u2019information, nous sommes les fantassins du droit de savoir\",\"publisher\":{\"@id\":\"https:\\\/\\\/lepotentiel.bj\\\/#organization\"},\"potentialAction\":[{\"@type\":\"SearchAction\",\"target\":{\"@type\":\"EntryPoint\",\"urlTemplate\":\"https:\\\/\\\/lepotentiel.bj\\\/?s={search_term_string}\"},\"query-input\":{\"@type\":\"PropertyValueSpecification\",\"valueRequired\":true,\"valueName\":\"search_term_string\"}}],\"inLanguage\":\"fr-FR\"},{\"@type\":\"Organization\",\"@id\":\"https:\\\/\\\/lepotentiel.bj\\\/#organization\",\"name\":\"Le Potentiel\",\"url\":\"https:\\\/\\\/lepotentiel.bj\\\/\",\"logo\":{\"@type\":\"ImageObject\",\"inLanguage\":\"fr-FR\",\"@id\":\"https:\\\/\\\/lepotentiel.bj\\\/#\\\/schema\\\/logo\\\/image\\\/\",\"url\":\"https:\\\/\\\/lepotentiel.bj\\\/wp-content\\\/uploads\\\/2023\\\/12\\\/logo-pot.jpg\",\"contentUrl\":\"https:\\\/\\\/lepotentiel.bj\\\/wp-content\\\/uploads\\\/2023\\\/12\\\/logo-pot.jpg\",\"width\":562,\"height\":84,\"caption\":\"Le Potentiel\"},\"image\":{\"@id\":\"https:\\\/\\\/lepotentiel.bj\\\/#\\\/schema\\\/logo\\\/image\\\/\"}},{\"@type\":\"Person\",\"@id\":\"https:\\\/\\\/lepotentiel.bj\\\/#\\\/schema\\\/person\\\/453725c41f4363806763503087c06c70\",\"name\":\"Le Potentiel\",\"image\":{\"@type\":\"ImageObject\",\"inLanguage\":\"fr-FR\",\"@id\":\"https:\\\/\\\/secure.gravatar.com\\\/avatar\\\/4085301697e4181824463b6ab1ea0ef6abfe68ad30a95258574a4b2d1c76522e?s=96&d=mm&r=g\",\"url\":\"https:\\\/\\\/secure.gravatar.com\\\/avatar\\\/4085301697e4181824463b6ab1ea0ef6abfe68ad30a95258574a4b2d1c76522e?s=96&d=mm&r=g\",\"contentUrl\":\"https:\\\/\\\/secure.gravatar.com\\\/avatar\\\/4085301697e4181824463b6ab1ea0ef6abfe68ad30a95258574a4b2d1c76522e?s=96&d=mm&r=g\",\"caption\":\"Le Potentiel\"},\"url\":\"https:\\\/\\\/lepotentiel.bj\\\/?author=4\"}]}<\/script>\n<!-- \/ Yoast SEO plugin. -->","yoast_head_json":{"title":"Agriculture au B\u00e9nin : 2.000 producteurs de ma\u00efs cibl\u00e9s par un programme de productivit\u00e9 et de protection sociale - Le Potentiel","robots":{"index":"index","follow":"follow","max-snippet":"max-snippet:-1","max-image-preview":"max-image-preview:large","max-video-preview":"max-video-preview:-1"},"canonical":"https:\/\/lepotentiel.bj\/?p=87420","og_locale":"fr_FR","og_type":"article","og_title":"Agriculture au B\u00e9nin : 2.000 producteurs de ma\u00efs cibl\u00e9s par un programme de productivit\u00e9 et de protection sociale - Le Potentiel","og_description":"Agriculture au B\u00e9nin : 2.000 producteurs de ma\u00efs cibl\u00e9s par un programme de productivit\u00e9 et de protection sociale Le gouvernement b\u00e9ninois va exp\u00e9rimenter un nouveau dispositif destin\u00e9 \u00e0 am\u00e9liorer \u00e0 la fois la productivit\u00e9 agricole, les revenus et la protection sociale des producteurs. La phase pilote du Programme de productivit\u00e9 agricole et de protection sociale [&hellip;]","og_url":"https:\/\/lepotentiel.bj\/?p=87420","og_site_name":"Le Potentiel","article_published_time":"2026-09-03T14:04:15+00:00","og_image":[{"width":701,"height":438,"url":"https:\/\/lepotentiel.bj\/wp-content\/uploads\/2026\/09\/images-63.jpeg","type":"image\/jpeg"}],"author":"Le Potentiel","twitter_card":"summary_large_image","twitter_misc":{"\u00c9crit par":"Le Potentiel","Dur\u00e9e de lecture estim\u00e9e":"3 minutes"},"schema":{"@context":"https:\/\/schema.org","@graph":[{"@type":"Article","@id":"https:\/\/lepotentiel.bj\/?p=87420#article","isPartOf":{"@id":"https:\/\/lepotentiel.bj\/?p=87420"},"author":{"name":"Le Potentiel","@id":"https:\/\/lepotentiel.bj\/#\/schema\/person\/453725c41f4363806763503087c06c70"},"headline":"Agriculture au B\u00e9nin : 2.000 producteurs de ma\u00efs cibl\u00e9s par un programme de productivit\u00e9 et de protection sociale","datePublished":"2026-09-03T14:04:15+00:00","mainEntityOfPage":{"@id":"https:\/\/lepotentiel.bj\/?p=87420"},"wordCount":426,"commentCount":0,"publisher":{"@id":"https:\/\/lepotentiel.bj\/#organization"},"image":{"@id":"https:\/\/lepotentiel.bj\/?p=87420#primaryimage"},"thumbnailUrl":"https:\/\/lepotentiel.bj\/wp-content\/uploads\/2026\/09\/images-63.jpeg","articleSection":["Actualit\u00e9"],"inLanguage":"fr-FR","potentialAction":[{"@type":"CommentAction","name":"Comment","target":["https:\/\/lepotentiel.bj\/?p=87420#respond"]}]},{"@type":"WebPage","@id":"https:\/\/lepotentiel.bj\/?p=87420","url":"https:\/\/lepotentiel.bj\/?p=87420","name":"Agriculture au B\u00e9nin : 2.000 producteurs de ma\u00efs cibl\u00e9s par un programme de productivit\u00e9 et de protection sociale - Le Potentiel","isPartOf":{"@id":"https:\/\/lepotentiel.bj\/#website"},"primaryImageOfPage":{"@id":"https:\/\/lepotentiel.bj\/?p=87420#primaryimage"},"image":{"@id":"https:\/\/lepotentiel.bj\/?p=87420#primaryimage"},"thumbnailUrl":"https:\/\/lepotentiel.bj\/wp-content\/uploads\/2026\/09\/images-63.jpeg","datePublished":"2026-09-03T14:04:15+00:00","breadcrumb":{"@id":"https:\/\/lepotentiel.bj\/?p=87420#breadcrumb"},"inLanguage":"fr-FR","potentialAction":[{"@type":"ReadAction","target":["https:\/\/lepotentiel.bj\/?p=87420"]}]},{"@type":"ImageObject","inLanguage":"fr-FR","@id":"https:\/\/lepotentiel.bj\/?p=87420#primaryimage","url":"https:\/\/lepotentiel.bj\/wp-content\/uploads\/2026\/09\/images-63.jpeg","contentUrl":"https:\/\/lepotentiel.bj\/wp-content\/uploads\/2026\/09\/images-63.jpeg","width":701,"height":438},{"@type":"BreadcrumbList","@id":"https:\/\/lepotentiel.bj\/?p=87420#breadcrumb","itemListElement":[{"@type":"ListItem","position":1,"name":"Accueil","item":"https:\/\/lepotentiel.bj\/"},{"@type":"ListItem","position":2,"name":"Agriculture au B\u00e9nin : 2.000 producteurs de ma\u00efs cibl\u00e9s par un programme de productivit\u00e9 et de protection sociale"}]},{"@type":"WebSite","@id":"https:\/\/lepotentiel.bj\/#website","url":"https:\/\/lepotentiel.bj\/","name":"Le Potentiel","description":"Le Potentiel, au service de l\u2019information, nous sommes les fantassins du droit de savoir","publisher":{"@id":"https:\/\/lepotentiel.bj\/#organization"},"potentialAction":[{"@type":"SearchAction","target":{"@type":"EntryPoint","urlTemplate":"https:\/\/lepotentiel.bj\/?s={search_term_string}"},"query-input":{"@type":"PropertyValueSpecification","valueRequired":true,"valueName":"search_term_string"}}],"inLanguage":"fr-FR"},{"@type":"Organization","@id":"https:\/\/lepotentiel.bj\/#organization","name":"Le Potentiel","url":"https:\/\/lepotentiel.bj\/","logo":{"@type":"ImageObject","inLanguage":"fr-FR","@id":"https:\/\/lepotentiel.bj\/#\/schema\/logo\/image\/","url":"https:\/\/lepotentiel.bj\/wp-content\/uploads\/2023\/12\/logo-pot.jpg","contentUrl":"https:\/\/lepotentiel.bj\/wp-content\/uploads\/2023\/12\/logo-pot.jpg","width":562,"height":84,"caption":"Le Potentiel"},"image":{"@id":"https:\/\/lepotentiel.bj\/#\/schema\/logo\/image\/"}},{"@type":"Person","@id":"https:\/\/lepotentiel.bj\/#\/schema\/person\/453725c41f4363806763503087c06c70","name":"Le Potentiel","image":{"@type":"ImageObject","inLanguage":"fr-FR","@id":"https:\/\/secure.gravatar.com\/avatar\/4085301697e4181824463b6ab1ea0ef6abfe68ad30a95258574a4b2d1c76522e?s=96&d=mm&r=g","url":"https:\/\/secure.gravatar.com\/avatar\/4085301697e4181824463b6ab1ea0ef6abfe68ad30a95258574a4b2d1c76522e?s=96&d=mm&r=g","contentUrl":"https:\/\/secure.gravatar.com\/avatar\/4085301697e4181824463b6ab1ea0ef6abfe68ad30a95258574a4b2d1c76522e?s=96&d=mm&r=g","caption":"Le Potentiel"},"url":"https:\/\/lepotentiel.bj\/?author=4"}]}},"_links":{"self":[{"href":"https:\/\/lepotentiel.bj\/index.php?rest_route=\/wp\/v2\/posts\/87420","targetHints":{"allow":["GET"]}}],"collection":[{"href":"https:\/\/lepotentiel.bj\/index.php?rest_route=\/wp\/v2\/posts"}],"about":[{"href":"https:\/\/lepotentiel.bj\/index.php?rest_route=\/wp\/v2\/types\/post"}],"author":[{"embeddable":true,"href":"https:\/\/lepotentiel.bj\/index.php?rest_route=\/wp\/v2\/users\/4"}],"replies":[{"embeddable":true,"href":"https:\/\/lepotentiel.bj\/index.php?rest_route=%2Fwp%2Fv2%2Fcomments&post=87420"}],"version-history":[{"count":1,"href":"https:\/\/lepotentiel.bj\/index.php?rest_route=\/wp\/v2\/posts\/87420\/revisions"}],"predecessor-version":[{"id":87422,"href":"https:\/\/lepotentiel.bj\/index.php?rest_route=\/wp\/v2\/posts\/87420\/revisions\/87422"}],"wp:featuredmedia":[{"embeddable":true,"href":"https:\/\/lepotentiel.bj\/index.php?rest_route=\/wp\/v2\/media\/87421"}],"wp:attachment":[{"href":"https:\/\/lepotentiel.bj\/index.php?rest_route=%2Fwp%2Fv2%2Fmedia&parent=87420"}],"wp:term":[{"taxonomy":"category","embeddable":true,"href":"https:\/\/lepotentiel.bj\/index.php?rest_route=%2Fwp%2Fv2%2Fcategories&post=87420"},{"taxonomy":"post_tag","embeddable":true,"href":"https:\/\/lepotentiel.bj\/index.php?rest_route=%2Fwp%2Fv2%2Ftags&post=87420"}],"curies":[{"name":"wp","href":"https:\/\/api.w.org\/{rel}","templated":true}]}}