{"id":87423,"date":"2026-09-03T21:40:16","date_gmt":"2026-09-03T19:40:16","guid":{"rendered":"https:\/\/lepotentiel.bj\/?p=87423"},"modified":"2026-09-03T21:40:33","modified_gmt":"2026-09-03T19:40:33","slug":"87423","status":"publish","type":"post","link":"https:\/\/lepotentiel.bj\/?p=87423","title":{"rendered":"Migration irr\u00e9guli\u00e8re : plus de 80 morts dans une embarcation vers l&rsquo;Europe"},"content":{"rendered":"<p style=\"text-align: justify;\"><strong>Migration irr\u00e9guli\u00e8re : plus de 80 morts dans une embarcation vers l&rsquo;Europe<\/strong><\/p>\n<p style=\"text-align: justify;\"><strong>Plus de 80 migrants, dont au moins un enfant, seraient morts apr\u00e8s quatre semaines de d\u00e9rive dans l\u2019Atlantique \u00e0 bord d\u2019une embarcation partie de Gambie. Le bateau, qui transportait 128 personnes au d\u00e9part, a \u00e9t\u00e9 secouru dans la nuit du 2 au 3 septembre 2026 au large des \u00eeles Canaries, selon la presse espagnole.<\/strong><\/p>\n<p style=\"text-align: justify;\">L\u2019embarcation a \u00e9t\u00e9 rep\u00e9r\u00e9e par un avion de surveillance \u00e0 environ 100 kilom\u00e8tres au sud de Grande Canarie. Lors de l\u2019op\u00e9ration de sauvetage, les secours ont d\u00e9couvert 44 survivants et cinq corps \u00e0 bord.<\/p>\n<p style=\"text-align: justify;\">Les rescap\u00e9s, fortement affaiblis apr\u00e8s plusieurs semaines en mer, ont \u00e9t\u00e9 pris en charge par les services de secours espagnols. Selon leurs t\u00e9moignages, l\u2019embarcation avait quitt\u00e9 la Gambie le 7 ao\u00fbt 2026 avec 128 passagers. Parmi eux figuraient quatre femmes et un b\u00e9b\u00e9.<\/p>\n<p style=\"text-align: justify;\">Les passagers, de nationalit\u00e9s gambienne et malienne, auraient pass\u00e9 pr\u00e8s d\u2019un mois \u00e0 bord de cette embarcation de p\u00eache, confront\u00e9s aux conditions particuli\u00e8rement difficiles de la travers\u00e9e de l\u2019Atlantique. Le bilan humain pourrait \u00eatre encore plus lourd. Le nombre de survivants et de corps retrouv\u00e9s laisse supposer que plusieurs dizaines de personnes sont toujours port\u00e9es disparues. Les circonstances pr\u00e9cises des d\u00e9c\u00e8s restent \u00e0 \u00e9tablir.<\/p>\n<p style=\"text-align: justify;\">Cette nouvelle trag\u00e9die intervient dans un contexte de forte mortalit\u00e9 sur la route migratoire atlantique vers les \u00eeles Canaries, l\u2019un des itin\u00e9raires les plus dangereux emprunt\u00e9s par les migrants cherchant \u00e0 rejoindre l\u2019Europe. Selon les donn\u00e9es de l\u2019Organisation internationale pour les migrations (OIM), au moins 1 214 migrants sont morts ou port\u00e9s disparus sur cette route en 2025, lors de 54 naufrages recens\u00e9s. L\u2019organisation pr\u00e9cise toutefois que ces chiffres constituent des estimations minimales, de nombreux naufrages et d\u00e9c\u00e8s n\u2019\u00e9tant jamais document\u00e9s.<\/p>\n<p style=\"text-align: justify;\">Depuis le d\u00e9but de l\u2019ann\u00e9e 2026, l\u2019OIM fait \u00e9tat de 345 morts ou disparus sur les routes migratoires de l\u2019Afrique de l\u2019Ouest et de l\u2019Atlantique. \u00c0 l\u2019\u00e9chelle de l\u2019ensemble des routes migratoires vers l\u2019Europe, 2 077 d\u00e9c\u00e8s ou disparitions ont \u00e9t\u00e9 enregistr\u00e9s depuis janvier 2026, selon les derni\u00e8res donn\u00e9es disponibles. La trag\u00e9die de cette embarcation partie de Gambie vient ainsi rappeler les risques consid\u00e9rables auxquels s\u2019exposent les candidats \u00e0 la migration irr\u00e9guli\u00e8re sur l\u2019Atlantique.<\/p>\n<p style=\"text-align: justify;\">M\u00e9dard Clobechi<\/p>\n","protected":false},"excerpt":{"rendered":"<p>Migration irr\u00e9guli\u00e8re : plus de 80 morts dans une embarcation vers l&rsquo;Europe Plus de 80 migrants, dont au moins un enfant, seraient morts apr\u00e8s quatre semaines de d\u00e9rive dans l\u2019Atlantique \u00e0 bord d\u2019une embarcation partie de Gambie. Le bateau, qui transportait 128 personnes au d\u00e9part, a \u00e9t\u00e9 secouru dans la nuit du 2 au 3 [&hellip;]<\/p>\n","protected":false},"author":4,"featured_media":87424,"comment_status":"open","ping_status":"open","sticky":false,"template":"","format":"standard","meta":{"footnotes":""},"categories":[34],"tags":[],"class_list":["post-87423","post","type-post","status-publish","format-standard","has-post-thumbnail","hentry","category-actualite"],"yoast_head":"<!-- This site is optimized with the Yoast SEO plugin v28.2 - https:\/\/yoast.com\/product\/yoast-seo-wordpress\/ -->\n<title>Migration irr\u00e9guli\u00e8re : plus de 80 morts dans une embarcation vers l&#039;Europe - Le Potentiel<\/title>\n<meta name=\"description\" content=\"Migration irr\u00e9guli\u00e8re : plus de 80 morts dans une embarcation vers l&#039;Europe. \u00celes de Canaries, immigration, mort, Afrique\" \/>\n<meta name=\"robots\" content=\"index, follow, max-snippet:-1, max-image-preview:large, max-video-preview:-1\" \/>\n<link rel=\"canonical\" href=\"https:\/\/lepotentiel.bj\/?p=87423\" \/>\n<meta property=\"og:locale\" content=\"fr_FR\" \/>\n<meta property=\"og:type\" content=\"article\" \/>\n<meta property=\"og:title\" content=\"Migration irr\u00e9guli\u00e8re : plus de 80 morts dans une embarcation vers l&#039;Europe - Le Potentiel\" \/>\n<meta property=\"og:description\" content=\"Migration irr\u00e9guli\u00e8re : plus de 80 morts dans une embarcation vers l&#039;Europe. \u00celes de Canaries, immigration, mort, Afrique\" \/>\n<meta property=\"og:url\" content=\"https:\/\/lepotentiel.bj\/?p=87423\" \/>\n<meta property=\"og:site_name\" content=\"Le Potentiel\" \/>\n<meta property=\"article:published_time\" content=\"2026-09-03T19:40:16+00:00\" \/>\n<meta property=\"article:modified_time\" content=\"2026-09-03T19:40:33+00:00\" \/>\n<meta property=\"og:image\" content=\"https:\/\/lepotentiel.bj\/wp-content\/uploads\/2026\/09\/thumbs_b_c_35cfe847cfe0d46d2042e7caa25311f9-1.webp\" \/>\n\t<meta property=\"og:image:width\" content=\"864\" \/>\n\t<meta property=\"og:image:height\" content=\"486\" \/>\n\t<meta property=\"og:image:type\" content=\"image\/webp\" \/>\n<meta name=\"author\" content=\"Le Potentiel\" \/>\n<meta name=\"twitter:card\" content=\"summary_large_image\" \/>\n<meta name=\"twitter:label1\" content=\"\u00c9crit par\" \/>\n\t<meta name=\"twitter:data1\" content=\"Le Potentiel\" \/>\n\t<meta name=\"twitter:label2\" content=\"Dur\u00e9e de lecture estim\u00e9e\" \/>\n\t<meta name=\"twitter:data2\" content=\"3 minutes\" \/>\n<script type=\"application\/ld+json\" class=\"yoast-schema-graph\">{\"@context\":\"https:\\\/\\\/schema.org\",\"@graph\":[{\"@type\":\"Article\",\"@id\":\"https:\\\/\\\/lepotentiel.bj\\\/?p=87423#article\",\"isPartOf\":{\"@id\":\"https:\\\/\\\/lepotentiel.bj\\\/?p=87423\"},\"author\":{\"name\":\"Le Potentiel\",\"@id\":\"https:\\\/\\\/lepotentiel.bj\\\/#\\\/schema\\\/person\\\/453725c41f4363806763503087c06c70\"},\"headline\":\"Migration irr\u00e9guli\u00e8re : plus de 80 morts dans une embarcation vers l&rsquo;Europe\",\"datePublished\":\"2026-09-03T19:40:16+00:00\",\"dateModified\":\"2026-09-03T19:40:33+00:00\",\"mainEntityOfPage\":{\"@id\":\"https:\\\/\\\/lepotentiel.bj\\\/?p=87423\"},\"wordCount\":417,\"commentCount\":0,\"publisher\":{\"@id\":\"https:\\\/\\\/lepotentiel.bj\\\/#organization\"},\"image\":{\"@id\":\"https:\\\/\\\/lepotentiel.bj\\\/?p=87423#primaryimage\"},\"thumbnailUrl\":\"https:\\\/\\\/lepotentiel.bj\\\/wp-content\\\/uploads\\\/2026\\\/09\\\/thumbs_b_c_35cfe847cfe0d46d2042e7caa25311f9-1.webp\",\"articleSection\":[\"Actualit\u00e9\"],\"inLanguage\":\"fr-FR\",\"potentialAction\":[{\"@type\":\"CommentAction\",\"name\":\"Comment\",\"target\":[\"https:\\\/\\\/lepotentiel.bj\\\/?p=87423#respond\"]}]},{\"@type\":\"WebPage\",\"@id\":\"https:\\\/\\\/lepotentiel.bj\\\/?p=87423\",\"url\":\"https:\\\/\\\/lepotentiel.bj\\\/?p=87423\",\"name\":\"Migration irr\u00e9guli\u00e8re : plus de 80 morts dans une embarcation vers l'Europe - Le Potentiel\",\"isPartOf\":{\"@id\":\"https:\\\/\\\/lepotentiel.bj\\\/#website\"},\"primaryImageOfPage\":{\"@id\":\"https:\\\/\\\/lepotentiel.bj\\\/?p=87423#primaryimage\"},\"image\":{\"@id\":\"https:\\\/\\\/lepotentiel.bj\\\/?p=87423#primaryimage\"},\"thumbnailUrl\":\"https:\\\/\\\/lepotentiel.bj\\\/wp-content\\\/uploads\\\/2026\\\/09\\\/thumbs_b_c_35cfe847cfe0d46d2042e7caa25311f9-1.webp\",\"datePublished\":\"2026-09-03T19:40:16+00:00\",\"dateModified\":\"2026-09-03T19:40:33+00:00\",\"description\":\"Migration irr\u00e9guli\u00e8re : plus de 80 morts dans une embarcation vers l'Europe. \u00celes de Canaries, immigration, mort, Afrique\",\"breadcrumb\":{\"@id\":\"https:\\\/\\\/lepotentiel.bj\\\/?p=87423#breadcrumb\"},\"inLanguage\":\"fr-FR\",\"potentialAction\":[{\"@type\":\"ReadAction\",\"target\":[\"https:\\\/\\\/lepotentiel.bj\\\/?p=87423\"]}]},{\"@type\":\"ImageObject\",\"inLanguage\":\"fr-FR\",\"@id\":\"https:\\\/\\\/lepotentiel.bj\\\/?p=87423#primaryimage\",\"url\":\"https:\\\/\\\/lepotentiel.bj\\\/wp-content\\\/uploads\\\/2026\\\/09\\\/thumbs_b_c_35cfe847cfe0d46d2042e7caa25311f9-1.webp\",\"contentUrl\":\"https:\\\/\\\/lepotentiel.bj\\\/wp-content\\\/uploads\\\/2026\\\/09\\\/thumbs_b_c_35cfe847cfe0d46d2042e7caa25311f9-1.webp\",\"width\":864,\"height\":486},{\"@type\":\"BreadcrumbList\",\"@id\":\"https:\\\/\\\/lepotentiel.bj\\\/?p=87423#breadcrumb\",\"itemListElement\":[{\"@type\":\"ListItem\",\"position\":1,\"name\":\"Accueil\",\"item\":\"https:\\\/\\\/lepotentiel.bj\\\/\"},{\"@type\":\"ListItem\",\"position\":2,\"name\":\"Migration irr\u00e9guli\u00e8re : plus de 80 morts dans une embarcation vers l&rsquo;Europe\"}]},{\"@type\":\"WebSite\",\"@id\":\"https:\\\/\\\/lepotentiel.bj\\\/#website\",\"url\":\"https:\\\/\\\/lepotentiel.bj\\\/\",\"name\":\"Le Potentiel\",\"description\":\"Le Potentiel, au service de l\u2019information, nous sommes les fantassins du droit de savoir\",\"publisher\":{\"@id\":\"https:\\\/\\\/lepotentiel.bj\\\/#organization\"},\"potentialAction\":[{\"@type\":\"SearchAction\",\"target\":{\"@type\":\"EntryPoint\",\"urlTemplate\":\"https:\\\/\\\/lepotentiel.bj\\\/?s={search_term_string}\"},\"query-input\":{\"@type\":\"PropertyValueSpecification\",\"valueRequired\":true,\"valueName\":\"search_term_string\"}}],\"inLanguage\":\"fr-FR\"},{\"@type\":\"Organization\",\"@id\":\"https:\\\/\\\/lepotentiel.bj\\\/#organization\",\"name\":\"Le Potentiel\",\"url\":\"https:\\\/\\\/lepotentiel.bj\\\/\",\"logo\":{\"@type\":\"ImageObject\",\"inLanguage\":\"fr-FR\",\"@id\":\"https:\\\/\\\/lepotentiel.bj\\\/#\\\/schema\\\/logo\\\/image\\\/\",\"url\":\"https:\\\/\\\/lepotentiel.bj\\\/wp-content\\\/uploads\\\/2023\\\/12\\\/logo-pot.jpg\",\"contentUrl\":\"https:\\\/\\\/lepotentiel.bj\\\/wp-content\\\/uploads\\\/2023\\\/12\\\/logo-pot.jpg\",\"width\":562,\"height\":84,\"caption\":\"Le Potentiel\"},\"image\":{\"@id\":\"https:\\\/\\\/lepotentiel.bj\\\/#\\\/schema\\\/logo\\\/image\\\/\"}},{\"@type\":\"Person\",\"@id\":\"https:\\\/\\\/lepotentiel.bj\\\/#\\\/schema\\\/person\\\/453725c41f4363806763503087c06c70\",\"name\":\"Le Potentiel\",\"image\":{\"@type\":\"ImageObject\",\"inLanguage\":\"fr-FR\",\"@id\":\"https:\\\/\\\/secure.gravatar.com\\\/avatar\\\/4085301697e4181824463b6ab1ea0ef6abfe68ad30a95258574a4b2d1c76522e?s=96&d=mm&r=g\",\"url\":\"https:\\\/\\\/secure.gravatar.com\\\/avatar\\\/4085301697e4181824463b6ab1ea0ef6abfe68ad30a95258574a4b2d1c76522e?s=96&d=mm&r=g\",\"contentUrl\":\"https:\\\/\\\/secure.gravatar.com\\\/avatar\\\/4085301697e4181824463b6ab1ea0ef6abfe68ad30a95258574a4b2d1c76522e?s=96&d=mm&r=g\",\"caption\":\"Le Potentiel\"},\"url\":\"https:\\\/\\\/lepotentiel.bj\\\/?author=4\"}]}<\/script>\n<!-- \/ Yoast SEO plugin. -->","yoast_head_json":{"title":"Migration irr\u00e9guli\u00e8re : plus de 80 morts dans une embarcation vers l'Europe - Le Potentiel","description":"Migration irr\u00e9guli\u00e8re : plus de 80 morts dans une embarcation vers l'Europe. \u00celes de Canaries, immigration, mort, Afrique","robots":{"index":"index","follow":"follow","max-snippet":"max-snippet:-1","max-image-preview":"max-image-preview:large","max-video-preview":"max-video-preview:-1"},"canonical":"https:\/\/lepotentiel.bj\/?p=87423","og_locale":"fr_FR","og_type":"article","og_title":"Migration irr\u00e9guli\u00e8re : plus de 80 morts dans une embarcation vers l'Europe - Le Potentiel","og_description":"Migration irr\u00e9guli\u00e8re : plus de 80 morts dans une embarcation vers l'Europe. \u00celes de Canaries, immigration, mort, Afrique","og_url":"https:\/\/lepotentiel.bj\/?p=87423","og_site_name":"Le Potentiel","article_published_time":"2026-09-03T19:40:16+00:00","article_modified_time":"2026-09-03T19:40:33+00:00","og_image":[{"width":864,"height":486,"url":"https:\/\/lepotentiel.bj\/wp-content\/uploads\/2026\/09\/thumbs_b_c_35cfe847cfe0d46d2042e7caa25311f9-1.webp","type":"image\/webp"}],"author":"Le Potentiel","twitter_card":"summary_large_image","twitter_misc":{"\u00c9crit par":"Le Potentiel","Dur\u00e9e de lecture estim\u00e9e":"3 minutes"},"schema":{"@context":"https:\/\/schema.org","@graph":[{"@type":"Article","@id":"https:\/\/lepotentiel.bj\/?p=87423#article","isPartOf":{"@id":"https:\/\/lepotentiel.bj\/?p=87423"},"author":{"name":"Le Potentiel","@id":"https:\/\/lepotentiel.bj\/#\/schema\/person\/453725c41f4363806763503087c06c70"},"headline":"Migration irr\u00e9guli\u00e8re : plus de 80 morts dans une embarcation vers l&rsquo;Europe","datePublished":"2026-09-03T19:40:16+00:00","dateModified":"2026-09-03T19:40:33+00:00","mainEntityOfPage":{"@id":"https:\/\/lepotentiel.bj\/?p=87423"},"wordCount":417,"commentCount":0,"publisher":{"@id":"https:\/\/lepotentiel.bj\/#organization"},"image":{"@id":"https:\/\/lepotentiel.bj\/?p=87423#primaryimage"},"thumbnailUrl":"https:\/\/lepotentiel.bj\/wp-content\/uploads\/2026\/09\/thumbs_b_c_35cfe847cfe0d46d2042e7caa25311f9-1.webp","articleSection":["Actualit\u00e9"],"inLanguage":"fr-FR","potentialAction":[{"@type":"CommentAction","name":"Comment","target":["https:\/\/lepotentiel.bj\/?p=87423#respond"]}]},{"@type":"WebPage","@id":"https:\/\/lepotentiel.bj\/?p=87423","url":"https:\/\/lepotentiel.bj\/?p=87423","name":"Migration irr\u00e9guli\u00e8re : plus de 80 morts dans une embarcation vers l'Europe - Le Potentiel","isPartOf":{"@id":"https:\/\/lepotentiel.bj\/#website"},"primaryImageOfPage":{"@id":"https:\/\/lepotentiel.bj\/?p=87423#primaryimage"},"image":{"@id":"https:\/\/lepotentiel.bj\/?p=87423#primaryimage"},"thumbnailUrl":"https:\/\/lepotentiel.bj\/wp-content\/uploads\/2026\/09\/thumbs_b_c_35cfe847cfe0d46d2042e7caa25311f9-1.webp","datePublished":"2026-09-03T19:40:16+00:00","dateModified":"2026-09-03T19:40:33+00:00","description":"Migration irr\u00e9guli\u00e8re : plus de 80 morts dans une embarcation vers l'Europe. \u00celes de Canaries, immigration, mort, Afrique","breadcrumb":{"@id":"https:\/\/lepotentiel.bj\/?p=87423#breadcrumb"},"inLanguage":"fr-FR","potentialAction":[{"@type":"ReadAction","target":["https:\/\/lepotentiel.bj\/?p=87423"]}]},{"@type":"ImageObject","inLanguage":"fr-FR","@id":"https:\/\/lepotentiel.bj\/?p=87423#primaryimage","url":"https:\/\/lepotentiel.bj\/wp-content\/uploads\/2026\/09\/thumbs_b_c_35cfe847cfe0d46d2042e7caa25311f9-1.webp","contentUrl":"https:\/\/lepotentiel.bj\/wp-content\/uploads\/2026\/09\/thumbs_b_c_35cfe847cfe0d46d2042e7caa25311f9-1.webp","width":864,"height":486},{"@type":"BreadcrumbList","@id":"https:\/\/lepotentiel.bj\/?p=87423#breadcrumb","itemListElement":[{"@type":"ListItem","position":1,"name":"Accueil","item":"https:\/\/lepotentiel.bj\/"},{"@type":"ListItem","position":2,"name":"Migration irr\u00e9guli\u00e8re : plus de 80 morts dans une embarcation vers l&rsquo;Europe"}]},{"@type":"WebSite","@id":"https:\/\/lepotentiel.bj\/#website","url":"https:\/\/lepotentiel.bj\/","name":"Le Potentiel","description":"Le Potentiel, au service de l\u2019information, nous sommes les fantassins du droit de savoir","publisher":{"@id":"https:\/\/lepotentiel.bj\/#organization"},"potentialAction":[{"@type":"SearchAction","target":{"@type":"EntryPoint","urlTemplate":"https:\/\/lepotentiel.bj\/?s={search_term_string}"},"query-input":{"@type":"PropertyValueSpecification","valueRequired":true,"valueName":"search_term_string"}}],"inLanguage":"fr-FR"},{"@type":"Organization","@id":"https:\/\/lepotentiel.bj\/#organization","name":"Le Potentiel","url":"https:\/\/lepotentiel.bj\/","logo":{"@type":"ImageObject","inLanguage":"fr-FR","@id":"https:\/\/lepotentiel.bj\/#\/schema\/logo\/image\/","url":"https:\/\/lepotentiel.bj\/wp-content\/uploads\/2023\/12\/logo-pot.jpg","contentUrl":"https:\/\/lepotentiel.bj\/wp-content\/uploads\/2023\/12\/logo-pot.jpg","width":562,"height":84,"caption":"Le Potentiel"},"image":{"@id":"https:\/\/lepotentiel.bj\/#\/schema\/logo\/image\/"}},{"@type":"Person","@id":"https:\/\/lepotentiel.bj\/#\/schema\/person\/453725c41f4363806763503087c06c70","name":"Le Potentiel","image":{"@type":"ImageObject","inLanguage":"fr-FR","@id":"https:\/\/secure.gravatar.com\/avatar\/4085301697e4181824463b6ab1ea0ef6abfe68ad30a95258574a4b2d1c76522e?s=96&d=mm&r=g","url":"https:\/\/secure.gravatar.com\/avatar\/4085301697e4181824463b6ab1ea0ef6abfe68ad30a95258574a4b2d1c76522e?s=96&d=mm&r=g","contentUrl":"https:\/\/secure.gravatar.com\/avatar\/4085301697e4181824463b6ab1ea0ef6abfe68ad30a95258574a4b2d1c76522e?s=96&d=mm&r=g","caption":"Le Potentiel"},"url":"https:\/\/lepotentiel.bj\/?author=4"}]}},"_links":{"self":[{"href":"https:\/\/lepotentiel.bj\/index.php?rest_route=\/wp\/v2\/posts\/87423","targetHints":{"allow":["GET"]}}],"collection":[{"href":"https:\/\/lepotentiel.bj\/index.php?rest_route=\/wp\/v2\/posts"}],"about":[{"href":"https:\/\/lepotentiel.bj\/index.php?rest_route=\/wp\/v2\/types\/post"}],"author":[{"embeddable":true,"href":"https:\/\/lepotentiel.bj\/index.php?rest_route=\/wp\/v2\/users\/4"}],"replies":[{"embeddable":true,"href":"https:\/\/lepotentiel.bj\/index.php?rest_route=%2Fwp%2Fv2%2Fcomments&post=87423"}],"version-history":[{"count":2,"href":"https:\/\/lepotentiel.bj\/index.php?rest_route=\/wp\/v2\/posts\/87423\/revisions"}],"predecessor-version":[{"id":87426,"href":"https:\/\/lepotentiel.bj\/index.php?rest_route=\/wp\/v2\/posts\/87423\/revisions\/87426"}],"wp:featuredmedia":[{"embeddable":true,"href":"https:\/\/lepotentiel.bj\/index.php?rest_route=\/wp\/v2\/media\/87424"}],"wp:attachment":[{"href":"https:\/\/lepotentiel.bj\/index.php?rest_route=%2Fwp%2Fv2%2Fmedia&parent=87423"}],"wp:term":[{"taxonomy":"category","embeddable":true,"href":"https:\/\/lepotentiel.bj\/index.php?rest_route=%2Fwp%2Fv2%2Fcategories&post=87423"},{"taxonomy":"post_tag","embeddable":true,"href":"https:\/\/lepotentiel.bj\/index.php?rest_route=%2Fwp%2Fv2%2Ftags&post=87423"}],"curies":[{"name":"wp","href":"https:\/\/api.w.org\/{rel}","templated":true}]}}