{"id":87429,"date":"2026-09-03T23:31:43","date_gmt":"2026-09-03T21:31:43","guid":{"rendered":"https:\/\/lepotentiel.bj\/?p=87429"},"modified":"2026-09-03T23:31:43","modified_gmt":"2026-09-03T21:31:43","slug":"cooperation-economique-et-appui-au-secteur-prive-awaou-baco-ouvre-de-nouvelles-perspectives-avec-la-berd-pour-les-pme-beninoises","status":"publish","type":"post","link":"https:\/\/lepotentiel.bj\/?p=87429","title":{"rendered":"Coop\u00e9ration \u00e9conomique et appui au secteur priv\u00e9: Awaou Baco ouvre de nouvelles perspectives avec la BERD pour les PME b\u00e9ninoises"},"content":{"rendered":"<p style=\"text-align: justify;\">La ministre des Petites et Moyennes Entreprises et de la Promotion de l\u2019Emploi (Mpmepe), charg\u00e9e de la Formation professionnelle Awaou Baco, a re\u00e7u en audience ce jeudi 3 septembre 2026 Dasha Dougans, Directrice Pays de la Banque europ\u00e9enne pour la reconstruction et le d\u00e9veloppement (Berd) au B\u00e9nin. Les \u00e9changes ont port\u00e9 sur les partenariats en cours et les possibilit\u00e9s de renforcer l\u2019appui de la Berd aux Pme b\u00e9ninoises.<\/p>\n<p style=\"text-align: justify;\">\n<p style=\"text-align: justify;\">La coop\u00e9ration entre le B\u00e9nin et la Berd en faveur du secteur priv\u00e9 \u00e9tait au c\u0153ur de la rencontre. Les deux parties ont fait le point sur les actions engag\u00e9es et \u00e9chang\u00e9 sur les moyens de consolider leur partenariat, particuli\u00e8rement au profit des petites et moyennes entreprises. \u00c0 cet effet, une d\u00e9l\u00e9gation de quatre personnes conduite par Dasha Dougans, directrice pays de la Berd au B\u00e9nin, a pris part aux \u00e9changes. Elle \u00e9tait compos\u00e9e de Jessica Gaba, responsable du programme pme, Tricoche Kingnonhoun, assistant de la repr\u00e9sentante pays et membre de l\u2019\u00e9quipe pme, ainsi que Christelle Sossoumihen, sp\u00e9cialiste en politiques publiques au sein de la Berd.<\/p>\n<p style=\"text-align: justify;\">\n<p style=\"text-align: justify;\">Au cours de l\u2019audience, la Berd a pr\u00e9sent\u00e9 son offre destin\u00e9e aux Pme. Celle-ci repose sur trois principaux axes : l\u2019assistance technique et le conseil aux entreprises, l\u2019acc\u00e8s au financement ainsi que le d\u00e9veloppement de l\u2019\u00e9cosyst\u00e8me entrepreneurial. L\u2019institution accorde \u00e9galement une attention particuli\u00e8re \u00e0 la transition verte, \u00e0 la transformation num\u00e9rique et \u00e0 l\u2019inclusion.<\/p>\n<p style=\"text-align: justify;\">\n<p style=\"text-align: justify;\">Pour la ministre, ces diff\u00e9rents leviers s\u2019inscrivent dans les priorit\u00e9s du gouvernement en mati\u00e8re de d\u00e9veloppement du secteur priv\u00e9. Elle a soulign\u00e9 l\u2019importance d\u2019am\u00e9liorer la productivit\u00e9 des Pme, de favoriser leur participation aux cha\u00eenes de valeur et de renforcer les comp\u00e9tences, en particulier celles des jeunes et des femmes.<\/p>\n<p style=\"text-align: justify;\">\n<p style=\"text-align: justify;\">De nouvelles perspectives pour les Pme<\/p>\n<p style=\"text-align: justify;\">\n<p style=\"text-align: justify;\">La ministre a r\u00e9affirm\u00e9 la disponibilit\u00e9 de son d\u00e9partement \u00e0 poursuivre le travail conjoint avec la Berd, en synergie avec les autres partenaires techniques et financiers. Elle a salu\u00e9 l\u2019appui de l\u2019institution et souhait\u00e9 la poursuite de cette collaboration, notamment pour soutenir le financement des entreprises et les actions en faveur de l\u2019emploi.<\/p>\n<p style=\"text-align: justify;\">Par ailleurs, cette audience ouvre de nouvelles perspectives pour renforcer l\u2019appui aux Pme et soutenir leur contribution \u00e0 la dynamique de d\u00e9veloppement du secteur priv\u00e9 au B\u00e9nin.<\/p>\n<p style=\"text-align: justify;\">\n<p style=\"text-align: justify;\"><strong>Laura LEKE<\/strong><\/p>\n","protected":false},"excerpt":{"rendered":"<p>La ministre des Petites et Moyennes Entreprises et de la Promotion de l\u2019Emploi (Mpmepe), charg\u00e9e de la Formation professionnelle Awaou Baco, a re\u00e7u en audience ce jeudi 3 septembre 2026 Dasha Dougans, Directrice Pays de la Banque europ\u00e9enne pour la reconstruction et le d\u00e9veloppement (Berd) au B\u00e9nin. Les \u00e9changes ont port\u00e9 sur les partenariats en [&hellip;]<\/p>\n","protected":false},"author":18,"featured_media":87431,"comment_status":"open","ping_status":"open","sticky":false,"template":"","format":"standard","meta":{"footnotes":""},"categories":[34],"tags":[],"class_list":["post-87429","post","type-post","status-publish","format-standard","has-post-thumbnail","hentry","category-actualite"],"yoast_head":"<!-- This site is optimized with the Yoast SEO plugin v28.2 - https:\/\/yoast.com\/product\/yoast-seo-wordpress\/ -->\n<title>Coop\u00e9ration \u00e9conomique et appui au secteur priv\u00e9: Awaou Baco ouvre de nouvelles perspectives avec la BERD pour les PME b\u00e9ninoises - Le Potentiel<\/title>\n<meta name=\"robots\" content=\"index, follow, max-snippet:-1, max-image-preview:large, max-video-preview:-1\" \/>\n<link rel=\"canonical\" href=\"https:\/\/lepotentiel.bj\/?p=87429\" \/>\n<meta property=\"og:locale\" content=\"fr_FR\" \/>\n<meta property=\"og:type\" content=\"article\" \/>\n<meta property=\"og:title\" content=\"Coop\u00e9ration \u00e9conomique et appui au secteur priv\u00e9: Awaou Baco ouvre de nouvelles perspectives avec la BERD pour les PME b\u00e9ninoises - Le Potentiel\" \/>\n<meta property=\"og:description\" content=\"La ministre des Petites et Moyennes Entreprises et de la Promotion de l\u2019Emploi (Mpmepe), charg\u00e9e de la Formation professionnelle Awaou Baco, a re\u00e7u en audience ce jeudi 3 septembre 2026 Dasha Dougans, Directrice Pays de la Banque europ\u00e9enne pour la reconstruction et le d\u00e9veloppement (Berd) au B\u00e9nin. Les \u00e9changes ont port\u00e9 sur les partenariats en [&hellip;]\" \/>\n<meta property=\"og:url\" content=\"https:\/\/lepotentiel.bj\/?p=87429\" \/>\n<meta property=\"og:site_name\" content=\"Le Potentiel\" \/>\n<meta property=\"article:published_time\" content=\"2026-09-03T21:31:43+00:00\" \/>\n<meta property=\"og:image\" content=\"https:\/\/lepotentiel.bj\/wp-content\/uploads\/2026\/09\/IMG-20260903-WA0143_1.jpg\" \/>\n\t<meta property=\"og:image:width\" content=\"1037\" \/>\n\t<meta property=\"og:image:height\" content=\"490\" \/>\n\t<meta property=\"og:image:type\" content=\"image\/jpeg\" \/>\n<meta name=\"author\" content=\"Laura\" \/>\n<meta name=\"twitter:card\" content=\"summary_large_image\" \/>\n<meta name=\"twitter:label1\" content=\"\u00c9crit par\" \/>\n\t<meta name=\"twitter:data1\" content=\"Laura\" \/>\n\t<meta name=\"twitter:label2\" content=\"Dur\u00e9e de lecture estim\u00e9e\" \/>\n\t<meta name=\"twitter:data2\" content=\"3 minutes\" \/>\n<script type=\"application\/ld+json\" class=\"yoast-schema-graph\">{\"@context\":\"https:\\\/\\\/schema.org\",\"@graph\":[{\"@type\":\"Article\",\"@id\":\"https:\\\/\\\/lepotentiel.bj\\\/?p=87429#article\",\"isPartOf\":{\"@id\":\"https:\\\/\\\/lepotentiel.bj\\\/?p=87429\"},\"author\":{\"name\":\"Laura\",\"@id\":\"https:\\\/\\\/lepotentiel.bj\\\/#\\\/schema\\\/person\\\/001def78e1eafec4b5733ea184d49dd0\"},\"headline\":\"Coop\u00e9ration \u00e9conomique et appui au secteur priv\u00e9: Awaou Baco ouvre de nouvelles perspectives avec la BERD pour les PME b\u00e9ninoises\",\"datePublished\":\"2026-09-03T21:31:43+00:00\",\"mainEntityOfPage\":{\"@id\":\"https:\\\/\\\/lepotentiel.bj\\\/?p=87429\"},\"wordCount\":430,\"commentCount\":0,\"publisher\":{\"@id\":\"https:\\\/\\\/lepotentiel.bj\\\/#organization\"},\"image\":{\"@id\":\"https:\\\/\\\/lepotentiel.bj\\\/?p=87429#primaryimage\"},\"thumbnailUrl\":\"https:\\\/\\\/lepotentiel.bj\\\/wp-content\\\/uploads\\\/2026\\\/09\\\/IMG-20260903-WA0143_1.jpg\",\"articleSection\":[\"Actualit\u00e9\"],\"inLanguage\":\"fr-FR\",\"potentialAction\":[{\"@type\":\"CommentAction\",\"name\":\"Comment\",\"target\":[\"https:\\\/\\\/lepotentiel.bj\\\/?p=87429#respond\"]}]},{\"@type\":\"WebPage\",\"@id\":\"https:\\\/\\\/lepotentiel.bj\\\/?p=87429\",\"url\":\"https:\\\/\\\/lepotentiel.bj\\\/?p=87429\",\"name\":\"Coop\u00e9ration \u00e9conomique et appui au secteur priv\u00e9: Awaou Baco ouvre de nouvelles perspectives avec la BERD pour les PME b\u00e9ninoises - Le Potentiel\",\"isPartOf\":{\"@id\":\"https:\\\/\\\/lepotentiel.bj\\\/#website\"},\"primaryImageOfPage\":{\"@id\":\"https:\\\/\\\/lepotentiel.bj\\\/?p=87429#primaryimage\"},\"image\":{\"@id\":\"https:\\\/\\\/lepotentiel.bj\\\/?p=87429#primaryimage\"},\"thumbnailUrl\":\"https:\\\/\\\/lepotentiel.bj\\\/wp-content\\\/uploads\\\/2026\\\/09\\\/IMG-20260903-WA0143_1.jpg\",\"datePublished\":\"2026-09-03T21:31:43+00:00\",\"breadcrumb\":{\"@id\":\"https:\\\/\\\/lepotentiel.bj\\\/?p=87429#breadcrumb\"},\"inLanguage\":\"fr-FR\",\"potentialAction\":[{\"@type\":\"ReadAction\",\"target\":[\"https:\\\/\\\/lepotentiel.bj\\\/?p=87429\"]}]},{\"@type\":\"ImageObject\",\"inLanguage\":\"fr-FR\",\"@id\":\"https:\\\/\\\/lepotentiel.bj\\\/?p=87429#primaryimage\",\"url\":\"https:\\\/\\\/lepotentiel.bj\\\/wp-content\\\/uploads\\\/2026\\\/09\\\/IMG-20260903-WA0143_1.jpg\",\"contentUrl\":\"https:\\\/\\\/lepotentiel.bj\\\/wp-content\\\/uploads\\\/2026\\\/09\\\/IMG-20260903-WA0143_1.jpg\",\"width\":1037,\"height\":490},{\"@type\":\"BreadcrumbList\",\"@id\":\"https:\\\/\\\/lepotentiel.bj\\\/?p=87429#breadcrumb\",\"itemListElement\":[{\"@type\":\"ListItem\",\"position\":1,\"name\":\"Accueil\",\"item\":\"https:\\\/\\\/lepotentiel.bj\\\/\"},{\"@type\":\"ListItem\",\"position\":2,\"name\":\"Coop\u00e9ration \u00e9conomique et appui au secteur priv\u00e9: Awaou Baco ouvre de nouvelles perspectives avec la BERD pour les PME b\u00e9ninoises\"}]},{\"@type\":\"WebSite\",\"@id\":\"https:\\\/\\\/lepotentiel.bj\\\/#website\",\"url\":\"https:\\\/\\\/lepotentiel.bj\\\/\",\"name\":\"Le Potentiel\",\"description\":\"Le Potentiel, au service de l\u2019information, nous sommes les fantassins du droit de savoir\",\"publisher\":{\"@id\":\"https:\\\/\\\/lepotentiel.bj\\\/#organization\"},\"potentialAction\":[{\"@type\":\"SearchAction\",\"target\":{\"@type\":\"EntryPoint\",\"urlTemplate\":\"https:\\\/\\\/lepotentiel.bj\\\/?s={search_term_string}\"},\"query-input\":{\"@type\":\"PropertyValueSpecification\",\"valueRequired\":true,\"valueName\":\"search_term_string\"}}],\"inLanguage\":\"fr-FR\"},{\"@type\":\"Organization\",\"@id\":\"https:\\\/\\\/lepotentiel.bj\\\/#organization\",\"name\":\"Le Potentiel\",\"url\":\"https:\\\/\\\/lepotentiel.bj\\\/\",\"logo\":{\"@type\":\"ImageObject\",\"inLanguage\":\"fr-FR\",\"@id\":\"https:\\\/\\\/lepotentiel.bj\\\/#\\\/schema\\\/logo\\\/image\\\/\",\"url\":\"https:\\\/\\\/lepotentiel.bj\\\/wp-content\\\/uploads\\\/2023\\\/12\\\/logo-pot.jpg\",\"contentUrl\":\"https:\\\/\\\/lepotentiel.bj\\\/wp-content\\\/uploads\\\/2023\\\/12\\\/logo-pot.jpg\",\"width\":562,\"height\":84,\"caption\":\"Le Potentiel\"},\"image\":{\"@id\":\"https:\\\/\\\/lepotentiel.bj\\\/#\\\/schema\\\/logo\\\/image\\\/\"}},{\"@type\":\"Person\",\"@id\":\"https:\\\/\\\/lepotentiel.bj\\\/#\\\/schema\\\/person\\\/001def78e1eafec4b5733ea184d49dd0\",\"name\":\"Laura\",\"image\":{\"@type\":\"ImageObject\",\"inLanguage\":\"fr-FR\",\"@id\":\"https:\\\/\\\/secure.gravatar.com\\\/avatar\\\/46e54a01dd5785f370a6c40e9cfe54ebcfd939154e6505072fe15421c0d32893?s=96&d=mm&r=g\",\"url\":\"https:\\\/\\\/secure.gravatar.com\\\/avatar\\\/46e54a01dd5785f370a6c40e9cfe54ebcfd939154e6505072fe15421c0d32893?s=96&d=mm&r=g\",\"contentUrl\":\"https:\\\/\\\/secure.gravatar.com\\\/avatar\\\/46e54a01dd5785f370a6c40e9cfe54ebcfd939154e6505072fe15421c0d32893?s=96&d=mm&r=g\",\"caption\":\"Laura\"},\"url\":\"https:\\\/\\\/lepotentiel.bj\\\/?author=18\"}]}<\/script>\n<!-- \/ Yoast SEO plugin. -->","yoast_head_json":{"title":"Coop\u00e9ration \u00e9conomique et appui au secteur priv\u00e9: Awaou Baco ouvre de nouvelles perspectives avec la BERD pour les PME b\u00e9ninoises - Le Potentiel","robots":{"index":"index","follow":"follow","max-snippet":"max-snippet:-1","max-image-preview":"max-image-preview:large","max-video-preview":"max-video-preview:-1"},"canonical":"https:\/\/lepotentiel.bj\/?p=87429","og_locale":"fr_FR","og_type":"article","og_title":"Coop\u00e9ration \u00e9conomique et appui au secteur priv\u00e9: Awaou Baco ouvre de nouvelles perspectives avec la BERD pour les PME b\u00e9ninoises - Le Potentiel","og_description":"La ministre des Petites et Moyennes Entreprises et de la Promotion de l\u2019Emploi (Mpmepe), charg\u00e9e de la Formation professionnelle Awaou Baco, a re\u00e7u en audience ce jeudi 3 septembre 2026 Dasha Dougans, Directrice Pays de la Banque europ\u00e9enne pour la reconstruction et le d\u00e9veloppement (Berd) au B\u00e9nin. Les \u00e9changes ont port\u00e9 sur les partenariats en [&hellip;]","og_url":"https:\/\/lepotentiel.bj\/?p=87429","og_site_name":"Le Potentiel","article_published_time":"2026-09-03T21:31:43+00:00","og_image":[{"width":1037,"height":490,"url":"https:\/\/lepotentiel.bj\/wp-content\/uploads\/2026\/09\/IMG-20260903-WA0143_1.jpg","type":"image\/jpeg"}],"author":"Laura","twitter_card":"summary_large_image","twitter_misc":{"\u00c9crit par":"Laura","Dur\u00e9e de lecture estim\u00e9e":"3 minutes"},"schema":{"@context":"https:\/\/schema.org","@graph":[{"@type":"Article","@id":"https:\/\/lepotentiel.bj\/?p=87429#article","isPartOf":{"@id":"https:\/\/lepotentiel.bj\/?p=87429"},"author":{"name":"Laura","@id":"https:\/\/lepotentiel.bj\/#\/schema\/person\/001def78e1eafec4b5733ea184d49dd0"},"headline":"Coop\u00e9ration \u00e9conomique et appui au secteur priv\u00e9: Awaou Baco ouvre de nouvelles perspectives avec la BERD pour les PME b\u00e9ninoises","datePublished":"2026-09-03T21:31:43+00:00","mainEntityOfPage":{"@id":"https:\/\/lepotentiel.bj\/?p=87429"},"wordCount":430,"commentCount":0,"publisher":{"@id":"https:\/\/lepotentiel.bj\/#organization"},"image":{"@id":"https:\/\/lepotentiel.bj\/?p=87429#primaryimage"},"thumbnailUrl":"https:\/\/lepotentiel.bj\/wp-content\/uploads\/2026\/09\/IMG-20260903-WA0143_1.jpg","articleSection":["Actualit\u00e9"],"inLanguage":"fr-FR","potentialAction":[{"@type":"CommentAction","name":"Comment","target":["https:\/\/lepotentiel.bj\/?p=87429#respond"]}]},{"@type":"WebPage","@id":"https:\/\/lepotentiel.bj\/?p=87429","url":"https:\/\/lepotentiel.bj\/?p=87429","name":"Coop\u00e9ration \u00e9conomique et appui au secteur priv\u00e9: Awaou Baco ouvre de nouvelles perspectives avec la BERD pour les PME b\u00e9ninoises - Le Potentiel","isPartOf":{"@id":"https:\/\/lepotentiel.bj\/#website"},"primaryImageOfPage":{"@id":"https:\/\/lepotentiel.bj\/?p=87429#primaryimage"},"image":{"@id":"https:\/\/lepotentiel.bj\/?p=87429#primaryimage"},"thumbnailUrl":"https:\/\/lepotentiel.bj\/wp-content\/uploads\/2026\/09\/IMG-20260903-WA0143_1.jpg","datePublished":"2026-09-03T21:31:43+00:00","breadcrumb":{"@id":"https:\/\/lepotentiel.bj\/?p=87429#breadcrumb"},"inLanguage":"fr-FR","potentialAction":[{"@type":"ReadAction","target":["https:\/\/lepotentiel.bj\/?p=87429"]}]},{"@type":"ImageObject","inLanguage":"fr-FR","@id":"https:\/\/lepotentiel.bj\/?p=87429#primaryimage","url":"https:\/\/lepotentiel.bj\/wp-content\/uploads\/2026\/09\/IMG-20260903-WA0143_1.jpg","contentUrl":"https:\/\/lepotentiel.bj\/wp-content\/uploads\/2026\/09\/IMG-20260903-WA0143_1.jpg","width":1037,"height":490},{"@type":"BreadcrumbList","@id":"https:\/\/lepotentiel.bj\/?p=87429#breadcrumb","itemListElement":[{"@type":"ListItem","position":1,"name":"Accueil","item":"https:\/\/lepotentiel.bj\/"},{"@type":"ListItem","position":2,"name":"Coop\u00e9ration \u00e9conomique et appui au secteur priv\u00e9: Awaou Baco ouvre de nouvelles perspectives avec la BERD pour les PME b\u00e9ninoises"}]},{"@type":"WebSite","@id":"https:\/\/lepotentiel.bj\/#website","url":"https:\/\/lepotentiel.bj\/","name":"Le Potentiel","description":"Le Potentiel, au service de l\u2019information, nous sommes les fantassins du droit de savoir","publisher":{"@id":"https:\/\/lepotentiel.bj\/#organization"},"potentialAction":[{"@type":"SearchAction","target":{"@type":"EntryPoint","urlTemplate":"https:\/\/lepotentiel.bj\/?s={search_term_string}"},"query-input":{"@type":"PropertyValueSpecification","valueRequired":true,"valueName":"search_term_string"}}],"inLanguage":"fr-FR"},{"@type":"Organization","@id":"https:\/\/lepotentiel.bj\/#organization","name":"Le Potentiel","url":"https:\/\/lepotentiel.bj\/","logo":{"@type":"ImageObject","inLanguage":"fr-FR","@id":"https:\/\/lepotentiel.bj\/#\/schema\/logo\/image\/","url":"https:\/\/lepotentiel.bj\/wp-content\/uploads\/2023\/12\/logo-pot.jpg","contentUrl":"https:\/\/lepotentiel.bj\/wp-content\/uploads\/2023\/12\/logo-pot.jpg","width":562,"height":84,"caption":"Le Potentiel"},"image":{"@id":"https:\/\/lepotentiel.bj\/#\/schema\/logo\/image\/"}},{"@type":"Person","@id":"https:\/\/lepotentiel.bj\/#\/schema\/person\/001def78e1eafec4b5733ea184d49dd0","name":"Laura","image":{"@type":"ImageObject","inLanguage":"fr-FR","@id":"https:\/\/secure.gravatar.com\/avatar\/46e54a01dd5785f370a6c40e9cfe54ebcfd939154e6505072fe15421c0d32893?s=96&d=mm&r=g","url":"https:\/\/secure.gravatar.com\/avatar\/46e54a01dd5785f370a6c40e9cfe54ebcfd939154e6505072fe15421c0d32893?s=96&d=mm&r=g","contentUrl":"https:\/\/secure.gravatar.com\/avatar\/46e54a01dd5785f370a6c40e9cfe54ebcfd939154e6505072fe15421c0d32893?s=96&d=mm&r=g","caption":"Laura"},"url":"https:\/\/lepotentiel.bj\/?author=18"}]}},"_links":{"self":[{"href":"https:\/\/lepotentiel.bj\/index.php?rest_route=\/wp\/v2\/posts\/87429","targetHints":{"allow":["GET"]}}],"collection":[{"href":"https:\/\/lepotentiel.bj\/index.php?rest_route=\/wp\/v2\/posts"}],"about":[{"href":"https:\/\/lepotentiel.bj\/index.php?rest_route=\/wp\/v2\/types\/post"}],"author":[{"embeddable":true,"href":"https:\/\/lepotentiel.bj\/index.php?rest_route=\/wp\/v2\/users\/18"}],"replies":[{"embeddable":true,"href":"https:\/\/lepotentiel.bj\/index.php?rest_route=%2Fwp%2Fv2%2Fcomments&post=87429"}],"version-history":[{"count":1,"href":"https:\/\/lepotentiel.bj\/index.php?rest_route=\/wp\/v2\/posts\/87429\/revisions"}],"predecessor-version":[{"id":87432,"href":"https:\/\/lepotentiel.bj\/index.php?rest_route=\/wp\/v2\/posts\/87429\/revisions\/87432"}],"wp:featuredmedia":[{"embeddable":true,"href":"https:\/\/lepotentiel.bj\/index.php?rest_route=\/wp\/v2\/media\/87431"}],"wp:attachment":[{"href":"https:\/\/lepotentiel.bj\/index.php?rest_route=%2Fwp%2Fv2%2Fmedia&parent=87429"}],"wp:term":[{"taxonomy":"category","embeddable":true,"href":"https:\/\/lepotentiel.bj\/index.php?rest_route=%2Fwp%2Fv2%2Fcategories&post=87429"},{"taxonomy":"post_tag","embeddable":true,"href":"https:\/\/lepotentiel.bj\/index.php?rest_route=%2Fwp%2Fv2%2Ftags&post=87429"}],"curies":[{"name":"wp","href":"https:\/\/api.w.org\/{rel}","templated":true}]}}