{"id":87436,"date":"2026-09-04T12:42:33","date_gmt":"2026-09-04T10:42:33","guid":{"rendered":"https:\/\/lepotentiel.bj\/?p=87436"},"modified":"2026-09-04T12:42:33","modified_gmt":"2026-09-04T10:42:33","slug":"operation-anti-cybercriminalite-a-gbeyamey-cinq-suspects-apprehendes-par-la-police","status":"publish","type":"post","link":"https:\/\/lepotentiel.bj\/?p=87436","title":{"rendered":"Op\u00e9ration anti-cybercriminalit\u00e9 \u00e0 Gb\u00e9yamey: Cinq suspects appr\u00e9hend\u00e9s par la police"},"content":{"rendered":"<p style=\"text-align: justify;\">Cinq ressortissants \u00e9trangers, \u00e2g\u00e9s de 20 \u00e0 28 ans, ont \u00e9t\u00e9 interpell\u00e9s jeudi 3 septembre 2026 dans le quartier Gb\u00e9yamey, \u00e0 la suite d\u2019une op\u00e9ration men\u00e9e par les \u00e9l\u00e9ments du commissariat frontalier de M\u00e9d\u00e9djonou. Une importante quantit\u00e9 de mat\u00e9riel informatique et t\u00e9l\u00e9phonique a \u00e9t\u00e9 saisie sur les lieux, dans le cadre d\u2019une enqu\u00eate sur des activit\u00e9s pr\u00e9sum\u00e9es de cybercriminalit\u00e9.<\/p>\n<p style=\"text-align: justify;\">\n<p style=\"text-align: justify;\">L\u2019op\u00e9ration fait suite \u00e0 des renseignements faisant \u00e9tat d\u2019activit\u00e9s suspectes dans une maison lou\u00e9e \u00e0 Gb\u00e9yamey. Les fonctionnaires de police inform\u00e9s, ont mis en place un dispositif de surveillance autour de l\u2019habitation dans la nuit du mercredi 2 septembre. L\u2019intervention a eu lieu le lendemain, aux environs de 8 heures. Cinq individus de nationalit\u00e9 \u00e9trang\u00e8re, \u00e2g\u00e9s de 20 \u00e0 28 ans, ont \u00e9t\u00e9 arr\u00eat\u00e9s. Les policiers ont \u00e9galement d\u00e9couvert que l\u2019habitation \u00e9tait \u00e9quip\u00e9e de cam\u00e9ras de surveillance. Au cours de l\u2019intervention, l\u2019un des suspects a tent\u00e9 de prendre la fuite en sautant du deuxi\u00e8me \u00e9tage du b\u00e2timent. Il s\u2019est bless\u00e9 \u00e0 la jambe lors de sa chute et a \u00e9t\u00e9 pris en charge pour une \u00e9valuation de son \u00e9tat de sant\u00e9.<\/p>\n<p style=\"text-align: justify;\">\n<p style=\"text-align: justify;\">*Un important dispositif informatique saisi*<\/p>\n<p style=\"text-align: justify;\">\n<p style=\"text-align: justify;\">La perquisition des lieux a permis de mettre sous scell\u00e9s plusieurs \u00e9quipements. Les policiers ont recens\u00e9 22 ordinateurs portatifs de marque Hp, 25 smartphones android de diff\u00e9rentes marques et deux t\u00e9l\u00e9phones \u00e0 touches Itel. La saisie comprend \u00e9galement six cartes bancaires, cinq pi\u00e8ces d\u2019identit\u00e9 et deux cartes Sim. Trois cam\u00e9ras de surveillance, cinq plaquettes de cartes Sim, ainsi que divers accessoires informatiques et t\u00e9l\u00e9phoniques et des rallonges \u00e9lectriques ont \u00e9galement \u00e9t\u00e9 retrouv\u00e9s. Les cinq personnes interpell\u00e9es et l\u2019ensemble du mat\u00e9riel saisi ont d\u2019abord \u00e9t\u00e9 conduits au commissariat frontalier de M\u00e9d\u00e9djonou. Ils ont ensuite \u00e9t\u00e9 transf\u00e9r\u00e9s \u00e0 l\u2019antenne r\u00e9gionale Sud de lutte contre la cybercriminalit\u00e9 \u00e0 Porto-Novo, charg\u00e9e de la poursuite des investigations. L\u2019enqu\u00eate devra permettre de d\u00e9terminer la nature exacte des activit\u00e9s men\u00e9es dans cette habitation et d\u2019\u00e9tablir d\u2019\u00e9ventuelles ramifications du r\u00e9seau pr\u00e9sum\u00e9.<\/p>\n<p style=\"text-align: justify;\">\n<p style=\"text-align: justify;\"><strong>Laura LEKE<\/strong><\/p>\n","protected":false},"excerpt":{"rendered":"<p>Cinq ressortissants \u00e9trangers, \u00e2g\u00e9s de 20 \u00e0 28 ans, ont \u00e9t\u00e9 interpell\u00e9s jeudi 3 septembre 2026 dans le quartier Gb\u00e9yamey, \u00e0 la suite d\u2019une op\u00e9ration men\u00e9e par les \u00e9l\u00e9ments du commissariat frontalier de M\u00e9d\u00e9djonou. Une importante quantit\u00e9 de mat\u00e9riel informatique et t\u00e9l\u00e9phonique a \u00e9t\u00e9 saisie sur les lieux, dans le cadre d\u2019une enqu\u00eate sur des [&hellip;]<\/p>\n","protected":false},"author":18,"featured_media":87437,"comment_status":"open","ping_status":"open","sticky":false,"template":"","format":"standard","meta":{"footnotes":""},"categories":[34],"tags":[],"class_list":["post-87436","post","type-post","status-publish","format-standard","has-post-thumbnail","hentry","category-actualite"],"yoast_head":"<!-- This site is optimized with the Yoast SEO plugin v28.2 - https:\/\/yoast.com\/product\/yoast-seo-wordpress\/ -->\n<title>Op\u00e9ration anti-cybercriminalit\u00e9 \u00e0 Gb\u00e9yamey: Cinq suspects appr\u00e9hend\u00e9s par la police - Le Potentiel<\/title>\n<meta name=\"robots\" content=\"index, follow, max-snippet:-1, max-image-preview:large, max-video-preview:-1\" \/>\n<link rel=\"canonical\" href=\"https:\/\/lepotentiel.bj\/?p=87436\" \/>\n<meta property=\"og:locale\" content=\"fr_FR\" \/>\n<meta property=\"og:type\" content=\"article\" \/>\n<meta property=\"og:title\" content=\"Op\u00e9ration anti-cybercriminalit\u00e9 \u00e0 Gb\u00e9yamey: Cinq suspects appr\u00e9hend\u00e9s par la police - Le Potentiel\" \/>\n<meta property=\"og:description\" content=\"Cinq ressortissants \u00e9trangers, \u00e2g\u00e9s de 20 \u00e0 28 ans, ont \u00e9t\u00e9 interpell\u00e9s jeudi 3 septembre 2026 dans le quartier Gb\u00e9yamey, \u00e0 la suite d\u2019une op\u00e9ration men\u00e9e par les \u00e9l\u00e9ments du commissariat frontalier de M\u00e9d\u00e9djonou. Une importante quantit\u00e9 de mat\u00e9riel informatique et t\u00e9l\u00e9phonique a \u00e9t\u00e9 saisie sur les lieux, dans le cadre d\u2019une enqu\u00eate sur des [&hellip;]\" \/>\n<meta property=\"og:url\" content=\"https:\/\/lepotentiel.bj\/?p=87436\" \/>\n<meta property=\"og:site_name\" content=\"Le Potentiel\" \/>\n<meta property=\"article:published_time\" content=\"2026-09-04T10:42:33+00:00\" \/>\n<meta property=\"og:image\" content=\"https:\/\/lepotentiel.bj\/wp-content\/uploads\/2026\/09\/1788516142886.jpg\" \/>\n\t<meta property=\"og:image:width\" content=\"720\" \/>\n\t<meta property=\"og:image:height\" content=\"279\" \/>\n\t<meta property=\"og:image:type\" content=\"image\/jpeg\" \/>\n<meta name=\"author\" content=\"Laura\" \/>\n<meta name=\"twitter:card\" content=\"summary_large_image\" \/>\n<meta name=\"twitter:label1\" content=\"\u00c9crit par\" \/>\n\t<meta name=\"twitter:data1\" content=\"Laura\" \/>\n\t<meta name=\"twitter:label2\" content=\"Dur\u00e9e de lecture estim\u00e9e\" \/>\n\t<meta name=\"twitter:data2\" content=\"2 minutes\" \/>\n<script type=\"application\/ld+json\" class=\"yoast-schema-graph\">{\"@context\":\"https:\\\/\\\/schema.org\",\"@graph\":[{\"@type\":\"Article\",\"@id\":\"https:\\\/\\\/lepotentiel.bj\\\/?p=87436#article\",\"isPartOf\":{\"@id\":\"https:\\\/\\\/lepotentiel.bj\\\/?p=87436\"},\"author\":{\"name\":\"Laura\",\"@id\":\"https:\\\/\\\/lepotentiel.bj\\\/#\\\/schema\\\/person\\\/001def78e1eafec4b5733ea184d49dd0\"},\"headline\":\"Op\u00e9ration anti-cybercriminalit\u00e9 \u00e0 Gb\u00e9yamey: Cinq suspects appr\u00e9hend\u00e9s par la police\",\"datePublished\":\"2026-09-04T10:42:33+00:00\",\"mainEntityOfPage\":{\"@id\":\"https:\\\/\\\/lepotentiel.bj\\\/?p=87436\"},\"wordCount\":383,\"commentCount\":0,\"publisher\":{\"@id\":\"https:\\\/\\\/lepotentiel.bj\\\/#organization\"},\"image\":{\"@id\":\"https:\\\/\\\/lepotentiel.bj\\\/?p=87436#primaryimage\"},\"thumbnailUrl\":\"https:\\\/\\\/lepotentiel.bj\\\/wp-content\\\/uploads\\\/2026\\\/09\\\/1788516142886.jpg\",\"articleSection\":[\"Actualit\u00e9\"],\"inLanguage\":\"fr-FR\",\"potentialAction\":[{\"@type\":\"CommentAction\",\"name\":\"Comment\",\"target\":[\"https:\\\/\\\/lepotentiel.bj\\\/?p=87436#respond\"]}]},{\"@type\":\"WebPage\",\"@id\":\"https:\\\/\\\/lepotentiel.bj\\\/?p=87436\",\"url\":\"https:\\\/\\\/lepotentiel.bj\\\/?p=87436\",\"name\":\"Op\u00e9ration anti-cybercriminalit\u00e9 \u00e0 Gb\u00e9yamey: Cinq suspects appr\u00e9hend\u00e9s par la police - Le Potentiel\",\"isPartOf\":{\"@id\":\"https:\\\/\\\/lepotentiel.bj\\\/#website\"},\"primaryImageOfPage\":{\"@id\":\"https:\\\/\\\/lepotentiel.bj\\\/?p=87436#primaryimage\"},\"image\":{\"@id\":\"https:\\\/\\\/lepotentiel.bj\\\/?p=87436#primaryimage\"},\"thumbnailUrl\":\"https:\\\/\\\/lepotentiel.bj\\\/wp-content\\\/uploads\\\/2026\\\/09\\\/1788516142886.jpg\",\"datePublished\":\"2026-09-04T10:42:33+00:00\",\"breadcrumb\":{\"@id\":\"https:\\\/\\\/lepotentiel.bj\\\/?p=87436#breadcrumb\"},\"inLanguage\":\"fr-FR\",\"potentialAction\":[{\"@type\":\"ReadAction\",\"target\":[\"https:\\\/\\\/lepotentiel.bj\\\/?p=87436\"]}]},{\"@type\":\"ImageObject\",\"inLanguage\":\"fr-FR\",\"@id\":\"https:\\\/\\\/lepotentiel.bj\\\/?p=87436#primaryimage\",\"url\":\"https:\\\/\\\/lepotentiel.bj\\\/wp-content\\\/uploads\\\/2026\\\/09\\\/1788516142886.jpg\",\"contentUrl\":\"https:\\\/\\\/lepotentiel.bj\\\/wp-content\\\/uploads\\\/2026\\\/09\\\/1788516142886.jpg\",\"width\":720,\"height\":279},{\"@type\":\"BreadcrumbList\",\"@id\":\"https:\\\/\\\/lepotentiel.bj\\\/?p=87436#breadcrumb\",\"itemListElement\":[{\"@type\":\"ListItem\",\"position\":1,\"name\":\"Accueil\",\"item\":\"https:\\\/\\\/lepotentiel.bj\\\/\"},{\"@type\":\"ListItem\",\"position\":2,\"name\":\"Op\u00e9ration anti-cybercriminalit\u00e9 \u00e0 Gb\u00e9yamey: Cinq suspects appr\u00e9hend\u00e9s par la police\"}]},{\"@type\":\"WebSite\",\"@id\":\"https:\\\/\\\/lepotentiel.bj\\\/#website\",\"url\":\"https:\\\/\\\/lepotentiel.bj\\\/\",\"name\":\"Le Potentiel\",\"description\":\"Le Potentiel, au service de l\u2019information, nous sommes les fantassins du droit de savoir\",\"publisher\":{\"@id\":\"https:\\\/\\\/lepotentiel.bj\\\/#organization\"},\"potentialAction\":[{\"@type\":\"SearchAction\",\"target\":{\"@type\":\"EntryPoint\",\"urlTemplate\":\"https:\\\/\\\/lepotentiel.bj\\\/?s={search_term_string}\"},\"query-input\":{\"@type\":\"PropertyValueSpecification\",\"valueRequired\":true,\"valueName\":\"search_term_string\"}}],\"inLanguage\":\"fr-FR\"},{\"@type\":\"Organization\",\"@id\":\"https:\\\/\\\/lepotentiel.bj\\\/#organization\",\"name\":\"Le Potentiel\",\"url\":\"https:\\\/\\\/lepotentiel.bj\\\/\",\"logo\":{\"@type\":\"ImageObject\",\"inLanguage\":\"fr-FR\",\"@id\":\"https:\\\/\\\/lepotentiel.bj\\\/#\\\/schema\\\/logo\\\/image\\\/\",\"url\":\"https:\\\/\\\/lepotentiel.bj\\\/wp-content\\\/uploads\\\/2023\\\/12\\\/logo-pot.jpg\",\"contentUrl\":\"https:\\\/\\\/lepotentiel.bj\\\/wp-content\\\/uploads\\\/2023\\\/12\\\/logo-pot.jpg\",\"width\":562,\"height\":84,\"caption\":\"Le Potentiel\"},\"image\":{\"@id\":\"https:\\\/\\\/lepotentiel.bj\\\/#\\\/schema\\\/logo\\\/image\\\/\"}},{\"@type\":\"Person\",\"@id\":\"https:\\\/\\\/lepotentiel.bj\\\/#\\\/schema\\\/person\\\/001def78e1eafec4b5733ea184d49dd0\",\"name\":\"Laura\",\"image\":{\"@type\":\"ImageObject\",\"inLanguage\":\"fr-FR\",\"@id\":\"https:\\\/\\\/secure.gravatar.com\\\/avatar\\\/46e54a01dd5785f370a6c40e9cfe54ebcfd939154e6505072fe15421c0d32893?s=96&d=mm&r=g\",\"url\":\"https:\\\/\\\/secure.gravatar.com\\\/avatar\\\/46e54a01dd5785f370a6c40e9cfe54ebcfd939154e6505072fe15421c0d32893?s=96&d=mm&r=g\",\"contentUrl\":\"https:\\\/\\\/secure.gravatar.com\\\/avatar\\\/46e54a01dd5785f370a6c40e9cfe54ebcfd939154e6505072fe15421c0d32893?s=96&d=mm&r=g\",\"caption\":\"Laura\"},\"url\":\"https:\\\/\\\/lepotentiel.bj\\\/?author=18\"}]}<\/script>\n<!-- \/ Yoast SEO plugin. -->","yoast_head_json":{"title":"Op\u00e9ration anti-cybercriminalit\u00e9 \u00e0 Gb\u00e9yamey: Cinq suspects appr\u00e9hend\u00e9s par la police - Le Potentiel","robots":{"index":"index","follow":"follow","max-snippet":"max-snippet:-1","max-image-preview":"max-image-preview:large","max-video-preview":"max-video-preview:-1"},"canonical":"https:\/\/lepotentiel.bj\/?p=87436","og_locale":"fr_FR","og_type":"article","og_title":"Op\u00e9ration anti-cybercriminalit\u00e9 \u00e0 Gb\u00e9yamey: Cinq suspects appr\u00e9hend\u00e9s par la police - Le Potentiel","og_description":"Cinq ressortissants \u00e9trangers, \u00e2g\u00e9s de 20 \u00e0 28 ans, ont \u00e9t\u00e9 interpell\u00e9s jeudi 3 septembre 2026 dans le quartier Gb\u00e9yamey, \u00e0 la suite d\u2019une op\u00e9ration men\u00e9e par les \u00e9l\u00e9ments du commissariat frontalier de M\u00e9d\u00e9djonou. Une importante quantit\u00e9 de mat\u00e9riel informatique et t\u00e9l\u00e9phonique a \u00e9t\u00e9 saisie sur les lieux, dans le cadre d\u2019une enqu\u00eate sur des [&hellip;]","og_url":"https:\/\/lepotentiel.bj\/?p=87436","og_site_name":"Le Potentiel","article_published_time":"2026-09-04T10:42:33+00:00","og_image":[{"width":720,"height":279,"url":"https:\/\/lepotentiel.bj\/wp-content\/uploads\/2026\/09\/1788516142886.jpg","type":"image\/jpeg"}],"author":"Laura","twitter_card":"summary_large_image","twitter_misc":{"\u00c9crit par":"Laura","Dur\u00e9e de lecture estim\u00e9e":"2 minutes"},"schema":{"@context":"https:\/\/schema.org","@graph":[{"@type":"Article","@id":"https:\/\/lepotentiel.bj\/?p=87436#article","isPartOf":{"@id":"https:\/\/lepotentiel.bj\/?p=87436"},"author":{"name":"Laura","@id":"https:\/\/lepotentiel.bj\/#\/schema\/person\/001def78e1eafec4b5733ea184d49dd0"},"headline":"Op\u00e9ration anti-cybercriminalit\u00e9 \u00e0 Gb\u00e9yamey: Cinq suspects appr\u00e9hend\u00e9s par la police","datePublished":"2026-09-04T10:42:33+00:00","mainEntityOfPage":{"@id":"https:\/\/lepotentiel.bj\/?p=87436"},"wordCount":383,"commentCount":0,"publisher":{"@id":"https:\/\/lepotentiel.bj\/#organization"},"image":{"@id":"https:\/\/lepotentiel.bj\/?p=87436#primaryimage"},"thumbnailUrl":"https:\/\/lepotentiel.bj\/wp-content\/uploads\/2026\/09\/1788516142886.jpg","articleSection":["Actualit\u00e9"],"inLanguage":"fr-FR","potentialAction":[{"@type":"CommentAction","name":"Comment","target":["https:\/\/lepotentiel.bj\/?p=87436#respond"]}]},{"@type":"WebPage","@id":"https:\/\/lepotentiel.bj\/?p=87436","url":"https:\/\/lepotentiel.bj\/?p=87436","name":"Op\u00e9ration anti-cybercriminalit\u00e9 \u00e0 Gb\u00e9yamey: Cinq suspects appr\u00e9hend\u00e9s par la police - Le Potentiel","isPartOf":{"@id":"https:\/\/lepotentiel.bj\/#website"},"primaryImageOfPage":{"@id":"https:\/\/lepotentiel.bj\/?p=87436#primaryimage"},"image":{"@id":"https:\/\/lepotentiel.bj\/?p=87436#primaryimage"},"thumbnailUrl":"https:\/\/lepotentiel.bj\/wp-content\/uploads\/2026\/09\/1788516142886.jpg","datePublished":"2026-09-04T10:42:33+00:00","breadcrumb":{"@id":"https:\/\/lepotentiel.bj\/?p=87436#breadcrumb"},"inLanguage":"fr-FR","potentialAction":[{"@type":"ReadAction","target":["https:\/\/lepotentiel.bj\/?p=87436"]}]},{"@type":"ImageObject","inLanguage":"fr-FR","@id":"https:\/\/lepotentiel.bj\/?p=87436#primaryimage","url":"https:\/\/lepotentiel.bj\/wp-content\/uploads\/2026\/09\/1788516142886.jpg","contentUrl":"https:\/\/lepotentiel.bj\/wp-content\/uploads\/2026\/09\/1788516142886.jpg","width":720,"height":279},{"@type":"BreadcrumbList","@id":"https:\/\/lepotentiel.bj\/?p=87436#breadcrumb","itemListElement":[{"@type":"ListItem","position":1,"name":"Accueil","item":"https:\/\/lepotentiel.bj\/"},{"@type":"ListItem","position":2,"name":"Op\u00e9ration anti-cybercriminalit\u00e9 \u00e0 Gb\u00e9yamey: Cinq suspects appr\u00e9hend\u00e9s par la police"}]},{"@type":"WebSite","@id":"https:\/\/lepotentiel.bj\/#website","url":"https:\/\/lepotentiel.bj\/","name":"Le Potentiel","description":"Le Potentiel, au service de l\u2019information, nous sommes les fantassins du droit de savoir","publisher":{"@id":"https:\/\/lepotentiel.bj\/#organization"},"potentialAction":[{"@type":"SearchAction","target":{"@type":"EntryPoint","urlTemplate":"https:\/\/lepotentiel.bj\/?s={search_term_string}"},"query-input":{"@type":"PropertyValueSpecification","valueRequired":true,"valueName":"search_term_string"}}],"inLanguage":"fr-FR"},{"@type":"Organization","@id":"https:\/\/lepotentiel.bj\/#organization","name":"Le Potentiel","url":"https:\/\/lepotentiel.bj\/","logo":{"@type":"ImageObject","inLanguage":"fr-FR","@id":"https:\/\/lepotentiel.bj\/#\/schema\/logo\/image\/","url":"https:\/\/lepotentiel.bj\/wp-content\/uploads\/2023\/12\/logo-pot.jpg","contentUrl":"https:\/\/lepotentiel.bj\/wp-content\/uploads\/2023\/12\/logo-pot.jpg","width":562,"height":84,"caption":"Le Potentiel"},"image":{"@id":"https:\/\/lepotentiel.bj\/#\/schema\/logo\/image\/"}},{"@type":"Person","@id":"https:\/\/lepotentiel.bj\/#\/schema\/person\/001def78e1eafec4b5733ea184d49dd0","name":"Laura","image":{"@type":"ImageObject","inLanguage":"fr-FR","@id":"https:\/\/secure.gravatar.com\/avatar\/46e54a01dd5785f370a6c40e9cfe54ebcfd939154e6505072fe15421c0d32893?s=96&d=mm&r=g","url":"https:\/\/secure.gravatar.com\/avatar\/46e54a01dd5785f370a6c40e9cfe54ebcfd939154e6505072fe15421c0d32893?s=96&d=mm&r=g","contentUrl":"https:\/\/secure.gravatar.com\/avatar\/46e54a01dd5785f370a6c40e9cfe54ebcfd939154e6505072fe15421c0d32893?s=96&d=mm&r=g","caption":"Laura"},"url":"https:\/\/lepotentiel.bj\/?author=18"}]}},"_links":{"self":[{"href":"https:\/\/lepotentiel.bj\/index.php?rest_route=\/wp\/v2\/posts\/87436","targetHints":{"allow":["GET"]}}],"collection":[{"href":"https:\/\/lepotentiel.bj\/index.php?rest_route=\/wp\/v2\/posts"}],"about":[{"href":"https:\/\/lepotentiel.bj\/index.php?rest_route=\/wp\/v2\/types\/post"}],"author":[{"embeddable":true,"href":"https:\/\/lepotentiel.bj\/index.php?rest_route=\/wp\/v2\/users\/18"}],"replies":[{"embeddable":true,"href":"https:\/\/lepotentiel.bj\/index.php?rest_route=%2Fwp%2Fv2%2Fcomments&post=87436"}],"version-history":[{"count":1,"href":"https:\/\/lepotentiel.bj\/index.php?rest_route=\/wp\/v2\/posts\/87436\/revisions"}],"predecessor-version":[{"id":87438,"href":"https:\/\/lepotentiel.bj\/index.php?rest_route=\/wp\/v2\/posts\/87436\/revisions\/87438"}],"wp:featuredmedia":[{"embeddable":true,"href":"https:\/\/lepotentiel.bj\/index.php?rest_route=\/wp\/v2\/media\/87437"}],"wp:attachment":[{"href":"https:\/\/lepotentiel.bj\/index.php?rest_route=%2Fwp%2Fv2%2Fmedia&parent=87436"}],"wp:term":[{"taxonomy":"category","embeddable":true,"href":"https:\/\/lepotentiel.bj\/index.php?rest_route=%2Fwp%2Fv2%2Fcategories&post=87436"},{"taxonomy":"post_tag","embeddable":true,"href":"https:\/\/lepotentiel.bj\/index.php?rest_route=%2Fwp%2Fv2%2Ftags&post=87436"}],"curies":[{"name":"wp","href":"https:\/\/api.w.org\/{rel}","templated":true}]}}