{"id":87439,"date":"2026-09-04T13:22:47","date_gmt":"2026-09-04T11:22:47","guid":{"rendered":"https:\/\/lepotentiel.bj\/?p=87439"},"modified":"2026-09-04T13:22:47","modified_gmt":"2026-09-04T11:22:47","slug":"ceremonie-de-remise-de-kits-aux-enfants-de-militaires-decedes-7%e1%b5%89-edition-gildas-agonkan-la-republique-tient-sa-promesse-aux-orphelins","status":"publish","type":"post","link":"https:\/\/lepotentiel.bj\/?p=87439","title":{"rendered":"C\u00e9r\u00e9monie de remise de kits aux enfants de militaires d\u00e9c\u00e9d\u00e9s -7\u1d49 \u00e9dition : Gildas Agonkan : la R\u00e9publique tient sa promesse aux orphelins"},"content":{"rendered":"<p>Ils \u00e9taient plus d&rsquo;un millier, ce jeudi 3 septembre 2026, \u00e0 recevoir sur le tarmac de la Base a\u00e9rienne de Cotonou bien plus qu&rsquo;un cartable. Pour la 7\u1d49 \u00e9dition de la c\u00e9r\u00e9monie de remise de kits scolaires aux orphelins mineurs des personnels militaires d\u00e9c\u00e9d\u00e9s en activit\u00e9, le ministre d\u00e9l\u00e9gu\u00e9 aupr\u00e8s du Pr\u00e9sident de la R\u00e9publique, charg\u00e9 de la D\u00e9fense nationale, Gildas Agonkan, a offert \u00e0 ces enfants une promesse. Il s&rsquo;agit de la promesse d&rsquo;une R\u00e9publique qui n&rsquo;oublie pas. Plac\u00e9e sous sa pr\u00e9sidence, la c\u00e9r\u00e9monie s&rsquo;est tenue en pr\u00e9sence de la ministre de la Famille et de l&rsquo;Action sociale, du chef d&rsquo;\u00c9tat-major g\u00e9n\u00e9ral des Forces arm\u00e9es b\u00e9ninoises, du chef d&rsquo;\u00c9tat-major de l&rsquo;Arm\u00e9e de terre, ainsi que de plusieurs g\u00e9n\u00e9raux, colonels et cadres du haut commandement militaire. La Communaut\u00e9 musulmane Ahmadiyya \u00e9tait \u00e9galement pr\u00e9sente aux c\u00f4t\u00e9s du gouvernement, dans cet \u00e9lan de solidarit\u00e9 envers les familles endeuill\u00e9es. Mille quarante (1.040) kits scolaires, de la maternelle \u00e0 la terminale, ont \u00e9t\u00e9 distribu\u00e9s cette ann\u00e9e, \u00e0 Cotonou comme \u00e0 l&rsquo;int\u00e9rieur du pays, du Nord au Sud. \u00ab Sept \u00e9ditions, ce n&rsquo;est plus un geste, c&rsquo;est une politique. Ce n&rsquo;est plus une \u00e9motion, c&rsquo;est un engagement inscrit dans le programme de travail de notre minist\u00e8re, financ\u00e9, planifi\u00e9, \u00e9valu\u00e9, et reconduit \u00bb, a insist\u00e9 Gildas Agonkan, rappelant la r\u00e9gularit\u00e9 d&rsquo;une op\u00e9ration engag\u00e9e depuis sept ans. Dans un discours empreint de solennit\u00e9, le ministre a tenu \u00e0 honorer la m\u00e9moire des soldats tomb\u00e9s \u00ab au front, face \u00e0 ceux qui voulaient prendre \u00e0 notre peuple sa paix et \u00e0 nos enfants leur avenir \u00bb, comme ceux disparus en service, \u00ab dans l&rsquo;accomplissement silencieux et rigoureux de leur mission \u00bb. \u00ab Ceux qui vivent, ce sont ceux qui luttent \u00bb. En convoquant cette pens\u00e9e de Victor Hugo, Gildas Agonkan a affirm\u00e9 que les disparus continuaient de vivre \u00ab dans la s\u00e9curit\u00e9 que nous respirons \u00bb et \u00ab dans les regards de ces enfants \u00bb. S&rsquo;adressant directement aux veuves pr\u00e9sentes, Gildas Agonkan a salu\u00e9 leur courage avec des mots empreints de sinc\u00e9rit\u00e9, \u00e9voquant \u00ab les nuits qui n&rsquo;en finissent pas \u00bb et \u00ab les questions d&rsquo;enfants auxquelles il faut r\u00e9pondre sans trembler \u00bb. Il s&rsquo;est engag\u00e9, au nom du gouvernement, \u00e0 renforcer, \u00e9largir et r\u00e9gulariser davantage l&rsquo;accompagnement social des familles des personnels d\u00e9c\u00e9d\u00e9s. Une mission qu&rsquo;il a qualifi\u00e9e de permanente, et non limit\u00e9e \u00e0 un rendez-vous annuel. Le point culminant du discours est venu lorsque le ministre s&rsquo;est adress\u00e9 directement aux enfants. Citant Nelson Mandela. Cette r\u00e9f\u00e9rence africaine disait que \u00ab l&rsquo;\u00e9ducation est l&rsquo;arme la plus puissante que l&rsquo;on puisse utiliser pour changer le monde \u00bb. \u00c0 partir de l\u00e0, le ministre en charge de la d\u00e9fense nationale a pr\u00e9sent\u00e9 les kits scolaires comme les nouvelles armes de ces enfants, les invitant \u00e0 travailler, lire, questionner, et \u00e0 refuser la m\u00e9diocrit\u00e9. Il a compl\u00e9t\u00e9 son propos par une pens\u00e9e attribu\u00e9e \u00e0 Aristote sur l&rsquo;excellence comme habitude, avant d&rsquo;appeler, \u00e0 travers un proverbe b\u00e9ninois selon lequel \u00ab il faut tout un village pour \u00e9lever un enfant \u00bb, l&rsquo;ensemble des Forces arm\u00e9es et de la R\u00e9publique \u00e0 devenir ce village qui veille sur ces enfants. Gildas Agonkan a par ailleurs salu\u00e9 le travail des \u00e9quipes ayant recens\u00e9, organis\u00e9 et achemin\u00e9 les kits jusqu&rsquo;aux localit\u00e9s les plus recul\u00e9es, ainsi que les hommes et femmes en faction aux fronti\u00e8res du pays. Il a clos son propos par un appel vibrant aux enfants \u00e0 aller \u00e0 l&rsquo;\u00e9cole \u00ab la t\u00eate haute \u00bb, avant de conclure sur les vivats aux Forces arm\u00e9es b\u00e9ninoises et \u00e0 la R\u00e9publique. Par ce discours, \u00e0 la fois solennel et chaleureux, le ministre Gildas Agonkan aura su donner, au-del\u00e0 des chiffres, un visage humain \u00e0 l&rsquo;action sociale de la D\u00e9fense nationale envers les familles de ceux qui sont tomb\u00e9s au service du B\u00e9nin.<\/p>\n","protected":false},"excerpt":{"rendered":"<p>Ils \u00e9taient plus d&rsquo;un millier, ce jeudi 3 septembre 2026, \u00e0 recevoir sur le tarmac de la Base a\u00e9rienne de Cotonou bien plus qu&rsquo;un cartable. Pour la 7\u1d49 \u00e9dition de la c\u00e9r\u00e9monie de remise de kits scolaires aux orphelins mineurs des personnels militaires d\u00e9c\u00e9d\u00e9s en activit\u00e9, le ministre d\u00e9l\u00e9gu\u00e9 aupr\u00e8s du Pr\u00e9sident de la R\u00e9publique, [&hellip;]<\/p>\n","protected":false},"author":5,"featured_media":87440,"comment_status":"open","ping_status":"open","sticky":false,"template":"","format":"standard","meta":{"footnotes":""},"categories":[34],"tags":[17765,446,14709,8202,23045,23044],"class_list":["post-87439","post","type-post","status-publish","format-standard","has-post-thumbnail","hentry","category-actualite","tag-7e-edition","tag-enfants","tag-gildas-agonkan","tag-militaires-decedes","tag-promesse-republique","tag-remise-de-kits"],"yoast_head":"<!-- This site is optimized with the Yoast SEO plugin v28.2 - https:\/\/yoast.com\/product\/yoast-seo-wordpress\/ -->\n<title>C\u00e9r\u00e9monie de remise de kits aux enfants de militaires d\u00e9c\u00e9d\u00e9s -7\u1d49 \u00e9dition : Gildas Agonkan : la R\u00e9publique tient sa promesse aux orphelins - Le Potentiel<\/title>\n<meta name=\"robots\" content=\"index, follow, max-snippet:-1, max-image-preview:large, max-video-preview:-1\" \/>\n<link rel=\"canonical\" href=\"https:\/\/lepotentiel.bj\/?p=87439\" \/>\n<meta property=\"og:locale\" content=\"fr_FR\" \/>\n<meta property=\"og:type\" content=\"article\" \/>\n<meta property=\"og:title\" content=\"C\u00e9r\u00e9monie de remise de kits aux enfants de militaires d\u00e9c\u00e9d\u00e9s -7\u1d49 \u00e9dition : Gildas Agonkan : la R\u00e9publique tient sa promesse aux orphelins - Le Potentiel\" \/>\n<meta property=\"og:description\" content=\"Ils \u00e9taient plus d&rsquo;un millier, ce jeudi 3 septembre 2026, \u00e0 recevoir sur le tarmac de la Base a\u00e9rienne de Cotonou bien plus qu&rsquo;un cartable. Pour la 7\u1d49 \u00e9dition de la c\u00e9r\u00e9monie de remise de kits scolaires aux orphelins mineurs des personnels militaires d\u00e9c\u00e9d\u00e9s en activit\u00e9, le ministre d\u00e9l\u00e9gu\u00e9 aupr\u00e8s du Pr\u00e9sident de la R\u00e9publique, [&hellip;]\" \/>\n<meta property=\"og:url\" content=\"https:\/\/lepotentiel.bj\/?p=87439\" \/>\n<meta property=\"og:site_name\" content=\"Le Potentiel\" \/>\n<meta property=\"article:published_time\" content=\"2026-09-04T11:22:47+00:00\" \/>\n<meta property=\"og:image\" content=\"https:\/\/lepotentiel.bj\/wp-content\/uploads\/2026\/09\/IMG-20260904-WA0009.jpg\" \/>\n\t<meta property=\"og:image:width\" content=\"924\" \/>\n\t<meta property=\"og:image:height\" content=\"612\" \/>\n\t<meta property=\"og:image:type\" content=\"image\/jpeg\" \/>\n<meta name=\"author\" content=\"Le Potentiel\" \/>\n<meta name=\"twitter:card\" content=\"summary_large_image\" \/>\n<meta name=\"twitter:label1\" content=\"\u00c9crit par\" \/>\n\t<meta name=\"twitter:data1\" content=\"Le Potentiel\" \/>\n\t<meta name=\"twitter:label2\" content=\"Dur\u00e9e de lecture estim\u00e9e\" \/>\n\t<meta name=\"twitter:data2\" content=\"4 minutes\" \/>\n<script type=\"application\/ld+json\" class=\"yoast-schema-graph\">{\"@context\":\"https:\\\/\\\/schema.org\",\"@graph\":[{\"@type\":\"Article\",\"@id\":\"https:\\\/\\\/lepotentiel.bj\\\/?p=87439#article\",\"isPartOf\":{\"@id\":\"https:\\\/\\\/lepotentiel.bj\\\/?p=87439\"},\"author\":{\"name\":\"Le Potentiel\",\"@id\":\"https:\\\/\\\/lepotentiel.bj\\\/#\\\/schema\\\/person\\\/cb15d8bafe79d5fa11fb582bc3b19933\"},\"headline\":\"C\u00e9r\u00e9monie de remise de kits aux enfants de militaires d\u00e9c\u00e9d\u00e9s -7\u1d49 \u00e9dition : Gildas Agonkan : la R\u00e9publique tient sa promesse aux orphelins\",\"datePublished\":\"2026-09-04T11:22:47+00:00\",\"mainEntityOfPage\":{\"@id\":\"https:\\\/\\\/lepotentiel.bj\\\/?p=87439\"},\"wordCount\":677,\"commentCount\":0,\"publisher\":{\"@id\":\"https:\\\/\\\/lepotentiel.bj\\\/#organization\"},\"image\":{\"@id\":\"https:\\\/\\\/lepotentiel.bj\\\/?p=87439#primaryimage\"},\"thumbnailUrl\":\"https:\\\/\\\/lepotentiel.bj\\\/wp-content\\\/uploads\\\/2026\\\/09\\\/IMG-20260904-WA0009.jpg\",\"keywords\":[\"7e \u00e9dition\",\"enfants\",\"Gildas Agonkan\",\"Militaires d\u00e9c\u00e9d\u00e9s\",\"promesse R\u00e9publique\",\"Remise de kits\"],\"articleSection\":[\"Actualit\u00e9\"],\"inLanguage\":\"fr-FR\",\"potentialAction\":[{\"@type\":\"CommentAction\",\"name\":\"Comment\",\"target\":[\"https:\\\/\\\/lepotentiel.bj\\\/?p=87439#respond\"]}]},{\"@type\":\"WebPage\",\"@id\":\"https:\\\/\\\/lepotentiel.bj\\\/?p=87439\",\"url\":\"https:\\\/\\\/lepotentiel.bj\\\/?p=87439\",\"name\":\"C\u00e9r\u00e9monie de remise de kits aux enfants de militaires d\u00e9c\u00e9d\u00e9s -7\u1d49 \u00e9dition : Gildas Agonkan : la R\u00e9publique tient sa promesse aux orphelins - Le Potentiel\",\"isPartOf\":{\"@id\":\"https:\\\/\\\/lepotentiel.bj\\\/#website\"},\"primaryImageOfPage\":{\"@id\":\"https:\\\/\\\/lepotentiel.bj\\\/?p=87439#primaryimage\"},\"image\":{\"@id\":\"https:\\\/\\\/lepotentiel.bj\\\/?p=87439#primaryimage\"},\"thumbnailUrl\":\"https:\\\/\\\/lepotentiel.bj\\\/wp-content\\\/uploads\\\/2026\\\/09\\\/IMG-20260904-WA0009.jpg\",\"datePublished\":\"2026-09-04T11:22:47+00:00\",\"breadcrumb\":{\"@id\":\"https:\\\/\\\/lepotentiel.bj\\\/?p=87439#breadcrumb\"},\"inLanguage\":\"fr-FR\",\"potentialAction\":[{\"@type\":\"ReadAction\",\"target\":[\"https:\\\/\\\/lepotentiel.bj\\\/?p=87439\"]}]},{\"@type\":\"ImageObject\",\"inLanguage\":\"fr-FR\",\"@id\":\"https:\\\/\\\/lepotentiel.bj\\\/?p=87439#primaryimage\",\"url\":\"https:\\\/\\\/lepotentiel.bj\\\/wp-content\\\/uploads\\\/2026\\\/09\\\/IMG-20260904-WA0009.jpg\",\"contentUrl\":\"https:\\\/\\\/lepotentiel.bj\\\/wp-content\\\/uploads\\\/2026\\\/09\\\/IMG-20260904-WA0009.jpg\",\"width\":924,\"height\":612},{\"@type\":\"BreadcrumbList\",\"@id\":\"https:\\\/\\\/lepotentiel.bj\\\/?p=87439#breadcrumb\",\"itemListElement\":[{\"@type\":\"ListItem\",\"position\":1,\"name\":\"Accueil\",\"item\":\"https:\\\/\\\/lepotentiel.bj\\\/\"},{\"@type\":\"ListItem\",\"position\":2,\"name\":\"C\u00e9r\u00e9monie de remise de kits aux enfants de militaires d\u00e9c\u00e9d\u00e9s -7\u1d49 \u00e9dition : Gildas Agonkan : la R\u00e9publique tient sa promesse aux orphelins\"}]},{\"@type\":\"WebSite\",\"@id\":\"https:\\\/\\\/lepotentiel.bj\\\/#website\",\"url\":\"https:\\\/\\\/lepotentiel.bj\\\/\",\"name\":\"Le Potentiel\",\"description\":\"Le Potentiel, au service de l\u2019information, nous sommes les fantassins du droit de savoir\",\"publisher\":{\"@id\":\"https:\\\/\\\/lepotentiel.bj\\\/#organization\"},\"potentialAction\":[{\"@type\":\"SearchAction\",\"target\":{\"@type\":\"EntryPoint\",\"urlTemplate\":\"https:\\\/\\\/lepotentiel.bj\\\/?s={search_term_string}\"},\"query-input\":{\"@type\":\"PropertyValueSpecification\",\"valueRequired\":true,\"valueName\":\"search_term_string\"}}],\"inLanguage\":\"fr-FR\"},{\"@type\":\"Organization\",\"@id\":\"https:\\\/\\\/lepotentiel.bj\\\/#organization\",\"name\":\"Le Potentiel\",\"url\":\"https:\\\/\\\/lepotentiel.bj\\\/\",\"logo\":{\"@type\":\"ImageObject\",\"inLanguage\":\"fr-FR\",\"@id\":\"https:\\\/\\\/lepotentiel.bj\\\/#\\\/schema\\\/logo\\\/image\\\/\",\"url\":\"https:\\\/\\\/lepotentiel.bj\\\/wp-content\\\/uploads\\\/2023\\\/12\\\/logo-pot.jpg\",\"contentUrl\":\"https:\\\/\\\/lepotentiel.bj\\\/wp-content\\\/uploads\\\/2023\\\/12\\\/logo-pot.jpg\",\"width\":562,\"height\":84,\"caption\":\"Le Potentiel\"},\"image\":{\"@id\":\"https:\\\/\\\/lepotentiel.bj\\\/#\\\/schema\\\/logo\\\/image\\\/\"}},{\"@type\":\"Person\",\"@id\":\"https:\\\/\\\/lepotentiel.bj\\\/#\\\/schema\\\/person\\\/cb15d8bafe79d5fa11fb582bc3b19933\",\"name\":\"Le Potentiel\",\"image\":{\"@type\":\"ImageObject\",\"inLanguage\":\"fr-FR\",\"@id\":\"https:\\\/\\\/secure.gravatar.com\\\/avatar\\\/e995068ee8869823619e38dfe44b1eea0056624289dbcce435f70fef3411808d?s=96&d=mm&r=g\",\"url\":\"https:\\\/\\\/secure.gravatar.com\\\/avatar\\\/e995068ee8869823619e38dfe44b1eea0056624289dbcce435f70fef3411808d?s=96&d=mm&r=g\",\"contentUrl\":\"https:\\\/\\\/secure.gravatar.com\\\/avatar\\\/e995068ee8869823619e38dfe44b1eea0056624289dbcce435f70fef3411808d?s=96&d=mm&r=g\",\"caption\":\"Le Potentiel\"},\"url\":\"https:\\\/\\\/lepotentiel.bj\\\/?author=5\"}]}<\/script>\n<!-- \/ Yoast SEO plugin. -->","yoast_head_json":{"title":"C\u00e9r\u00e9monie de remise de kits aux enfants de militaires d\u00e9c\u00e9d\u00e9s -7\u1d49 \u00e9dition : Gildas Agonkan : la R\u00e9publique tient sa promesse aux orphelins - Le Potentiel","robots":{"index":"index","follow":"follow","max-snippet":"max-snippet:-1","max-image-preview":"max-image-preview:large","max-video-preview":"max-video-preview:-1"},"canonical":"https:\/\/lepotentiel.bj\/?p=87439","og_locale":"fr_FR","og_type":"article","og_title":"C\u00e9r\u00e9monie de remise de kits aux enfants de militaires d\u00e9c\u00e9d\u00e9s -7\u1d49 \u00e9dition : Gildas Agonkan : la R\u00e9publique tient sa promesse aux orphelins - Le Potentiel","og_description":"Ils \u00e9taient plus d&rsquo;un millier, ce jeudi 3 septembre 2026, \u00e0 recevoir sur le tarmac de la Base a\u00e9rienne de Cotonou bien plus qu&rsquo;un cartable. Pour la 7\u1d49 \u00e9dition de la c\u00e9r\u00e9monie de remise de kits scolaires aux orphelins mineurs des personnels militaires d\u00e9c\u00e9d\u00e9s en activit\u00e9, le ministre d\u00e9l\u00e9gu\u00e9 aupr\u00e8s du Pr\u00e9sident de la R\u00e9publique, [&hellip;]","og_url":"https:\/\/lepotentiel.bj\/?p=87439","og_site_name":"Le Potentiel","article_published_time":"2026-09-04T11:22:47+00:00","og_image":[{"width":924,"height":612,"url":"https:\/\/lepotentiel.bj\/wp-content\/uploads\/2026\/09\/IMG-20260904-WA0009.jpg","type":"image\/jpeg"}],"author":"Le Potentiel","twitter_card":"summary_large_image","twitter_misc":{"\u00c9crit par":"Le Potentiel","Dur\u00e9e de lecture estim\u00e9e":"4 minutes"},"schema":{"@context":"https:\/\/schema.org","@graph":[{"@type":"Article","@id":"https:\/\/lepotentiel.bj\/?p=87439#article","isPartOf":{"@id":"https:\/\/lepotentiel.bj\/?p=87439"},"author":{"name":"Le Potentiel","@id":"https:\/\/lepotentiel.bj\/#\/schema\/person\/cb15d8bafe79d5fa11fb582bc3b19933"},"headline":"C\u00e9r\u00e9monie de remise de kits aux enfants de militaires d\u00e9c\u00e9d\u00e9s -7\u1d49 \u00e9dition : Gildas Agonkan : la R\u00e9publique tient sa promesse aux orphelins","datePublished":"2026-09-04T11:22:47+00:00","mainEntityOfPage":{"@id":"https:\/\/lepotentiel.bj\/?p=87439"},"wordCount":677,"commentCount":0,"publisher":{"@id":"https:\/\/lepotentiel.bj\/#organization"},"image":{"@id":"https:\/\/lepotentiel.bj\/?p=87439#primaryimage"},"thumbnailUrl":"https:\/\/lepotentiel.bj\/wp-content\/uploads\/2026\/09\/IMG-20260904-WA0009.jpg","keywords":["7e \u00e9dition","enfants","Gildas Agonkan","Militaires d\u00e9c\u00e9d\u00e9s","promesse R\u00e9publique","Remise de kits"],"articleSection":["Actualit\u00e9"],"inLanguage":"fr-FR","potentialAction":[{"@type":"CommentAction","name":"Comment","target":["https:\/\/lepotentiel.bj\/?p=87439#respond"]}]},{"@type":"WebPage","@id":"https:\/\/lepotentiel.bj\/?p=87439","url":"https:\/\/lepotentiel.bj\/?p=87439","name":"C\u00e9r\u00e9monie de remise de kits aux enfants de militaires d\u00e9c\u00e9d\u00e9s -7\u1d49 \u00e9dition : Gildas Agonkan : la R\u00e9publique tient sa promesse aux orphelins - Le Potentiel","isPartOf":{"@id":"https:\/\/lepotentiel.bj\/#website"},"primaryImageOfPage":{"@id":"https:\/\/lepotentiel.bj\/?p=87439#primaryimage"},"image":{"@id":"https:\/\/lepotentiel.bj\/?p=87439#primaryimage"},"thumbnailUrl":"https:\/\/lepotentiel.bj\/wp-content\/uploads\/2026\/09\/IMG-20260904-WA0009.jpg","datePublished":"2026-09-04T11:22:47+00:00","breadcrumb":{"@id":"https:\/\/lepotentiel.bj\/?p=87439#breadcrumb"},"inLanguage":"fr-FR","potentialAction":[{"@type":"ReadAction","target":["https:\/\/lepotentiel.bj\/?p=87439"]}]},{"@type":"ImageObject","inLanguage":"fr-FR","@id":"https:\/\/lepotentiel.bj\/?p=87439#primaryimage","url":"https:\/\/lepotentiel.bj\/wp-content\/uploads\/2026\/09\/IMG-20260904-WA0009.jpg","contentUrl":"https:\/\/lepotentiel.bj\/wp-content\/uploads\/2026\/09\/IMG-20260904-WA0009.jpg","width":924,"height":612},{"@type":"BreadcrumbList","@id":"https:\/\/lepotentiel.bj\/?p=87439#breadcrumb","itemListElement":[{"@type":"ListItem","position":1,"name":"Accueil","item":"https:\/\/lepotentiel.bj\/"},{"@type":"ListItem","position":2,"name":"C\u00e9r\u00e9monie de remise de kits aux enfants de militaires d\u00e9c\u00e9d\u00e9s -7\u1d49 \u00e9dition : Gildas Agonkan : la R\u00e9publique tient sa promesse aux orphelins"}]},{"@type":"WebSite","@id":"https:\/\/lepotentiel.bj\/#website","url":"https:\/\/lepotentiel.bj\/","name":"Le Potentiel","description":"Le Potentiel, au service de l\u2019information, nous sommes les fantassins du droit de savoir","publisher":{"@id":"https:\/\/lepotentiel.bj\/#organization"},"potentialAction":[{"@type":"SearchAction","target":{"@type":"EntryPoint","urlTemplate":"https:\/\/lepotentiel.bj\/?s={search_term_string}"},"query-input":{"@type":"PropertyValueSpecification","valueRequired":true,"valueName":"search_term_string"}}],"inLanguage":"fr-FR"},{"@type":"Organization","@id":"https:\/\/lepotentiel.bj\/#organization","name":"Le Potentiel","url":"https:\/\/lepotentiel.bj\/","logo":{"@type":"ImageObject","inLanguage":"fr-FR","@id":"https:\/\/lepotentiel.bj\/#\/schema\/logo\/image\/","url":"https:\/\/lepotentiel.bj\/wp-content\/uploads\/2023\/12\/logo-pot.jpg","contentUrl":"https:\/\/lepotentiel.bj\/wp-content\/uploads\/2023\/12\/logo-pot.jpg","width":562,"height":84,"caption":"Le Potentiel"},"image":{"@id":"https:\/\/lepotentiel.bj\/#\/schema\/logo\/image\/"}},{"@type":"Person","@id":"https:\/\/lepotentiel.bj\/#\/schema\/person\/cb15d8bafe79d5fa11fb582bc3b19933","name":"Le Potentiel","image":{"@type":"ImageObject","inLanguage":"fr-FR","@id":"https:\/\/secure.gravatar.com\/avatar\/e995068ee8869823619e38dfe44b1eea0056624289dbcce435f70fef3411808d?s=96&d=mm&r=g","url":"https:\/\/secure.gravatar.com\/avatar\/e995068ee8869823619e38dfe44b1eea0056624289dbcce435f70fef3411808d?s=96&d=mm&r=g","contentUrl":"https:\/\/secure.gravatar.com\/avatar\/e995068ee8869823619e38dfe44b1eea0056624289dbcce435f70fef3411808d?s=96&d=mm&r=g","caption":"Le Potentiel"},"url":"https:\/\/lepotentiel.bj\/?author=5"}]}},"_links":{"self":[{"href":"https:\/\/lepotentiel.bj\/index.php?rest_route=\/wp\/v2\/posts\/87439","targetHints":{"allow":["GET"]}}],"collection":[{"href":"https:\/\/lepotentiel.bj\/index.php?rest_route=\/wp\/v2\/posts"}],"about":[{"href":"https:\/\/lepotentiel.bj\/index.php?rest_route=\/wp\/v2\/types\/post"}],"author":[{"embeddable":true,"href":"https:\/\/lepotentiel.bj\/index.php?rest_route=\/wp\/v2\/users\/5"}],"replies":[{"embeddable":true,"href":"https:\/\/lepotentiel.bj\/index.php?rest_route=%2Fwp%2Fv2%2Fcomments&post=87439"}],"version-history":[{"count":1,"href":"https:\/\/lepotentiel.bj\/index.php?rest_route=\/wp\/v2\/posts\/87439\/revisions"}],"predecessor-version":[{"id":87441,"href":"https:\/\/lepotentiel.bj\/index.php?rest_route=\/wp\/v2\/posts\/87439\/revisions\/87441"}],"wp:featuredmedia":[{"embeddable":true,"href":"https:\/\/lepotentiel.bj\/index.php?rest_route=\/wp\/v2\/media\/87440"}],"wp:attachment":[{"href":"https:\/\/lepotentiel.bj\/index.php?rest_route=%2Fwp%2Fv2%2Fmedia&parent=87439"}],"wp:term":[{"taxonomy":"category","embeddable":true,"href":"https:\/\/lepotentiel.bj\/index.php?rest_route=%2Fwp%2Fv2%2Fcategories&post=87439"},{"taxonomy":"post_tag","embeddable":true,"href":"https:\/\/lepotentiel.bj\/index.php?rest_route=%2Fwp%2Fv2%2Ftags&post=87439"}],"curies":[{"name":"wp","href":"https:\/\/api.w.org\/{rel}","templated":true}]}}