{"id":87448,"date":"2026-09-04T15:27:50","date_gmt":"2026-09-04T13:27:50","guid":{"rendered":"https:\/\/lepotentiel.bj\/?p=87448"},"modified":"2026-09-04T15:27:50","modified_gmt":"2026-09-04T13:27:50","slug":"affaire-criminelle-dans-le-zou-un-corps-mutile-decouvert-a-djidja-six-suspects-places-sous-mandat-de-depot","status":"publish","type":"post","link":"https:\/\/lepotentiel.bj\/?p=87448","title":{"rendered":"Affaire criminelle dans le Zou: Un corps mutil\u00e9 d\u00e9couvert \u00e0 Djidja, six suspects plac\u00e9s sous mandat de d\u00e9p\u00f4t"},"content":{"rendered":"<p style=\"text-align: justify;\">Un renseignement sur la circulation pr\u00e9sum\u00e9e d\u2019un organe humain a d\u00e9clench\u00e9 une op\u00e9ration du commissariat du 1er arrondissement de Bohicon. Les investigations qui ont suivi ont conduit \u00e0 l\u2019identification de six personnes. Pr\u00e9sent\u00e9es au procureur de la r\u00e9publique pr\u00e8s le tribunal de premi\u00e8re instance de deuxi\u00e8me classe d\u2019Abomey, jeudi 3 septembre 2026, elles ont \u00e9t\u00e9 plac\u00e9es sous mandat de d\u00e9p\u00f4t.<\/p>\n<p style=\"text-align: justify;\">\n<p style=\"text-align: justify;\">\n<p style=\"text-align: justify;\">Tout commence par une information jug\u00e9e suffisamment sensible pour mobiliser les forces de s\u00e9curit\u00e9. Elle fait \u00e9tat de la circulation imminente d\u2019un \u00e9l\u00e9ment anatomique pr\u00e9sent\u00e9 comme un organe humain. Les policiers du commissariat du 1er arrondissement de Bohicon mettent alors en place un dispositif de surveillance afin de v\u00e9rifier le renseignement et d\u2019identifier les personnes susceptibles d\u2019y \u00eatre li\u00e9es.<\/p>\n<p style=\"text-align: justify;\">\n<p style=\"text-align: justify;\">Le dispositif permet d\u2019intercepter les premiers suspects et de d\u00e9couvrir un \u00e9l\u00e9ment mat\u00e9riel qui oriente la suite des investigations. Les enqu\u00eateurs poursuivent leurs recherches et remontent progressivement la cha\u00eene des diff\u00e9rents intervenants pr\u00e9sum\u00e9s.<\/p>\n<p style=\"text-align: justify;\">Les investigations font alors appara\u00eetre une possible connexion avec une affaire datant d\u2019octobre 2023. \u00c0 cette \u00e9poque, le corps mutil\u00e9 d\u2019une personne vuln\u00e9rable avait \u00e9t\u00e9 d\u00e9couvert dans la commune de Djidja. Les \u00e9l\u00e9ments recueillis au cours de la proc\u00e9dure actuelle pourraient permettre d\u2019\u00e9tablir un lien entre cette d\u00e9couverte et les faits aujourd\u2019hui soumis \u00e0 l\u2019appr\u00e9ciation de la justice. Au fil des investigations, six personnes sont finalement identifi\u00e9es comme \u00e9tant susceptibles d\u2019avoir jou\u00e9 un r\u00f4le \u00e0 diff\u00e9rents niveaux dans cette affaire. Elles sont appr\u00e9hend\u00e9es par les \u00e9l\u00e9ments du commissariat du 1er arrondissement de Bohicon.<\/p>\n<p style=\"text-align: justify;\">\n<p style=\"text-align: justify;\">\n<p style=\"text-align: justify;\">*La justice prend le relais*<\/p>\n<p style=\"text-align: justify;\">\n<p style=\"text-align: justify;\">Le jeudi 3 septembre 2026, les six suspects sont pr\u00e9sent\u00e9s au procureur de la r\u00e9publique pr\u00e8s le tribunal de premi\u00e8re instance de deuxi\u00e8me classe d\u2019Abomey. Ils sont poursuivis notamment pour association de malfaiteurs, assassinat et trafic d\u2019organe humain, ainsi que pour d\u2019autres infractions retenues dans le cadre de la proc\u00e9dure. \u00c0 l\u2019issue de leur pr\u00e9sentation, ils sont plac\u00e9s sous mandat de d\u00e9p\u00f4t. La suite de la proc\u00e9dure devra permettre de pr\u00e9ciser les circonstances des faits, de d\u00e9terminer le r\u00f4le de chacun des mis en cause et de v\u00e9rifier les \u00e9ventuelles connexions avec d\u2019autres personnes.<\/p>\n<p style=\"text-align: justify;\">Plac\u00e9e d\u00e9sormais sous le contr\u00f4le de la justice, la proc\u00e9dure devra permettre de lever les zones d\u2019ombre sur cette affaire et de pr\u00e9ciser les responsabilit\u00e9s des diff\u00e9rents mis en cause.<\/p>\n<p style=\"text-align: justify;\">\n<p style=\"text-align: justify;\"><strong>Laura LEKE<\/strong><\/p>\n","protected":false},"excerpt":{"rendered":"<p>Un renseignement sur la circulation pr\u00e9sum\u00e9e d\u2019un organe humain a d\u00e9clench\u00e9 une op\u00e9ration du commissariat du 1er arrondissement de Bohicon. Les investigations qui ont suivi ont conduit \u00e0 l\u2019identification de six personnes. Pr\u00e9sent\u00e9es au procureur de la r\u00e9publique pr\u00e8s le tribunal de premi\u00e8re instance de deuxi\u00e8me classe d\u2019Abomey, jeudi 3 septembre 2026, elles ont \u00e9t\u00e9 [&hellip;]<\/p>\n","protected":false},"author":18,"featured_media":87449,"comment_status":"open","ping_status":"open","sticky":false,"template":"","format":"standard","meta":{"footnotes":""},"categories":[34],"tags":[],"class_list":["post-87448","post","type-post","status-publish","format-standard","has-post-thumbnail","hentry","category-actualite"],"yoast_head":"<!-- This site is optimized with the Yoast SEO plugin v28.2 - https:\/\/yoast.com\/product\/yoast-seo-wordpress\/ -->\n<title>Affaire criminelle dans le Zou: Un corps mutil\u00e9 d\u00e9couvert \u00e0 Djidja, six suspects plac\u00e9s sous mandat de d\u00e9p\u00f4t - Le Potentiel<\/title>\n<meta name=\"robots\" content=\"index, follow, max-snippet:-1, max-image-preview:large, max-video-preview:-1\" \/>\n<link rel=\"canonical\" href=\"https:\/\/lepotentiel.bj\/?p=87448\" \/>\n<meta property=\"og:locale\" content=\"fr_FR\" \/>\n<meta property=\"og:type\" content=\"article\" \/>\n<meta property=\"og:title\" content=\"Affaire criminelle dans le Zou: Un corps mutil\u00e9 d\u00e9couvert \u00e0 Djidja, six suspects plac\u00e9s sous mandat de d\u00e9p\u00f4t - Le Potentiel\" \/>\n<meta property=\"og:description\" content=\"Un renseignement sur la circulation pr\u00e9sum\u00e9e d\u2019un organe humain a d\u00e9clench\u00e9 une op\u00e9ration du commissariat du 1er arrondissement de Bohicon. Les investigations qui ont suivi ont conduit \u00e0 l\u2019identification de six personnes. Pr\u00e9sent\u00e9es au procureur de la r\u00e9publique pr\u00e8s le tribunal de premi\u00e8re instance de deuxi\u00e8me classe d\u2019Abomey, jeudi 3 septembre 2026, elles ont \u00e9t\u00e9 [&hellip;]\" \/>\n<meta property=\"og:url\" content=\"https:\/\/lepotentiel.bj\/?p=87448\" \/>\n<meta property=\"og:site_name\" content=\"Le Potentiel\" \/>\n<meta property=\"article:published_time\" content=\"2026-09-04T13:27:50+00:00\" \/>\n<meta property=\"og:image\" content=\"https:\/\/lepotentiel.bj\/wp-content\/uploads\/2026\/09\/1788248908218-1.jpg\" \/>\n\t<meta property=\"og:image:width\" content=\"720\" \/>\n\t<meta property=\"og:image:height\" content=\"279\" \/>\n\t<meta property=\"og:image:type\" content=\"image\/jpeg\" \/>\n<meta name=\"author\" content=\"Laura\" \/>\n<meta name=\"twitter:card\" content=\"summary_large_image\" \/>\n<meta name=\"twitter:label1\" content=\"\u00c9crit par\" \/>\n\t<meta name=\"twitter:data1\" content=\"Laura\" \/>\n\t<meta name=\"twitter:label2\" content=\"Dur\u00e9e de lecture estim\u00e9e\" \/>\n\t<meta name=\"twitter:data2\" content=\"3 minutes\" \/>\n<script type=\"application\/ld+json\" class=\"yoast-schema-graph\">{\"@context\":\"https:\\\/\\\/schema.org\",\"@graph\":[{\"@type\":\"Article\",\"@id\":\"https:\\\/\\\/lepotentiel.bj\\\/?p=87448#article\",\"isPartOf\":{\"@id\":\"https:\\\/\\\/lepotentiel.bj\\\/?p=87448\"},\"author\":{\"name\":\"Laura\",\"@id\":\"https:\\\/\\\/lepotentiel.bj\\\/#\\\/schema\\\/person\\\/001def78e1eafec4b5733ea184d49dd0\"},\"headline\":\"Affaire criminelle dans le Zou: Un corps mutil\u00e9 d\u00e9couvert \u00e0 Djidja, six suspects plac\u00e9s sous mandat de d\u00e9p\u00f4t\",\"datePublished\":\"2026-09-04T13:27:50+00:00\",\"mainEntityOfPage\":{\"@id\":\"https:\\\/\\\/lepotentiel.bj\\\/?p=87448\"},\"wordCount\":469,\"commentCount\":0,\"publisher\":{\"@id\":\"https:\\\/\\\/lepotentiel.bj\\\/#organization\"},\"image\":{\"@id\":\"https:\\\/\\\/lepotentiel.bj\\\/?p=87448#primaryimage\"},\"thumbnailUrl\":\"https:\\\/\\\/lepotentiel.bj\\\/wp-content\\\/uploads\\\/2026\\\/09\\\/1788248908218-1.jpg\",\"articleSection\":[\"Actualit\u00e9\"],\"inLanguage\":\"fr-FR\",\"potentialAction\":[{\"@type\":\"CommentAction\",\"name\":\"Comment\",\"target\":[\"https:\\\/\\\/lepotentiel.bj\\\/?p=87448#respond\"]}]},{\"@type\":\"WebPage\",\"@id\":\"https:\\\/\\\/lepotentiel.bj\\\/?p=87448\",\"url\":\"https:\\\/\\\/lepotentiel.bj\\\/?p=87448\",\"name\":\"Affaire criminelle dans le Zou: Un corps mutil\u00e9 d\u00e9couvert \u00e0 Djidja, six suspects plac\u00e9s sous mandat de d\u00e9p\u00f4t - Le Potentiel\",\"isPartOf\":{\"@id\":\"https:\\\/\\\/lepotentiel.bj\\\/#website\"},\"primaryImageOfPage\":{\"@id\":\"https:\\\/\\\/lepotentiel.bj\\\/?p=87448#primaryimage\"},\"image\":{\"@id\":\"https:\\\/\\\/lepotentiel.bj\\\/?p=87448#primaryimage\"},\"thumbnailUrl\":\"https:\\\/\\\/lepotentiel.bj\\\/wp-content\\\/uploads\\\/2026\\\/09\\\/1788248908218-1.jpg\",\"datePublished\":\"2026-09-04T13:27:50+00:00\",\"breadcrumb\":{\"@id\":\"https:\\\/\\\/lepotentiel.bj\\\/?p=87448#breadcrumb\"},\"inLanguage\":\"fr-FR\",\"potentialAction\":[{\"@type\":\"ReadAction\",\"target\":[\"https:\\\/\\\/lepotentiel.bj\\\/?p=87448\"]}]},{\"@type\":\"ImageObject\",\"inLanguage\":\"fr-FR\",\"@id\":\"https:\\\/\\\/lepotentiel.bj\\\/?p=87448#primaryimage\",\"url\":\"https:\\\/\\\/lepotentiel.bj\\\/wp-content\\\/uploads\\\/2026\\\/09\\\/1788248908218-1.jpg\",\"contentUrl\":\"https:\\\/\\\/lepotentiel.bj\\\/wp-content\\\/uploads\\\/2026\\\/09\\\/1788248908218-1.jpg\",\"width\":720,\"height\":279},{\"@type\":\"BreadcrumbList\",\"@id\":\"https:\\\/\\\/lepotentiel.bj\\\/?p=87448#breadcrumb\",\"itemListElement\":[{\"@type\":\"ListItem\",\"position\":1,\"name\":\"Accueil\",\"item\":\"https:\\\/\\\/lepotentiel.bj\\\/\"},{\"@type\":\"ListItem\",\"position\":2,\"name\":\"Affaire criminelle dans le Zou: Un corps mutil\u00e9 d\u00e9couvert \u00e0 Djidja, six suspects plac\u00e9s sous mandat de d\u00e9p\u00f4t\"}]},{\"@type\":\"WebSite\",\"@id\":\"https:\\\/\\\/lepotentiel.bj\\\/#website\",\"url\":\"https:\\\/\\\/lepotentiel.bj\\\/\",\"name\":\"Le Potentiel\",\"description\":\"Le Potentiel, au service de l\u2019information, nous sommes les fantassins du droit de savoir\",\"publisher\":{\"@id\":\"https:\\\/\\\/lepotentiel.bj\\\/#organization\"},\"potentialAction\":[{\"@type\":\"SearchAction\",\"target\":{\"@type\":\"EntryPoint\",\"urlTemplate\":\"https:\\\/\\\/lepotentiel.bj\\\/?s={search_term_string}\"},\"query-input\":{\"@type\":\"PropertyValueSpecification\",\"valueRequired\":true,\"valueName\":\"search_term_string\"}}],\"inLanguage\":\"fr-FR\"},{\"@type\":\"Organization\",\"@id\":\"https:\\\/\\\/lepotentiel.bj\\\/#organization\",\"name\":\"Le Potentiel\",\"url\":\"https:\\\/\\\/lepotentiel.bj\\\/\",\"logo\":{\"@type\":\"ImageObject\",\"inLanguage\":\"fr-FR\",\"@id\":\"https:\\\/\\\/lepotentiel.bj\\\/#\\\/schema\\\/logo\\\/image\\\/\",\"url\":\"https:\\\/\\\/lepotentiel.bj\\\/wp-content\\\/uploads\\\/2023\\\/12\\\/logo-pot.jpg\",\"contentUrl\":\"https:\\\/\\\/lepotentiel.bj\\\/wp-content\\\/uploads\\\/2023\\\/12\\\/logo-pot.jpg\",\"width\":562,\"height\":84,\"caption\":\"Le Potentiel\"},\"image\":{\"@id\":\"https:\\\/\\\/lepotentiel.bj\\\/#\\\/schema\\\/logo\\\/image\\\/\"}},{\"@type\":\"Person\",\"@id\":\"https:\\\/\\\/lepotentiel.bj\\\/#\\\/schema\\\/person\\\/001def78e1eafec4b5733ea184d49dd0\",\"name\":\"Laura\",\"image\":{\"@type\":\"ImageObject\",\"inLanguage\":\"fr-FR\",\"@id\":\"https:\\\/\\\/secure.gravatar.com\\\/avatar\\\/46e54a01dd5785f370a6c40e9cfe54ebcfd939154e6505072fe15421c0d32893?s=96&d=mm&r=g\",\"url\":\"https:\\\/\\\/secure.gravatar.com\\\/avatar\\\/46e54a01dd5785f370a6c40e9cfe54ebcfd939154e6505072fe15421c0d32893?s=96&d=mm&r=g\",\"contentUrl\":\"https:\\\/\\\/secure.gravatar.com\\\/avatar\\\/46e54a01dd5785f370a6c40e9cfe54ebcfd939154e6505072fe15421c0d32893?s=96&d=mm&r=g\",\"caption\":\"Laura\"},\"url\":\"https:\\\/\\\/lepotentiel.bj\\\/?author=18\"}]}<\/script>\n<!-- \/ Yoast SEO plugin. -->","yoast_head_json":{"title":"Affaire criminelle dans le Zou: Un corps mutil\u00e9 d\u00e9couvert \u00e0 Djidja, six suspects plac\u00e9s sous mandat de d\u00e9p\u00f4t - Le Potentiel","robots":{"index":"index","follow":"follow","max-snippet":"max-snippet:-1","max-image-preview":"max-image-preview:large","max-video-preview":"max-video-preview:-1"},"canonical":"https:\/\/lepotentiel.bj\/?p=87448","og_locale":"fr_FR","og_type":"article","og_title":"Affaire criminelle dans le Zou: Un corps mutil\u00e9 d\u00e9couvert \u00e0 Djidja, six suspects plac\u00e9s sous mandat de d\u00e9p\u00f4t - Le Potentiel","og_description":"Un renseignement sur la circulation pr\u00e9sum\u00e9e d\u2019un organe humain a d\u00e9clench\u00e9 une op\u00e9ration du commissariat du 1er arrondissement de Bohicon. Les investigations qui ont suivi ont conduit \u00e0 l\u2019identification de six personnes. Pr\u00e9sent\u00e9es au procureur de la r\u00e9publique pr\u00e8s le tribunal de premi\u00e8re instance de deuxi\u00e8me classe d\u2019Abomey, jeudi 3 septembre 2026, elles ont \u00e9t\u00e9 [&hellip;]","og_url":"https:\/\/lepotentiel.bj\/?p=87448","og_site_name":"Le Potentiel","article_published_time":"2026-09-04T13:27:50+00:00","og_image":[{"width":720,"height":279,"url":"https:\/\/lepotentiel.bj\/wp-content\/uploads\/2026\/09\/1788248908218-1.jpg","type":"image\/jpeg"}],"author":"Laura","twitter_card":"summary_large_image","twitter_misc":{"\u00c9crit par":"Laura","Dur\u00e9e de lecture estim\u00e9e":"3 minutes"},"schema":{"@context":"https:\/\/schema.org","@graph":[{"@type":"Article","@id":"https:\/\/lepotentiel.bj\/?p=87448#article","isPartOf":{"@id":"https:\/\/lepotentiel.bj\/?p=87448"},"author":{"name":"Laura","@id":"https:\/\/lepotentiel.bj\/#\/schema\/person\/001def78e1eafec4b5733ea184d49dd0"},"headline":"Affaire criminelle dans le Zou: Un corps mutil\u00e9 d\u00e9couvert \u00e0 Djidja, six suspects plac\u00e9s sous mandat de d\u00e9p\u00f4t","datePublished":"2026-09-04T13:27:50+00:00","mainEntityOfPage":{"@id":"https:\/\/lepotentiel.bj\/?p=87448"},"wordCount":469,"commentCount":0,"publisher":{"@id":"https:\/\/lepotentiel.bj\/#organization"},"image":{"@id":"https:\/\/lepotentiel.bj\/?p=87448#primaryimage"},"thumbnailUrl":"https:\/\/lepotentiel.bj\/wp-content\/uploads\/2026\/09\/1788248908218-1.jpg","articleSection":["Actualit\u00e9"],"inLanguage":"fr-FR","potentialAction":[{"@type":"CommentAction","name":"Comment","target":["https:\/\/lepotentiel.bj\/?p=87448#respond"]}]},{"@type":"WebPage","@id":"https:\/\/lepotentiel.bj\/?p=87448","url":"https:\/\/lepotentiel.bj\/?p=87448","name":"Affaire criminelle dans le Zou: Un corps mutil\u00e9 d\u00e9couvert \u00e0 Djidja, six suspects plac\u00e9s sous mandat de d\u00e9p\u00f4t - Le Potentiel","isPartOf":{"@id":"https:\/\/lepotentiel.bj\/#website"},"primaryImageOfPage":{"@id":"https:\/\/lepotentiel.bj\/?p=87448#primaryimage"},"image":{"@id":"https:\/\/lepotentiel.bj\/?p=87448#primaryimage"},"thumbnailUrl":"https:\/\/lepotentiel.bj\/wp-content\/uploads\/2026\/09\/1788248908218-1.jpg","datePublished":"2026-09-04T13:27:50+00:00","breadcrumb":{"@id":"https:\/\/lepotentiel.bj\/?p=87448#breadcrumb"},"inLanguage":"fr-FR","potentialAction":[{"@type":"ReadAction","target":["https:\/\/lepotentiel.bj\/?p=87448"]}]},{"@type":"ImageObject","inLanguage":"fr-FR","@id":"https:\/\/lepotentiel.bj\/?p=87448#primaryimage","url":"https:\/\/lepotentiel.bj\/wp-content\/uploads\/2026\/09\/1788248908218-1.jpg","contentUrl":"https:\/\/lepotentiel.bj\/wp-content\/uploads\/2026\/09\/1788248908218-1.jpg","width":720,"height":279},{"@type":"BreadcrumbList","@id":"https:\/\/lepotentiel.bj\/?p=87448#breadcrumb","itemListElement":[{"@type":"ListItem","position":1,"name":"Accueil","item":"https:\/\/lepotentiel.bj\/"},{"@type":"ListItem","position":2,"name":"Affaire criminelle dans le Zou: Un corps mutil\u00e9 d\u00e9couvert \u00e0 Djidja, six suspects plac\u00e9s sous mandat de d\u00e9p\u00f4t"}]},{"@type":"WebSite","@id":"https:\/\/lepotentiel.bj\/#website","url":"https:\/\/lepotentiel.bj\/","name":"Le Potentiel","description":"Le Potentiel, au service de l\u2019information, nous sommes les fantassins du droit de savoir","publisher":{"@id":"https:\/\/lepotentiel.bj\/#organization"},"potentialAction":[{"@type":"SearchAction","target":{"@type":"EntryPoint","urlTemplate":"https:\/\/lepotentiel.bj\/?s={search_term_string}"},"query-input":{"@type":"PropertyValueSpecification","valueRequired":true,"valueName":"search_term_string"}}],"inLanguage":"fr-FR"},{"@type":"Organization","@id":"https:\/\/lepotentiel.bj\/#organization","name":"Le Potentiel","url":"https:\/\/lepotentiel.bj\/","logo":{"@type":"ImageObject","inLanguage":"fr-FR","@id":"https:\/\/lepotentiel.bj\/#\/schema\/logo\/image\/","url":"https:\/\/lepotentiel.bj\/wp-content\/uploads\/2023\/12\/logo-pot.jpg","contentUrl":"https:\/\/lepotentiel.bj\/wp-content\/uploads\/2023\/12\/logo-pot.jpg","width":562,"height":84,"caption":"Le Potentiel"},"image":{"@id":"https:\/\/lepotentiel.bj\/#\/schema\/logo\/image\/"}},{"@type":"Person","@id":"https:\/\/lepotentiel.bj\/#\/schema\/person\/001def78e1eafec4b5733ea184d49dd0","name":"Laura","image":{"@type":"ImageObject","inLanguage":"fr-FR","@id":"https:\/\/secure.gravatar.com\/avatar\/46e54a01dd5785f370a6c40e9cfe54ebcfd939154e6505072fe15421c0d32893?s=96&d=mm&r=g","url":"https:\/\/secure.gravatar.com\/avatar\/46e54a01dd5785f370a6c40e9cfe54ebcfd939154e6505072fe15421c0d32893?s=96&d=mm&r=g","contentUrl":"https:\/\/secure.gravatar.com\/avatar\/46e54a01dd5785f370a6c40e9cfe54ebcfd939154e6505072fe15421c0d32893?s=96&d=mm&r=g","caption":"Laura"},"url":"https:\/\/lepotentiel.bj\/?author=18"}]}},"_links":{"self":[{"href":"https:\/\/lepotentiel.bj\/index.php?rest_route=\/wp\/v2\/posts\/87448","targetHints":{"allow":["GET"]}}],"collection":[{"href":"https:\/\/lepotentiel.bj\/index.php?rest_route=\/wp\/v2\/posts"}],"about":[{"href":"https:\/\/lepotentiel.bj\/index.php?rest_route=\/wp\/v2\/types\/post"}],"author":[{"embeddable":true,"href":"https:\/\/lepotentiel.bj\/index.php?rest_route=\/wp\/v2\/users\/18"}],"replies":[{"embeddable":true,"href":"https:\/\/lepotentiel.bj\/index.php?rest_route=%2Fwp%2Fv2%2Fcomments&post=87448"}],"version-history":[{"count":1,"href":"https:\/\/lepotentiel.bj\/index.php?rest_route=\/wp\/v2\/posts\/87448\/revisions"}],"predecessor-version":[{"id":87450,"href":"https:\/\/lepotentiel.bj\/index.php?rest_route=\/wp\/v2\/posts\/87448\/revisions\/87450"}],"wp:featuredmedia":[{"embeddable":true,"href":"https:\/\/lepotentiel.bj\/index.php?rest_route=\/wp\/v2\/media\/87449"}],"wp:attachment":[{"href":"https:\/\/lepotentiel.bj\/index.php?rest_route=%2Fwp%2Fv2%2Fmedia&parent=87448"}],"wp:term":[{"taxonomy":"category","embeddable":true,"href":"https:\/\/lepotentiel.bj\/index.php?rest_route=%2Fwp%2Fv2%2Fcategories&post=87448"},{"taxonomy":"post_tag","embeddable":true,"href":"https:\/\/lepotentiel.bj\/index.php?rest_route=%2Fwp%2Fv2%2Ftags&post=87448"}],"curies":[{"name":"wp","href":"https:\/\/api.w.org\/{rel}","templated":true}]}}