{"id":87451,"date":"2026-09-04T15:53:55","date_gmt":"2026-09-04T13:53:55","guid":{"rendered":"https:\/\/lepotentiel.bj\/?p=87451"},"modified":"2026-09-04T15:53:55","modified_gmt":"2026-09-04T13:53:55","slug":"100-premiers-jours-de-romuald-wadagni-le-ministre-porte-parole-wilfried-leandre-houngbedji-explique-pourquoi-il-y-a-une-acceleration-des-mesures-sociales","status":"publish","type":"post","link":"https:\/\/lepotentiel.bj\/?p=87451","title":{"rendered":"100 premiers jours de Romuald Wadagni : le ministre porte-parole, Wilfried L\u00e9andre Houngb\u00e9dji explique pourquoi il y a une acc\u00e9l\u00e9ration des mesures sociales"},"content":{"rendered":"<p style=\"text-align: justify;\">100 premiers jours de Romuald Wadagni : le ministre porte-parole, Wilfried L\u00e9andre Houngb\u00e9dji explique pourquoi il y a une acc\u00e9l\u00e9ration des mesures sociales<\/p>\n<p style=\"text-align: justify;\">\n<p style=\"text-align: justify;\">Le gouvernement de Romuald Wadagni a pris plusieurs mesures sociales au cours des 100 premiers jours \u00e0 la t\u00eate du pays. R\u00e9uni avec les professionnels des m\u00e9dias lors d\u2019une conf\u00e9rence de presse consacr\u00e9e aux d\u00e9cisions du Conseil des ministres du 2 septembre 2026, le ministre porte-parole du gouvernement, Wilfrid L\u00e9andre Houngb\u00e9dji, a expliqu\u00e9 les raisons de cette orientation et les moyens qui la rendent possible.<\/p>\n<p style=\"text-align: justify;\">\n<p style=\"text-align: justify;\">Selon le porte-parole du gouvernement, les derni\u00e8res d\u00e9cisions montrent une volont\u00e9 accrue de renforcer la redistribution au profit des populations. Il cite notamment l\u2019\u00e9largissement du programme des cantines scolaires, les mesures en faveur des personnes handicap\u00e9es ainsi que les actions engag\u00e9es dans les secteurs de l\u2019\u00e9ducation, de la sant\u00e9 et de l\u2019agriculture.<\/p>\n<p style=\"text-align: justify;\">\n<p style=\"text-align: justify;\">\u00ab Si nous sommes capables, en une rentr\u00e9e, d\u2019ajouter 500 000 nouveaux b\u00e9n\u00e9ficiaires au programme des cantines scolaires, si nous sommes capables de d\u00e9ployer autant de moyens dans le syst\u00e8me \u00e9ducatif \u00bb, a soulign\u00e9 Wilfrid L\u00e9andre Houngb\u00e9dji, c\u2019est que le gouvernement dispose d\u00e9sormais de marges de man\u0153uvre plus importantes.<\/p>\n<p style=\"text-align: justify;\">\n<p style=\"text-align: justify;\">Les mesures annonc\u00e9es \u00e0 l\u2019issue du Conseil des ministres du 2 septembre repr\u00e9sentent, selon le ministre porte-parole, pr\u00e8s de 30 milliards de francs CFA d\u2019engagements suppl\u00e9mentaires. Une enveloppe qui vient s\u2019ajouter aux actions sociales d\u00e9cid\u00e9es au cours des mois pr\u00e9c\u00e9dents. Elles sont destin\u00e9es aux personnes handicap\u00e9es, l\u2019extension des cantines scolaires et diff\u00e9rents dispositifs intervenant dans les domaines de l\u2019agriculture, de la sant\u00e9 et de l\u2019\u00e9ducation.<\/p>\n<p style=\"text-align: justify;\">\n<p style=\"text-align: justify;\">Pour Wilfrid L\u00e9andre Houngb\u00e9dji, cette succession de d\u00e9cisions permet de constater une \u00e9volution dans la politique publique. \u00ab Les 100 premiers jours du pr\u00e9sident Wadagni auront \u00e9t\u00e9 particuli\u00e8rement marqu\u00e9s par une plus grande tendance \u00e0 la redistribution \u00bb, a-t-il d\u00e9clar\u00e9.<\/p>\n<p style=\"text-align: justify;\">\n<p style=\"text-align: justify;\">Cette orientation sociale ne serait toutefois pas, selon le porte-parole du gouvernement, le fruit d\u2019une d\u00e9cision isol\u00e9e. Elle serait la cons\u00e9quence des efforts engag\u00e9s ces derni\u00e8res ann\u00e9es pour accro\u00eetre la cr\u00e9ation de richesses au B\u00e9nin. \u00ab Nous avons conscience qu\u2019on ne partage que ce qu\u2019on a produit. On ne partage que ce qu\u2019on a produit \u00bb, a insist\u00e9 le ministre, estimant que les efforts consentis par les B\u00e9ninois, avec l\u2019action du gouvernement et des autres institutions de la R\u00e9publique, ont contribu\u00e9 \u00e0 cr\u00e9er les conditions n\u00e9cessaires \u00e0 ces nouvelles mesures.<\/p>\n<p style=\"text-align: justify;\">Pour le porte-parole du gouvernement, la continuit\u00e9 politique contribue \u00e9galement \u00e0 maintenir la dynamique engag\u00e9e et \u00e0 permettre la mise en \u0153uvre de nouvelles politiques publiques.<\/p>\n<p style=\"text-align: justify;\">\n<p style=\"text-align: justify;\">M\u00e9dard Clobechi<\/p>\n","protected":false},"excerpt":{"rendered":"<p>100 premiers jours de Romuald Wadagni : le ministre porte-parole, Wilfried L\u00e9andre Houngb\u00e9dji explique pourquoi il y a une acc\u00e9l\u00e9ration des mesures sociales Le gouvernement de Romuald Wadagni a pris plusieurs mesures sociales au cours des 100 premiers jours \u00e0 la t\u00eate du pays. R\u00e9uni avec les professionnels des m\u00e9dias lors d\u2019une conf\u00e9rence de presse [&hellip;]<\/p>\n","protected":false},"author":4,"featured_media":87445,"comment_status":"open","ping_status":"open","sticky":false,"template":"","format":"standard","meta":{"footnotes":""},"categories":[22960],"tags":[],"class_list":["post-87451","post","type-post","status-publish","format-standard","has-post-thumbnail","hentry","category-a-la-une"],"yoast_head":"<!-- This site is optimized with the Yoast SEO plugin v28.2 - https:\/\/yoast.com\/product\/yoast-seo-wordpress\/ -->\n<title>100 premiers jours de Romuald Wadagni : le ministre porte-parole, Wilfried L\u00e9andre Houngb\u00e9dji explique pourquoi il y a une acc\u00e9l\u00e9ration des mesures sociales - Le Potentiel<\/title>\n<meta name=\"robots\" content=\"index, follow, max-snippet:-1, max-image-preview:large, max-video-preview:-1\" \/>\n<link rel=\"canonical\" href=\"https:\/\/lepotentiel.bj\/?p=87451\" \/>\n<meta property=\"og:locale\" content=\"fr_FR\" \/>\n<meta property=\"og:type\" content=\"article\" \/>\n<meta property=\"og:title\" content=\"100 premiers jours de Romuald Wadagni : le ministre porte-parole, Wilfried L\u00e9andre Houngb\u00e9dji explique pourquoi il y a une acc\u00e9l\u00e9ration des mesures sociales - Le Potentiel\" \/>\n<meta property=\"og:description\" content=\"100 premiers jours de Romuald Wadagni : le ministre porte-parole, Wilfried L\u00e9andre Houngb\u00e9dji explique pourquoi il y a une acc\u00e9l\u00e9ration des mesures sociales Le gouvernement de Romuald Wadagni a pris plusieurs mesures sociales au cours des 100 premiers jours \u00e0 la t\u00eate du pays. R\u00e9uni avec les professionnels des m\u00e9dias lors d\u2019une conf\u00e9rence de presse [&hellip;]\" \/>\n<meta property=\"og:url\" content=\"https:\/\/lepotentiel.bj\/?p=87451\" \/>\n<meta property=\"og:site_name\" content=\"Le Potentiel\" \/>\n<meta property=\"article:published_time\" content=\"2026-09-04T13:53:55+00:00\" \/>\n<meta property=\"og:image\" content=\"https:\/\/lepotentiel.bj\/wp-content\/uploads\/2026\/09\/IMG_20260904_110203_9482-723x400-1.jpg\" \/>\n\t<meta property=\"og:image:width\" content=\"723\" \/>\n\t<meta property=\"og:image:height\" content=\"400\" \/>\n\t<meta property=\"og:image:type\" content=\"image\/jpeg\" \/>\n<meta name=\"author\" content=\"Le Potentiel\" \/>\n<meta name=\"twitter:card\" content=\"summary_large_image\" \/>\n<meta name=\"twitter:label1\" content=\"\u00c9crit par\" \/>\n\t<meta name=\"twitter:data1\" content=\"Le Potentiel\" \/>\n\t<meta name=\"twitter:label2\" content=\"Dur\u00e9e de lecture estim\u00e9e\" \/>\n\t<meta name=\"twitter:data2\" content=\"3 minutes\" \/>\n<script type=\"application\/ld+json\" class=\"yoast-schema-graph\">{\"@context\":\"https:\\\/\\\/schema.org\",\"@graph\":[{\"@type\":\"Article\",\"@id\":\"https:\\\/\\\/lepotentiel.bj\\\/?p=87451#article\",\"isPartOf\":{\"@id\":\"https:\\\/\\\/lepotentiel.bj\\\/?p=87451\"},\"author\":{\"name\":\"Le Potentiel\",\"@id\":\"https:\\\/\\\/lepotentiel.bj\\\/#\\\/schema\\\/person\\\/453725c41f4363806763503087c06c70\"},\"headline\":\"100 premiers jours de Romuald Wadagni : le ministre porte-parole, Wilfried L\u00e9andre Houngb\u00e9dji explique pourquoi il y a une acc\u00e9l\u00e9ration des mesures sociales\",\"datePublished\":\"2026-09-04T13:53:55+00:00\",\"mainEntityOfPage\":{\"@id\":\"https:\\\/\\\/lepotentiel.bj\\\/?p=87451\"},\"wordCount\":489,\"commentCount\":0,\"publisher\":{\"@id\":\"https:\\\/\\\/lepotentiel.bj\\\/#organization\"},\"image\":{\"@id\":\"https:\\\/\\\/lepotentiel.bj\\\/?p=87451#primaryimage\"},\"thumbnailUrl\":\"https:\\\/\\\/lepotentiel.bj\\\/wp-content\\\/uploads\\\/2026\\\/09\\\/IMG_20260904_110203_9482-723x400-1.jpg\",\"articleSection\":[\"A La Une\"],\"inLanguage\":\"fr-FR\",\"potentialAction\":[{\"@type\":\"CommentAction\",\"name\":\"Comment\",\"target\":[\"https:\\\/\\\/lepotentiel.bj\\\/?p=87451#respond\"]}]},{\"@type\":\"WebPage\",\"@id\":\"https:\\\/\\\/lepotentiel.bj\\\/?p=87451\",\"url\":\"https:\\\/\\\/lepotentiel.bj\\\/?p=87451\",\"name\":\"100 premiers jours de Romuald Wadagni : le ministre porte-parole, Wilfried L\u00e9andre Houngb\u00e9dji explique pourquoi il y a une acc\u00e9l\u00e9ration des mesures sociales - Le Potentiel\",\"isPartOf\":{\"@id\":\"https:\\\/\\\/lepotentiel.bj\\\/#website\"},\"primaryImageOfPage\":{\"@id\":\"https:\\\/\\\/lepotentiel.bj\\\/?p=87451#primaryimage\"},\"image\":{\"@id\":\"https:\\\/\\\/lepotentiel.bj\\\/?p=87451#primaryimage\"},\"thumbnailUrl\":\"https:\\\/\\\/lepotentiel.bj\\\/wp-content\\\/uploads\\\/2026\\\/09\\\/IMG_20260904_110203_9482-723x400-1.jpg\",\"datePublished\":\"2026-09-04T13:53:55+00:00\",\"breadcrumb\":{\"@id\":\"https:\\\/\\\/lepotentiel.bj\\\/?p=87451#breadcrumb\"},\"inLanguage\":\"fr-FR\",\"potentialAction\":[{\"@type\":\"ReadAction\",\"target\":[\"https:\\\/\\\/lepotentiel.bj\\\/?p=87451\"]}]},{\"@type\":\"ImageObject\",\"inLanguage\":\"fr-FR\",\"@id\":\"https:\\\/\\\/lepotentiel.bj\\\/?p=87451#primaryimage\",\"url\":\"https:\\\/\\\/lepotentiel.bj\\\/wp-content\\\/uploads\\\/2026\\\/09\\\/IMG_20260904_110203_9482-723x400-1.jpg\",\"contentUrl\":\"https:\\\/\\\/lepotentiel.bj\\\/wp-content\\\/uploads\\\/2026\\\/09\\\/IMG_20260904_110203_9482-723x400-1.jpg\",\"width\":723,\"height\":400,\"caption\":\"0-8160x6138-0-0#\"},{\"@type\":\"BreadcrumbList\",\"@id\":\"https:\\\/\\\/lepotentiel.bj\\\/?p=87451#breadcrumb\",\"itemListElement\":[{\"@type\":\"ListItem\",\"position\":1,\"name\":\"Accueil\",\"item\":\"https:\\\/\\\/lepotentiel.bj\\\/\"},{\"@type\":\"ListItem\",\"position\":2,\"name\":\"100 premiers jours de Romuald Wadagni : le ministre porte-parole, Wilfried L\u00e9andre Houngb\u00e9dji explique pourquoi il y a une acc\u00e9l\u00e9ration des mesures sociales\"}]},{\"@type\":\"WebSite\",\"@id\":\"https:\\\/\\\/lepotentiel.bj\\\/#website\",\"url\":\"https:\\\/\\\/lepotentiel.bj\\\/\",\"name\":\"Le Potentiel\",\"description\":\"Le Potentiel, au service de l\u2019information, nous sommes les fantassins du droit de savoir\",\"publisher\":{\"@id\":\"https:\\\/\\\/lepotentiel.bj\\\/#organization\"},\"potentialAction\":[{\"@type\":\"SearchAction\",\"target\":{\"@type\":\"EntryPoint\",\"urlTemplate\":\"https:\\\/\\\/lepotentiel.bj\\\/?s={search_term_string}\"},\"query-input\":{\"@type\":\"PropertyValueSpecification\",\"valueRequired\":true,\"valueName\":\"search_term_string\"}}],\"inLanguage\":\"fr-FR\"},{\"@type\":\"Organization\",\"@id\":\"https:\\\/\\\/lepotentiel.bj\\\/#organization\",\"name\":\"Le Potentiel\",\"url\":\"https:\\\/\\\/lepotentiel.bj\\\/\",\"logo\":{\"@type\":\"ImageObject\",\"inLanguage\":\"fr-FR\",\"@id\":\"https:\\\/\\\/lepotentiel.bj\\\/#\\\/schema\\\/logo\\\/image\\\/\",\"url\":\"https:\\\/\\\/lepotentiel.bj\\\/wp-content\\\/uploads\\\/2023\\\/12\\\/logo-pot.jpg\",\"contentUrl\":\"https:\\\/\\\/lepotentiel.bj\\\/wp-content\\\/uploads\\\/2023\\\/12\\\/logo-pot.jpg\",\"width\":562,\"height\":84,\"caption\":\"Le Potentiel\"},\"image\":{\"@id\":\"https:\\\/\\\/lepotentiel.bj\\\/#\\\/schema\\\/logo\\\/image\\\/\"}},{\"@type\":\"Person\",\"@id\":\"https:\\\/\\\/lepotentiel.bj\\\/#\\\/schema\\\/person\\\/453725c41f4363806763503087c06c70\",\"name\":\"Le Potentiel\",\"image\":{\"@type\":\"ImageObject\",\"inLanguage\":\"fr-FR\",\"@id\":\"https:\\\/\\\/secure.gravatar.com\\\/avatar\\\/4085301697e4181824463b6ab1ea0ef6abfe68ad30a95258574a4b2d1c76522e?s=96&d=mm&r=g\",\"url\":\"https:\\\/\\\/secure.gravatar.com\\\/avatar\\\/4085301697e4181824463b6ab1ea0ef6abfe68ad30a95258574a4b2d1c76522e?s=96&d=mm&r=g\",\"contentUrl\":\"https:\\\/\\\/secure.gravatar.com\\\/avatar\\\/4085301697e4181824463b6ab1ea0ef6abfe68ad30a95258574a4b2d1c76522e?s=96&d=mm&r=g\",\"caption\":\"Le Potentiel\"},\"url\":\"https:\\\/\\\/lepotentiel.bj\\\/?author=4\"}]}<\/script>\n<!-- \/ Yoast SEO plugin. -->","yoast_head_json":{"title":"100 premiers jours de Romuald Wadagni : le ministre porte-parole, Wilfried L\u00e9andre Houngb\u00e9dji explique pourquoi il y a une acc\u00e9l\u00e9ration des mesures sociales - Le Potentiel","robots":{"index":"index","follow":"follow","max-snippet":"max-snippet:-1","max-image-preview":"max-image-preview:large","max-video-preview":"max-video-preview:-1"},"canonical":"https:\/\/lepotentiel.bj\/?p=87451","og_locale":"fr_FR","og_type":"article","og_title":"100 premiers jours de Romuald Wadagni : le ministre porte-parole, Wilfried L\u00e9andre Houngb\u00e9dji explique pourquoi il y a une acc\u00e9l\u00e9ration des mesures sociales - Le Potentiel","og_description":"100 premiers jours de Romuald Wadagni : le ministre porte-parole, Wilfried L\u00e9andre Houngb\u00e9dji explique pourquoi il y a une acc\u00e9l\u00e9ration des mesures sociales Le gouvernement de Romuald Wadagni a pris plusieurs mesures sociales au cours des 100 premiers jours \u00e0 la t\u00eate du pays. R\u00e9uni avec les professionnels des m\u00e9dias lors d\u2019une conf\u00e9rence de presse [&hellip;]","og_url":"https:\/\/lepotentiel.bj\/?p=87451","og_site_name":"Le Potentiel","article_published_time":"2026-09-04T13:53:55+00:00","og_image":[{"width":723,"height":400,"url":"https:\/\/lepotentiel.bj\/wp-content\/uploads\/2026\/09\/IMG_20260904_110203_9482-723x400-1.jpg","type":"image\/jpeg"}],"author":"Le Potentiel","twitter_card":"summary_large_image","twitter_misc":{"\u00c9crit par":"Le Potentiel","Dur\u00e9e de lecture estim\u00e9e":"3 minutes"},"schema":{"@context":"https:\/\/schema.org","@graph":[{"@type":"Article","@id":"https:\/\/lepotentiel.bj\/?p=87451#article","isPartOf":{"@id":"https:\/\/lepotentiel.bj\/?p=87451"},"author":{"name":"Le Potentiel","@id":"https:\/\/lepotentiel.bj\/#\/schema\/person\/453725c41f4363806763503087c06c70"},"headline":"100 premiers jours de Romuald Wadagni : le ministre porte-parole, Wilfried L\u00e9andre Houngb\u00e9dji explique pourquoi il y a une acc\u00e9l\u00e9ration des mesures sociales","datePublished":"2026-09-04T13:53:55+00:00","mainEntityOfPage":{"@id":"https:\/\/lepotentiel.bj\/?p=87451"},"wordCount":489,"commentCount":0,"publisher":{"@id":"https:\/\/lepotentiel.bj\/#organization"},"image":{"@id":"https:\/\/lepotentiel.bj\/?p=87451#primaryimage"},"thumbnailUrl":"https:\/\/lepotentiel.bj\/wp-content\/uploads\/2026\/09\/IMG_20260904_110203_9482-723x400-1.jpg","articleSection":["A La Une"],"inLanguage":"fr-FR","potentialAction":[{"@type":"CommentAction","name":"Comment","target":["https:\/\/lepotentiel.bj\/?p=87451#respond"]}]},{"@type":"WebPage","@id":"https:\/\/lepotentiel.bj\/?p=87451","url":"https:\/\/lepotentiel.bj\/?p=87451","name":"100 premiers jours de Romuald Wadagni : le ministre porte-parole, Wilfried L\u00e9andre Houngb\u00e9dji explique pourquoi il y a une acc\u00e9l\u00e9ration des mesures sociales - Le Potentiel","isPartOf":{"@id":"https:\/\/lepotentiel.bj\/#website"},"primaryImageOfPage":{"@id":"https:\/\/lepotentiel.bj\/?p=87451#primaryimage"},"image":{"@id":"https:\/\/lepotentiel.bj\/?p=87451#primaryimage"},"thumbnailUrl":"https:\/\/lepotentiel.bj\/wp-content\/uploads\/2026\/09\/IMG_20260904_110203_9482-723x400-1.jpg","datePublished":"2026-09-04T13:53:55+00:00","breadcrumb":{"@id":"https:\/\/lepotentiel.bj\/?p=87451#breadcrumb"},"inLanguage":"fr-FR","potentialAction":[{"@type":"ReadAction","target":["https:\/\/lepotentiel.bj\/?p=87451"]}]},{"@type":"ImageObject","inLanguage":"fr-FR","@id":"https:\/\/lepotentiel.bj\/?p=87451#primaryimage","url":"https:\/\/lepotentiel.bj\/wp-content\/uploads\/2026\/09\/IMG_20260904_110203_9482-723x400-1.jpg","contentUrl":"https:\/\/lepotentiel.bj\/wp-content\/uploads\/2026\/09\/IMG_20260904_110203_9482-723x400-1.jpg","width":723,"height":400,"caption":"0-8160x6138-0-0#"},{"@type":"BreadcrumbList","@id":"https:\/\/lepotentiel.bj\/?p=87451#breadcrumb","itemListElement":[{"@type":"ListItem","position":1,"name":"Accueil","item":"https:\/\/lepotentiel.bj\/"},{"@type":"ListItem","position":2,"name":"100 premiers jours de Romuald Wadagni : le ministre porte-parole, Wilfried L\u00e9andre Houngb\u00e9dji explique pourquoi il y a une acc\u00e9l\u00e9ration des mesures sociales"}]},{"@type":"WebSite","@id":"https:\/\/lepotentiel.bj\/#website","url":"https:\/\/lepotentiel.bj\/","name":"Le Potentiel","description":"Le Potentiel, au service de l\u2019information, nous sommes les fantassins du droit de savoir","publisher":{"@id":"https:\/\/lepotentiel.bj\/#organization"},"potentialAction":[{"@type":"SearchAction","target":{"@type":"EntryPoint","urlTemplate":"https:\/\/lepotentiel.bj\/?s={search_term_string}"},"query-input":{"@type":"PropertyValueSpecification","valueRequired":true,"valueName":"search_term_string"}}],"inLanguage":"fr-FR"},{"@type":"Organization","@id":"https:\/\/lepotentiel.bj\/#organization","name":"Le Potentiel","url":"https:\/\/lepotentiel.bj\/","logo":{"@type":"ImageObject","inLanguage":"fr-FR","@id":"https:\/\/lepotentiel.bj\/#\/schema\/logo\/image\/","url":"https:\/\/lepotentiel.bj\/wp-content\/uploads\/2023\/12\/logo-pot.jpg","contentUrl":"https:\/\/lepotentiel.bj\/wp-content\/uploads\/2023\/12\/logo-pot.jpg","width":562,"height":84,"caption":"Le Potentiel"},"image":{"@id":"https:\/\/lepotentiel.bj\/#\/schema\/logo\/image\/"}},{"@type":"Person","@id":"https:\/\/lepotentiel.bj\/#\/schema\/person\/453725c41f4363806763503087c06c70","name":"Le Potentiel","image":{"@type":"ImageObject","inLanguage":"fr-FR","@id":"https:\/\/secure.gravatar.com\/avatar\/4085301697e4181824463b6ab1ea0ef6abfe68ad30a95258574a4b2d1c76522e?s=96&d=mm&r=g","url":"https:\/\/secure.gravatar.com\/avatar\/4085301697e4181824463b6ab1ea0ef6abfe68ad30a95258574a4b2d1c76522e?s=96&d=mm&r=g","contentUrl":"https:\/\/secure.gravatar.com\/avatar\/4085301697e4181824463b6ab1ea0ef6abfe68ad30a95258574a4b2d1c76522e?s=96&d=mm&r=g","caption":"Le Potentiel"},"url":"https:\/\/lepotentiel.bj\/?author=4"}]}},"_links":{"self":[{"href":"https:\/\/lepotentiel.bj\/index.php?rest_route=\/wp\/v2\/posts\/87451","targetHints":{"allow":["GET"]}}],"collection":[{"href":"https:\/\/lepotentiel.bj\/index.php?rest_route=\/wp\/v2\/posts"}],"about":[{"href":"https:\/\/lepotentiel.bj\/index.php?rest_route=\/wp\/v2\/types\/post"}],"author":[{"embeddable":true,"href":"https:\/\/lepotentiel.bj\/index.php?rest_route=\/wp\/v2\/users\/4"}],"replies":[{"embeddable":true,"href":"https:\/\/lepotentiel.bj\/index.php?rest_route=%2Fwp%2Fv2%2Fcomments&post=87451"}],"version-history":[{"count":1,"href":"https:\/\/lepotentiel.bj\/index.php?rest_route=\/wp\/v2\/posts\/87451\/revisions"}],"predecessor-version":[{"id":87453,"href":"https:\/\/lepotentiel.bj\/index.php?rest_route=\/wp\/v2\/posts\/87451\/revisions\/87453"}],"wp:featuredmedia":[{"embeddable":true,"href":"https:\/\/lepotentiel.bj\/index.php?rest_route=\/wp\/v2\/media\/87445"}],"wp:attachment":[{"href":"https:\/\/lepotentiel.bj\/index.php?rest_route=%2Fwp%2Fv2%2Fmedia&parent=87451"}],"wp:term":[{"taxonomy":"category","embeddable":true,"href":"https:\/\/lepotentiel.bj\/index.php?rest_route=%2Fwp%2Fv2%2Fcategories&post=87451"},{"taxonomy":"post_tag","embeddable":true,"href":"https:\/\/lepotentiel.bj\/index.php?rest_route=%2Fwp%2Fv2%2Ftags&post=87451"}],"curies":[{"name":"wp","href":"https:\/\/api.w.org\/{rel}","templated":true}]}}