{"id":87454,"date":"2026-09-04T16:27:56","date_gmt":"2026-09-04T14:27:56","guid":{"rendered":"https:\/\/lepotentiel.bj\/?p=87454"},"modified":"2026-09-04T16:27:56","modified_gmt":"2026-09-04T14:27:56","slug":"prefecture-du-zou-rodrigue-mitchowadou-prend-officiellement-les-commandes-de-ladministration-departementale","status":"publish","type":"post","link":"https:\/\/lepotentiel.bj\/?p=87454","title":{"rendered":"Pr\u00e9fecture du Zou: Rodrigue MITCHOWADOU prend officiellement les commandes de l\u2019administration d\u00e9partementale"},"content":{"rendered":"<p style=\"text-align: justify;\">La passation de service \u00e0 la Pr\u00e9fecture du Zou a consacr\u00e9, ce vendredi 4 Septembre 2026, l\u2019entr\u00e9e en fonction de <strong>Rodrigue MITCHOWADOU<\/strong>, nouveau Secr\u00e9taire g\u00e9n\u00e9ral du d\u00e9partement. La c\u00e9r\u00e9monie, pr\u00e9sid\u00e9e en pr\u00e9sence du Pr\u00e9fet du Zou, a r\u00e9uni plusieurs autorit\u00e9s administratives, personnalit\u00e9s et cadres du d\u00e9partement.<\/p>\n<p style=\"text-align: justify;\">Moment solennel de la vie administrative, cette c\u00e9r\u00e9monie a permis de sceller la transmission des responsabilit\u00e9s entre l\u2019ancien et le nouveau Secr\u00e9taire g\u00e9n\u00e9ral. D\u00e9sormais install\u00e9 dans ses fonctions, Rodrigue MITCHOWADOU aura pour mission d\u2019accompagner le Pr\u00e9fet dans la conduite de l\u2019administration d\u00e9partementale, la coordination des services et le suivi des orientations de l\u2019\u00c9tat dans le Zou.<\/p>\n<p style=\"text-align: justify;\">A la Pr\u00e9fecture, cette prise de service intervient avec une attente forte autour de la continuit\u00e9 et de l\u2019efficacit\u00e9 de l\u2019action administrative. Le nouveau Secr\u00e9taire g\u00e9n\u00e9ral devra ainsi mettre son exp\u00e9rience et ses comp\u00e9tences au service du fonctionnement r\u00e9gulier des services d\u00e9partementaux et de la coordination avec les diff\u00e9rentes structures de l\u2019administration.<\/p>\n<p style=\"text-align: justify;\">*Une forte pr\u00e9sence du Bloc R\u00e9publicain*<\/p>\n<p style=\"text-align: justify;\">La c\u00e9r\u00e9monie de passation de service a \u00e9galement enregistr\u00e9 une importante mobilisation de responsables politiques et de militants du Bloc R\u00e9publicain (BR) dans le Zou.<\/p>\n<p style=\"text-align: justify;\">Parmi les personnalit\u00e9s pr\u00e9sentes figuraient notamment Gustave Sonon, coordonnateur du BR dans le Zou, ainsi que plusieurs responsables et cadres du parti. \u00c9taient \u00e9galement pr\u00e9sents les honorables Isidore Hounhuedo et Agongbonon, l\u2019ancien maire de Ouinhi Houessou Jonas, le nouveau maire Zannou Bernard, ainsi que Sonon S\u00e9verin, Joseph Bahadjade, Simon A\u00efzannon, Amos Langafin, Wilfried Kpadonou, Hinvi Cl\u00e9ment et Esseka Christian.<\/p>\n<p style=\"text-align: justify;\">Cette mobilisation a donn\u00e9 \u00e0 la c\u00e9r\u00e9monie une dimension particuli\u00e8re, avec la pr\u00e9sence de nombreux militants et militantes venus accompagner ce moment de prise de fonction.<\/p>\n<p style=\"text-align: justify;\">*Une nouvelle responsabilit\u00e9 pour Rodrigue MITCHOWADOU*<\/p>\n<p style=\"text-align: justify;\">En prenant officiellement les commandes du Secr\u00e9tariat d\u00e9partemental, RODRIGUE MITCHOWADOU entame une nouvelle \u00e9tape de son parcours administratif. \u00c0 la Pr\u00e9fecture du Zou, il devra d\u00e9sormais travailler aux c\u00f4t\u00e9s du Pr\u00e9fet et des diff\u00e9rents services pour contribuer \u00e0 la bonne marche de l\u2019administration.<\/p>\n<p style=\"text-align: justify;\">Les prochains mois permettront d\u2019appr\u00e9cier son action \u00e0 ce poste et sa capacit\u00e9 \u00e0 r\u00e9pondre aux exigences li\u00e9es \u00e0 la coordination administrative du d\u00e9partement.<\/p>\n<p><img fetchpriority=\"high\" decoding=\"async\" class=\"alignnone size-medium wp-image-87455\" src=\"https:\/\/lepotentiel.bj\/wp-content\/uploads\/2026\/09\/IMG-20260904-WA0029-225x300.jpg\" alt=\"\" width=\"225\" height=\"300\" srcset=\"https:\/\/lepotentiel.bj\/wp-content\/uploads\/2026\/09\/IMG-20260904-WA0029-225x300.jpg 225w, https:\/\/lepotentiel.bj\/wp-content\/uploads\/2026\/09\/IMG-20260904-WA0029-768x1024.jpg 768w, https:\/\/lepotentiel.bj\/wp-content\/uploads\/2026\/09\/IMG-20260904-WA0029-750x1000.jpg 750w, https:\/\/lepotentiel.bj\/wp-content\/uploads\/2026\/09\/IMG-20260904-WA0029.jpg 810w\" sizes=\"(max-width: 225px) 100vw, 225px\" \/><\/p>\n<p style=\"text-align: justify;\">Cette passation de service ouvre ainsi une nouvelle s\u00e9quence \u00e0 la Pr\u00e9fecture du Zou. Une s\u00e9quence plac\u00e9e sous le signe de la continuit\u00e9 de l\u2019action publique et du service aux populations.<\/p>\n<p style=\"text-align: justify;\"><strong>Joseph Sossou<\/strong><\/p>\n","protected":false},"excerpt":{"rendered":"<p>La passation de service \u00e0 la Pr\u00e9fecture du Zou a consacr\u00e9, ce vendredi 4 Septembre 2026, l\u2019entr\u00e9e en fonction de Rodrigue MITCHOWADOU, nouveau Secr\u00e9taire g\u00e9n\u00e9ral du d\u00e9partement. La c\u00e9r\u00e9monie, pr\u00e9sid\u00e9e en pr\u00e9sence du Pr\u00e9fet du Zou, a r\u00e9uni plusieurs autorit\u00e9s administratives, personnalit\u00e9s et cadres du d\u00e9partement. Moment solennel de la vie administrative, cette c\u00e9r\u00e9monie a [&hellip;]<\/p>\n","protected":false},"author":17,"featured_media":87456,"comment_status":"open","ping_status":"open","sticky":false,"template":"","format":"standard","meta":{"footnotes":""},"categories":[22960,34],"tags":[],"class_list":["post-87454","post","type-post","status-publish","format-standard","has-post-thumbnail","hentry","category-a-la-une","category-actualite"],"yoast_head":"<!-- This site is optimized with the Yoast SEO plugin v28.2 - https:\/\/yoast.com\/product\/yoast-seo-wordpress\/ -->\n<title>Pr\u00e9fecture du Zou: Rodrigue MITCHOWADOU prend officiellement les commandes de l\u2019administration d\u00e9partementale - Le Potentiel<\/title>\n<meta name=\"robots\" content=\"index, follow, max-snippet:-1, max-image-preview:large, max-video-preview:-1\" \/>\n<link rel=\"canonical\" href=\"https:\/\/lepotentiel.bj\/?p=87454\" \/>\n<meta property=\"og:locale\" content=\"fr_FR\" \/>\n<meta property=\"og:type\" content=\"article\" \/>\n<meta property=\"og:title\" content=\"Pr\u00e9fecture du Zou: Rodrigue MITCHOWADOU prend officiellement les commandes de l\u2019administration d\u00e9partementale - Le Potentiel\" \/>\n<meta property=\"og:description\" content=\"La passation de service \u00e0 la Pr\u00e9fecture du Zou a consacr\u00e9, ce vendredi 4 Septembre 2026, l\u2019entr\u00e9e en fonction de Rodrigue MITCHOWADOU, nouveau Secr\u00e9taire g\u00e9n\u00e9ral du d\u00e9partement. La c\u00e9r\u00e9monie, pr\u00e9sid\u00e9e en pr\u00e9sence du Pr\u00e9fet du Zou, a r\u00e9uni plusieurs autorit\u00e9s administratives, personnalit\u00e9s et cadres du d\u00e9partement. Moment solennel de la vie administrative, cette c\u00e9r\u00e9monie a [&hellip;]\" \/>\n<meta property=\"og:url\" content=\"https:\/\/lepotentiel.bj\/?p=87454\" \/>\n<meta property=\"og:site_name\" content=\"Le Potentiel\" \/>\n<meta property=\"article:published_time\" content=\"2026-09-04T14:27:56+00:00\" \/>\n<meta property=\"og:image\" content=\"https:\/\/lepotentiel.bj\/wp-content\/uploads\/2026\/09\/IMG-20260904-WA0028.jpg\" \/>\n\t<meta property=\"og:image:width\" content=\"1080\" \/>\n\t<meta property=\"og:image:height\" content=\"810\" \/>\n\t<meta property=\"og:image:type\" content=\"image\/jpeg\" \/>\n<meta name=\"author\" content=\"Frejus SENOU\" \/>\n<meta name=\"twitter:card\" content=\"summary_large_image\" \/>\n<meta name=\"twitter:label1\" content=\"\u00c9crit par\" \/>\n\t<meta name=\"twitter:data1\" content=\"Frejus SENOU\" \/>\n\t<meta name=\"twitter:label2\" content=\"Dur\u00e9e de lecture estim\u00e9e\" \/>\n\t<meta name=\"twitter:data2\" content=\"3 minutes\" \/>\n<script type=\"application\/ld+json\" class=\"yoast-schema-graph\">{\"@context\":\"https:\\\/\\\/schema.org\",\"@graph\":[{\"@type\":\"Article\",\"@id\":\"https:\\\/\\\/lepotentiel.bj\\\/?p=87454#article\",\"isPartOf\":{\"@id\":\"https:\\\/\\\/lepotentiel.bj\\\/?p=87454\"},\"author\":{\"name\":\"Frejus SENOU\",\"@id\":\"https:\\\/\\\/lepotentiel.bj\\\/#\\\/schema\\\/person\\\/52186ff1225863d2b725dfd954763012\"},\"headline\":\"Pr\u00e9fecture du Zou: Rodrigue MITCHOWADOU prend officiellement les commandes de l\u2019administration d\u00e9partementale\",\"datePublished\":\"2026-09-04T14:27:56+00:00\",\"mainEntityOfPage\":{\"@id\":\"https:\\\/\\\/lepotentiel.bj\\\/?p=87454\"},\"wordCount\":458,\"commentCount\":0,\"publisher\":{\"@id\":\"https:\\\/\\\/lepotentiel.bj\\\/#organization\"},\"image\":{\"@id\":\"https:\\\/\\\/lepotentiel.bj\\\/?p=87454#primaryimage\"},\"thumbnailUrl\":\"https:\\\/\\\/lepotentiel.bj\\\/wp-content\\\/uploads\\\/2026\\\/09\\\/IMG-20260904-WA0028.jpg\",\"articleSection\":[\"A La Une\",\"Actualit\u00e9\"],\"inLanguage\":\"fr-FR\",\"potentialAction\":[{\"@type\":\"CommentAction\",\"name\":\"Comment\",\"target\":[\"https:\\\/\\\/lepotentiel.bj\\\/?p=87454#respond\"]}]},{\"@type\":\"WebPage\",\"@id\":\"https:\\\/\\\/lepotentiel.bj\\\/?p=87454\",\"url\":\"https:\\\/\\\/lepotentiel.bj\\\/?p=87454\",\"name\":\"Pr\u00e9fecture du Zou: Rodrigue MITCHOWADOU prend officiellement les commandes de l\u2019administration d\u00e9partementale - Le Potentiel\",\"isPartOf\":{\"@id\":\"https:\\\/\\\/lepotentiel.bj\\\/#website\"},\"primaryImageOfPage\":{\"@id\":\"https:\\\/\\\/lepotentiel.bj\\\/?p=87454#primaryimage\"},\"image\":{\"@id\":\"https:\\\/\\\/lepotentiel.bj\\\/?p=87454#primaryimage\"},\"thumbnailUrl\":\"https:\\\/\\\/lepotentiel.bj\\\/wp-content\\\/uploads\\\/2026\\\/09\\\/IMG-20260904-WA0028.jpg\",\"datePublished\":\"2026-09-04T14:27:56+00:00\",\"breadcrumb\":{\"@id\":\"https:\\\/\\\/lepotentiel.bj\\\/?p=87454#breadcrumb\"},\"inLanguage\":\"fr-FR\",\"potentialAction\":[{\"@type\":\"ReadAction\",\"target\":[\"https:\\\/\\\/lepotentiel.bj\\\/?p=87454\"]}]},{\"@type\":\"ImageObject\",\"inLanguage\":\"fr-FR\",\"@id\":\"https:\\\/\\\/lepotentiel.bj\\\/?p=87454#primaryimage\",\"url\":\"https:\\\/\\\/lepotentiel.bj\\\/wp-content\\\/uploads\\\/2026\\\/09\\\/IMG-20260904-WA0028.jpg\",\"contentUrl\":\"https:\\\/\\\/lepotentiel.bj\\\/wp-content\\\/uploads\\\/2026\\\/09\\\/IMG-20260904-WA0028.jpg\",\"width\":1080,\"height\":810},{\"@type\":\"BreadcrumbList\",\"@id\":\"https:\\\/\\\/lepotentiel.bj\\\/?p=87454#breadcrumb\",\"itemListElement\":[{\"@type\":\"ListItem\",\"position\":1,\"name\":\"Accueil\",\"item\":\"https:\\\/\\\/lepotentiel.bj\\\/\"},{\"@type\":\"ListItem\",\"position\":2,\"name\":\"Pr\u00e9fecture du Zou: Rodrigue MITCHOWADOU prend officiellement les commandes de l\u2019administration d\u00e9partementale\"}]},{\"@type\":\"WebSite\",\"@id\":\"https:\\\/\\\/lepotentiel.bj\\\/#website\",\"url\":\"https:\\\/\\\/lepotentiel.bj\\\/\",\"name\":\"Le Potentiel\",\"description\":\"Le Potentiel, au service de l\u2019information, nous sommes les fantassins du droit de savoir\",\"publisher\":{\"@id\":\"https:\\\/\\\/lepotentiel.bj\\\/#organization\"},\"potentialAction\":[{\"@type\":\"SearchAction\",\"target\":{\"@type\":\"EntryPoint\",\"urlTemplate\":\"https:\\\/\\\/lepotentiel.bj\\\/?s={search_term_string}\"},\"query-input\":{\"@type\":\"PropertyValueSpecification\",\"valueRequired\":true,\"valueName\":\"search_term_string\"}}],\"inLanguage\":\"fr-FR\"},{\"@type\":\"Organization\",\"@id\":\"https:\\\/\\\/lepotentiel.bj\\\/#organization\",\"name\":\"Le Potentiel\",\"url\":\"https:\\\/\\\/lepotentiel.bj\\\/\",\"logo\":{\"@type\":\"ImageObject\",\"inLanguage\":\"fr-FR\",\"@id\":\"https:\\\/\\\/lepotentiel.bj\\\/#\\\/schema\\\/logo\\\/image\\\/\",\"url\":\"https:\\\/\\\/lepotentiel.bj\\\/wp-content\\\/uploads\\\/2023\\\/12\\\/logo-pot.jpg\",\"contentUrl\":\"https:\\\/\\\/lepotentiel.bj\\\/wp-content\\\/uploads\\\/2023\\\/12\\\/logo-pot.jpg\",\"width\":562,\"height\":84,\"caption\":\"Le Potentiel\"},\"image\":{\"@id\":\"https:\\\/\\\/lepotentiel.bj\\\/#\\\/schema\\\/logo\\\/image\\\/\"}},{\"@type\":\"Person\",\"@id\":\"https:\\\/\\\/lepotentiel.bj\\\/#\\\/schema\\\/person\\\/52186ff1225863d2b725dfd954763012\",\"name\":\"Frejus SENOU\",\"image\":{\"@type\":\"ImageObject\",\"inLanguage\":\"fr-FR\",\"@id\":\"https:\\\/\\\/secure.gravatar.com\\\/avatar\\\/189d5ec84114548a68d5e0470a1e6ee6eb4f0ba26a6cb0f3353e39d90bdc8449?s=96&d=mm&r=g\",\"url\":\"https:\\\/\\\/secure.gravatar.com\\\/avatar\\\/189d5ec84114548a68d5e0470a1e6ee6eb4f0ba26a6cb0f3353e39d90bdc8449?s=96&d=mm&r=g\",\"contentUrl\":\"https:\\\/\\\/secure.gravatar.com\\\/avatar\\\/189d5ec84114548a68d5e0470a1e6ee6eb4f0ba26a6cb0f3353e39d90bdc8449?s=96&d=mm&r=g\",\"caption\":\"Frejus SENOU\"},\"url\":\"https:\\\/\\\/lepotentiel.bj\\\/?author=17\"}]}<\/script>\n<!-- \/ Yoast SEO plugin. -->","yoast_head_json":{"title":"Pr\u00e9fecture du Zou: Rodrigue MITCHOWADOU prend officiellement les commandes de l\u2019administration d\u00e9partementale - Le Potentiel","robots":{"index":"index","follow":"follow","max-snippet":"max-snippet:-1","max-image-preview":"max-image-preview:large","max-video-preview":"max-video-preview:-1"},"canonical":"https:\/\/lepotentiel.bj\/?p=87454","og_locale":"fr_FR","og_type":"article","og_title":"Pr\u00e9fecture du Zou: Rodrigue MITCHOWADOU prend officiellement les commandes de l\u2019administration d\u00e9partementale - Le Potentiel","og_description":"La passation de service \u00e0 la Pr\u00e9fecture du Zou a consacr\u00e9, ce vendredi 4 Septembre 2026, l\u2019entr\u00e9e en fonction de Rodrigue MITCHOWADOU, nouveau Secr\u00e9taire g\u00e9n\u00e9ral du d\u00e9partement. La c\u00e9r\u00e9monie, pr\u00e9sid\u00e9e en pr\u00e9sence du Pr\u00e9fet du Zou, a r\u00e9uni plusieurs autorit\u00e9s administratives, personnalit\u00e9s et cadres du d\u00e9partement. Moment solennel de la vie administrative, cette c\u00e9r\u00e9monie a [&hellip;]","og_url":"https:\/\/lepotentiel.bj\/?p=87454","og_site_name":"Le Potentiel","article_published_time":"2026-09-04T14:27:56+00:00","og_image":[{"width":1080,"height":810,"url":"https:\/\/lepotentiel.bj\/wp-content\/uploads\/2026\/09\/IMG-20260904-WA0028.jpg","type":"image\/jpeg"}],"author":"Frejus SENOU","twitter_card":"summary_large_image","twitter_misc":{"\u00c9crit par":"Frejus SENOU","Dur\u00e9e de lecture estim\u00e9e":"3 minutes"},"schema":{"@context":"https:\/\/schema.org","@graph":[{"@type":"Article","@id":"https:\/\/lepotentiel.bj\/?p=87454#article","isPartOf":{"@id":"https:\/\/lepotentiel.bj\/?p=87454"},"author":{"name":"Frejus SENOU","@id":"https:\/\/lepotentiel.bj\/#\/schema\/person\/52186ff1225863d2b725dfd954763012"},"headline":"Pr\u00e9fecture du Zou: Rodrigue MITCHOWADOU prend officiellement les commandes de l\u2019administration d\u00e9partementale","datePublished":"2026-09-04T14:27:56+00:00","mainEntityOfPage":{"@id":"https:\/\/lepotentiel.bj\/?p=87454"},"wordCount":458,"commentCount":0,"publisher":{"@id":"https:\/\/lepotentiel.bj\/#organization"},"image":{"@id":"https:\/\/lepotentiel.bj\/?p=87454#primaryimage"},"thumbnailUrl":"https:\/\/lepotentiel.bj\/wp-content\/uploads\/2026\/09\/IMG-20260904-WA0028.jpg","articleSection":["A La Une","Actualit\u00e9"],"inLanguage":"fr-FR","potentialAction":[{"@type":"CommentAction","name":"Comment","target":["https:\/\/lepotentiel.bj\/?p=87454#respond"]}]},{"@type":"WebPage","@id":"https:\/\/lepotentiel.bj\/?p=87454","url":"https:\/\/lepotentiel.bj\/?p=87454","name":"Pr\u00e9fecture du Zou: Rodrigue MITCHOWADOU prend officiellement les commandes de l\u2019administration d\u00e9partementale - Le Potentiel","isPartOf":{"@id":"https:\/\/lepotentiel.bj\/#website"},"primaryImageOfPage":{"@id":"https:\/\/lepotentiel.bj\/?p=87454#primaryimage"},"image":{"@id":"https:\/\/lepotentiel.bj\/?p=87454#primaryimage"},"thumbnailUrl":"https:\/\/lepotentiel.bj\/wp-content\/uploads\/2026\/09\/IMG-20260904-WA0028.jpg","datePublished":"2026-09-04T14:27:56+00:00","breadcrumb":{"@id":"https:\/\/lepotentiel.bj\/?p=87454#breadcrumb"},"inLanguage":"fr-FR","potentialAction":[{"@type":"ReadAction","target":["https:\/\/lepotentiel.bj\/?p=87454"]}]},{"@type":"ImageObject","inLanguage":"fr-FR","@id":"https:\/\/lepotentiel.bj\/?p=87454#primaryimage","url":"https:\/\/lepotentiel.bj\/wp-content\/uploads\/2026\/09\/IMG-20260904-WA0028.jpg","contentUrl":"https:\/\/lepotentiel.bj\/wp-content\/uploads\/2026\/09\/IMG-20260904-WA0028.jpg","width":1080,"height":810},{"@type":"BreadcrumbList","@id":"https:\/\/lepotentiel.bj\/?p=87454#breadcrumb","itemListElement":[{"@type":"ListItem","position":1,"name":"Accueil","item":"https:\/\/lepotentiel.bj\/"},{"@type":"ListItem","position":2,"name":"Pr\u00e9fecture du Zou: Rodrigue MITCHOWADOU prend officiellement les commandes de l\u2019administration d\u00e9partementale"}]},{"@type":"WebSite","@id":"https:\/\/lepotentiel.bj\/#website","url":"https:\/\/lepotentiel.bj\/","name":"Le Potentiel","description":"Le Potentiel, au service de l\u2019information, nous sommes les fantassins du droit de savoir","publisher":{"@id":"https:\/\/lepotentiel.bj\/#organization"},"potentialAction":[{"@type":"SearchAction","target":{"@type":"EntryPoint","urlTemplate":"https:\/\/lepotentiel.bj\/?s={search_term_string}"},"query-input":{"@type":"PropertyValueSpecification","valueRequired":true,"valueName":"search_term_string"}}],"inLanguage":"fr-FR"},{"@type":"Organization","@id":"https:\/\/lepotentiel.bj\/#organization","name":"Le Potentiel","url":"https:\/\/lepotentiel.bj\/","logo":{"@type":"ImageObject","inLanguage":"fr-FR","@id":"https:\/\/lepotentiel.bj\/#\/schema\/logo\/image\/","url":"https:\/\/lepotentiel.bj\/wp-content\/uploads\/2023\/12\/logo-pot.jpg","contentUrl":"https:\/\/lepotentiel.bj\/wp-content\/uploads\/2023\/12\/logo-pot.jpg","width":562,"height":84,"caption":"Le Potentiel"},"image":{"@id":"https:\/\/lepotentiel.bj\/#\/schema\/logo\/image\/"}},{"@type":"Person","@id":"https:\/\/lepotentiel.bj\/#\/schema\/person\/52186ff1225863d2b725dfd954763012","name":"Frejus SENOU","image":{"@type":"ImageObject","inLanguage":"fr-FR","@id":"https:\/\/secure.gravatar.com\/avatar\/189d5ec84114548a68d5e0470a1e6ee6eb4f0ba26a6cb0f3353e39d90bdc8449?s=96&d=mm&r=g","url":"https:\/\/secure.gravatar.com\/avatar\/189d5ec84114548a68d5e0470a1e6ee6eb4f0ba26a6cb0f3353e39d90bdc8449?s=96&d=mm&r=g","contentUrl":"https:\/\/secure.gravatar.com\/avatar\/189d5ec84114548a68d5e0470a1e6ee6eb4f0ba26a6cb0f3353e39d90bdc8449?s=96&d=mm&r=g","caption":"Frejus SENOU"},"url":"https:\/\/lepotentiel.bj\/?author=17"}]}},"_links":{"self":[{"href":"https:\/\/lepotentiel.bj\/index.php?rest_route=\/wp\/v2\/posts\/87454","targetHints":{"allow":["GET"]}}],"collection":[{"href":"https:\/\/lepotentiel.bj\/index.php?rest_route=\/wp\/v2\/posts"}],"about":[{"href":"https:\/\/lepotentiel.bj\/index.php?rest_route=\/wp\/v2\/types\/post"}],"author":[{"embeddable":true,"href":"https:\/\/lepotentiel.bj\/index.php?rest_route=\/wp\/v2\/users\/17"}],"replies":[{"embeddable":true,"href":"https:\/\/lepotentiel.bj\/index.php?rest_route=%2Fwp%2Fv2%2Fcomments&post=87454"}],"version-history":[{"count":1,"href":"https:\/\/lepotentiel.bj\/index.php?rest_route=\/wp\/v2\/posts\/87454\/revisions"}],"predecessor-version":[{"id":87457,"href":"https:\/\/lepotentiel.bj\/index.php?rest_route=\/wp\/v2\/posts\/87454\/revisions\/87457"}],"wp:featuredmedia":[{"embeddable":true,"href":"https:\/\/lepotentiel.bj\/index.php?rest_route=\/wp\/v2\/media\/87456"}],"wp:attachment":[{"href":"https:\/\/lepotentiel.bj\/index.php?rest_route=%2Fwp%2Fv2%2Fmedia&parent=87454"}],"wp:term":[{"taxonomy":"category","embeddable":true,"href":"https:\/\/lepotentiel.bj\/index.php?rest_route=%2Fwp%2Fv2%2Fcategories&post=87454"},{"taxonomy":"post_tag","embeddable":true,"href":"https:\/\/lepotentiel.bj\/index.php?rest_route=%2Fwp%2Fv2%2Ftags&post=87454"}],"curies":[{"name":"wp","href":"https:\/\/api.w.org\/{rel}","templated":true}]}}