{"id":87458,"date":"2026-09-04T17:16:41","date_gmt":"2026-09-04T15:16:41","guid":{"rendered":"https:\/\/lepotentiel.bj\/?p=87458"},"modified":"2026-09-04T17:16:41","modified_gmt":"2026-09-04T15:16:41","slug":"cantines-scolaires-au-benin-le-gouvernement-exige-leur-ouverture-des-la-rentree-scolaire","status":"publish","type":"post","link":"https:\/\/lepotentiel.bj\/?p=87458","title":{"rendered":"Cantines scolaires au B\u00e9nin : le gouvernement exige leur ouverture d\u00e8s la rentr\u00e9e scolaire"},"content":{"rendered":"<p style=\"text-align: justify;\"><strong>Cantines scolaires au B\u00e9nin : le gouvernement exige leur ouverture d\u00e8s la rentr\u00e9e scolaire<\/strong><\/p>\n<p style=\"text-align: justify;\">\n<p style=\"text-align: justify;\"><strong>\u00c0 l\u2019occasion de la nouvelle rentr\u00e9e scolaire, le gouvernement b\u00e9ninois veut s\u2019assurer que les cantines scolaires soient op\u00e9rationnelles d\u00e8s le premier jour de classe. L\u2019objectif affich\u00e9 est d\u2019\u00e9viter que des \u00e9l\u00e8ves quittent l\u2019\u00e9cole \u00e0 la mi-journ\u00e9e faute de repas et ne reviennent pas l\u2019apr\u00e8s-midi. Le porte-parole du gouvernement, Wilfried L\u00e9andre Houngb\u00e9dji, a pr\u00e9cis\u00e9 les attentes de l\u2019ex\u00e9cutif vis-\u00e0-vis des acteurs \u00e9ducatifs.<\/strong><\/p>\n<p style=\"text-align: justify;\">\n<p style=\"text-align: justify;\">Le gouvernement b\u00e9ninois mise sur le bon fonctionnement du programme national des cantines scolaires pour favoriser le maintien des enfants \u00e0 l\u2019\u00e9cole. Pour cette nouvelle rentr\u00e9e, l\u2019ex\u00e9cutif demande que les cantines soient ouvertes partout o\u00f9 elles sont pr\u00e9vues et que les repas soient disponibles dans de bonnes conditions. \u00ab Ce que nous attendons, c\u2019est \u00e9videmment que, conform\u00e9ment \u00e0 ce que nous avons observ\u00e9 ces derni\u00e8res ann\u00e9es, gr\u00e2ce au travail s\u00e9rieux que nous avons tous accompli, d\u00e8s le jour de la rentr\u00e9e, les cantines soient ouvertes partout \u00bb, a d\u00e9clar\u00e9 Wilfried L\u00e9andre Houngb\u00e9dji. Pour le porte-parole du gouvernement, la disponibilit\u00e9 des repas scolaires est importante pour les enfants. Il estime qu&rsquo;un enfant qui rentre chez lui \u00e0 midi sans avoir \u00e9t\u00e9 nourri \u00e0 l&rsquo;\u00e9cole peut \u00eatre tent\u00e9 de ne pas revenir dans l&rsquo;apr\u00e8s-midi.<\/p>\n<p style=\"text-align: justify;\">Le gouvernement souhaite ainsi \u00e9viter que la pause m\u00e9ridienne ne devienne un facteur de d\u00e9crochage scolaire. \u00ab Aucun enfant ne doit aller \u00e0 l\u2019\u00e9cole, rentrer chez lui \u00e0 midi et, faute d\u2019avoir \u00e9t\u00e9 servi \u00e0 l\u2019\u00e9cole, ne pas avoir le courage ou l\u2019envie de revenir l\u2019apr\u00e8s-midi, et donc d\u00e9crocher \u00bb, a-t-il expliqu\u00e9.<\/p>\n<p style=\"text-align: justify;\">Pour assurer la continuit\u00e9 du dispositif, l\u2019Agence nationale de l\u2019alimentation et de la nutrition (ANAN) a \u00e9t\u00e9 instruite, avec ses partenaires, de prendre les dispositions n\u00e9cessaires. Selon Wilfried L\u00e9andre Houngb\u00e9dji, le d\u00e9ploiement des vivres a d\u00e9j\u00e0 commenc\u00e9 dans plusieurs \u00e9tablissements scolaires b\u00e9n\u00e9ficiant du programme. Il appelle toutefois les responsables \u00e0 veiller aux conditions de stockage.<\/p>\n<p style=\"text-align: justify;\">500 000 nouveaux b\u00e9n\u00e9ficiaires doivent int\u00e9grer le programme des cantines scolaires \u00e0 l\u2019occasion de cette rentr\u00e9e.<\/p>\n<p style=\"text-align: justify;\">\n<p style=\"text-align: justify;\">M\u00e9dard Clobechi<\/p>\n","protected":false},"excerpt":{"rendered":"<p>Cantines scolaires au B\u00e9nin : le gouvernement exige leur ouverture d\u00e8s la rentr\u00e9e scolaire \u00c0 l\u2019occasion de la nouvelle rentr\u00e9e scolaire, le gouvernement b\u00e9ninois veut s\u2019assurer que les cantines scolaires soient op\u00e9rationnelles d\u00e8s le premier jour de classe. L\u2019objectif affich\u00e9 est d\u2019\u00e9viter que des \u00e9l\u00e8ves quittent l\u2019\u00e9cole \u00e0 la mi-journ\u00e9e faute de repas et ne [&hellip;]<\/p>\n","protected":false},"author":4,"featured_media":60448,"comment_status":"open","ping_status":"open","sticky":false,"template":"","format":"standard","meta":{"footnotes":""},"categories":[22960],"tags":[],"class_list":["post-87458","post","type-post","status-publish","format-standard","has-post-thumbnail","hentry","category-a-la-une"],"yoast_head":"<!-- This site is optimized with the Yoast SEO plugin v28.2 - https:\/\/yoast.com\/product\/yoast-seo-wordpress\/ -->\n<title>Cantines scolaires au B\u00e9nin : le gouvernement exige leur ouverture d\u00e8s la rentr\u00e9e scolaire - Le Potentiel<\/title>\n<meta name=\"robots\" content=\"index, follow, max-snippet:-1, max-image-preview:large, max-video-preview:-1\" \/>\n<link rel=\"canonical\" href=\"https:\/\/lepotentiel.bj\/?p=87458\" \/>\n<meta property=\"og:locale\" content=\"fr_FR\" \/>\n<meta property=\"og:type\" content=\"article\" \/>\n<meta property=\"og:title\" content=\"Cantines scolaires au B\u00e9nin : le gouvernement exige leur ouverture d\u00e8s la rentr\u00e9e scolaire - Le Potentiel\" \/>\n<meta property=\"og:description\" content=\"Cantines scolaires au B\u00e9nin : le gouvernement exige leur ouverture d\u00e8s la rentr\u00e9e scolaire \u00c0 l\u2019occasion de la nouvelle rentr\u00e9e scolaire, le gouvernement b\u00e9ninois veut s\u2019assurer que les cantines scolaires soient op\u00e9rationnelles d\u00e8s le premier jour de classe. L\u2019objectif affich\u00e9 est d\u2019\u00e9viter que des \u00e9l\u00e8ves quittent l\u2019\u00e9cole \u00e0 la mi-journ\u00e9e faute de repas et ne [&hellip;]\" \/>\n<meta property=\"og:url\" content=\"https:\/\/lepotentiel.bj\/?p=87458\" \/>\n<meta property=\"og:site_name\" content=\"Le Potentiel\" \/>\n<meta property=\"article:published_time\" content=\"2026-09-04T15:16:41+00:00\" \/>\n<meta property=\"og:image\" content=\"https:\/\/lepotentiel.bj\/wp-content\/uploads\/2024\/09\/diferenceinfobenin-ecoliers-cantine-benin-385.jpg\" \/>\n\t<meta property=\"og:image:width\" content=\"795\" \/>\n\t<meta property=\"og:image:height\" content=\"385\" \/>\n\t<meta property=\"og:image:type\" content=\"image\/jpeg\" \/>\n<meta name=\"author\" content=\"Le Potentiel\" \/>\n<meta name=\"twitter:card\" content=\"summary_large_image\" \/>\n<meta name=\"twitter:label1\" content=\"\u00c9crit par\" \/>\n\t<meta name=\"twitter:data1\" content=\"Le Potentiel\" \/>\n\t<meta name=\"twitter:label2\" content=\"Dur\u00e9e de lecture estim\u00e9e\" \/>\n\t<meta name=\"twitter:data2\" content=\"2 minutes\" \/>\n<script type=\"application\/ld+json\" class=\"yoast-schema-graph\">{\"@context\":\"https:\\\/\\\/schema.org\",\"@graph\":[{\"@type\":\"Article\",\"@id\":\"https:\\\/\\\/lepotentiel.bj\\\/?p=87458#article\",\"isPartOf\":{\"@id\":\"https:\\\/\\\/lepotentiel.bj\\\/?p=87458\"},\"author\":{\"name\":\"Le Potentiel\",\"@id\":\"https:\\\/\\\/lepotentiel.bj\\\/#\\\/schema\\\/person\\\/453725c41f4363806763503087c06c70\"},\"headline\":\"Cantines scolaires au B\u00e9nin : le gouvernement exige leur ouverture d\u00e8s la rentr\u00e9e scolaire\",\"datePublished\":\"2026-09-04T15:16:41+00:00\",\"mainEntityOfPage\":{\"@id\":\"https:\\\/\\\/lepotentiel.bj\\\/?p=87458\"},\"wordCount\":395,\"commentCount\":0,\"publisher\":{\"@id\":\"https:\\\/\\\/lepotentiel.bj\\\/#organization\"},\"image\":{\"@id\":\"https:\\\/\\\/lepotentiel.bj\\\/?p=87458#primaryimage\"},\"thumbnailUrl\":\"https:\\\/\\\/lepotentiel.bj\\\/wp-content\\\/uploads\\\/2024\\\/09\\\/diferenceinfobenin-ecoliers-cantine-benin-385.jpg\",\"articleSection\":[\"A La Une\"],\"inLanguage\":\"fr-FR\",\"potentialAction\":[{\"@type\":\"CommentAction\",\"name\":\"Comment\",\"target\":[\"https:\\\/\\\/lepotentiel.bj\\\/?p=87458#respond\"]}]},{\"@type\":\"WebPage\",\"@id\":\"https:\\\/\\\/lepotentiel.bj\\\/?p=87458\",\"url\":\"https:\\\/\\\/lepotentiel.bj\\\/?p=87458\",\"name\":\"Cantines scolaires au B\u00e9nin : le gouvernement exige leur ouverture d\u00e8s la rentr\u00e9e scolaire - Le Potentiel\",\"isPartOf\":{\"@id\":\"https:\\\/\\\/lepotentiel.bj\\\/#website\"},\"primaryImageOfPage\":{\"@id\":\"https:\\\/\\\/lepotentiel.bj\\\/?p=87458#primaryimage\"},\"image\":{\"@id\":\"https:\\\/\\\/lepotentiel.bj\\\/?p=87458#primaryimage\"},\"thumbnailUrl\":\"https:\\\/\\\/lepotentiel.bj\\\/wp-content\\\/uploads\\\/2024\\\/09\\\/diferenceinfobenin-ecoliers-cantine-benin-385.jpg\",\"datePublished\":\"2026-09-04T15:16:41+00:00\",\"breadcrumb\":{\"@id\":\"https:\\\/\\\/lepotentiel.bj\\\/?p=87458#breadcrumb\"},\"inLanguage\":\"fr-FR\",\"potentialAction\":[{\"@type\":\"ReadAction\",\"target\":[\"https:\\\/\\\/lepotentiel.bj\\\/?p=87458\"]}]},{\"@type\":\"ImageObject\",\"inLanguage\":\"fr-FR\",\"@id\":\"https:\\\/\\\/lepotentiel.bj\\\/?p=87458#primaryimage\",\"url\":\"https:\\\/\\\/lepotentiel.bj\\\/wp-content\\\/uploads\\\/2024\\\/09\\\/diferenceinfobenin-ecoliers-cantine-benin-385.jpg\",\"contentUrl\":\"https:\\\/\\\/lepotentiel.bj\\\/wp-content\\\/uploads\\\/2024\\\/09\\\/diferenceinfobenin-ecoliers-cantine-benin-385.jpg\",\"width\":795,\"height\":385},{\"@type\":\"BreadcrumbList\",\"@id\":\"https:\\\/\\\/lepotentiel.bj\\\/?p=87458#breadcrumb\",\"itemListElement\":[{\"@type\":\"ListItem\",\"position\":1,\"name\":\"Accueil\",\"item\":\"https:\\\/\\\/lepotentiel.bj\\\/\"},{\"@type\":\"ListItem\",\"position\":2,\"name\":\"Cantines scolaires au B\u00e9nin : le gouvernement exige leur ouverture d\u00e8s la rentr\u00e9e scolaire\"}]},{\"@type\":\"WebSite\",\"@id\":\"https:\\\/\\\/lepotentiel.bj\\\/#website\",\"url\":\"https:\\\/\\\/lepotentiel.bj\\\/\",\"name\":\"Le Potentiel\",\"description\":\"Le Potentiel, au service de l\u2019information, nous sommes les fantassins du droit de savoir\",\"publisher\":{\"@id\":\"https:\\\/\\\/lepotentiel.bj\\\/#organization\"},\"potentialAction\":[{\"@type\":\"SearchAction\",\"target\":{\"@type\":\"EntryPoint\",\"urlTemplate\":\"https:\\\/\\\/lepotentiel.bj\\\/?s={search_term_string}\"},\"query-input\":{\"@type\":\"PropertyValueSpecification\",\"valueRequired\":true,\"valueName\":\"search_term_string\"}}],\"inLanguage\":\"fr-FR\"},{\"@type\":\"Organization\",\"@id\":\"https:\\\/\\\/lepotentiel.bj\\\/#organization\",\"name\":\"Le Potentiel\",\"url\":\"https:\\\/\\\/lepotentiel.bj\\\/\",\"logo\":{\"@type\":\"ImageObject\",\"inLanguage\":\"fr-FR\",\"@id\":\"https:\\\/\\\/lepotentiel.bj\\\/#\\\/schema\\\/logo\\\/image\\\/\",\"url\":\"https:\\\/\\\/lepotentiel.bj\\\/wp-content\\\/uploads\\\/2023\\\/12\\\/logo-pot.jpg\",\"contentUrl\":\"https:\\\/\\\/lepotentiel.bj\\\/wp-content\\\/uploads\\\/2023\\\/12\\\/logo-pot.jpg\",\"width\":562,\"height\":84,\"caption\":\"Le Potentiel\"},\"image\":{\"@id\":\"https:\\\/\\\/lepotentiel.bj\\\/#\\\/schema\\\/logo\\\/image\\\/\"}},{\"@type\":\"Person\",\"@id\":\"https:\\\/\\\/lepotentiel.bj\\\/#\\\/schema\\\/person\\\/453725c41f4363806763503087c06c70\",\"name\":\"Le Potentiel\",\"image\":{\"@type\":\"ImageObject\",\"inLanguage\":\"fr-FR\",\"@id\":\"https:\\\/\\\/secure.gravatar.com\\\/avatar\\\/4085301697e4181824463b6ab1ea0ef6abfe68ad30a95258574a4b2d1c76522e?s=96&d=mm&r=g\",\"url\":\"https:\\\/\\\/secure.gravatar.com\\\/avatar\\\/4085301697e4181824463b6ab1ea0ef6abfe68ad30a95258574a4b2d1c76522e?s=96&d=mm&r=g\",\"contentUrl\":\"https:\\\/\\\/secure.gravatar.com\\\/avatar\\\/4085301697e4181824463b6ab1ea0ef6abfe68ad30a95258574a4b2d1c76522e?s=96&d=mm&r=g\",\"caption\":\"Le Potentiel\"},\"url\":\"https:\\\/\\\/lepotentiel.bj\\\/?author=4\"}]}<\/script>\n<!-- \/ Yoast SEO plugin. -->","yoast_head_json":{"title":"Cantines scolaires au B\u00e9nin : le gouvernement exige leur ouverture d\u00e8s la rentr\u00e9e scolaire - Le Potentiel","robots":{"index":"index","follow":"follow","max-snippet":"max-snippet:-1","max-image-preview":"max-image-preview:large","max-video-preview":"max-video-preview:-1"},"canonical":"https:\/\/lepotentiel.bj\/?p=87458","og_locale":"fr_FR","og_type":"article","og_title":"Cantines scolaires au B\u00e9nin : le gouvernement exige leur ouverture d\u00e8s la rentr\u00e9e scolaire - Le Potentiel","og_description":"Cantines scolaires au B\u00e9nin : le gouvernement exige leur ouverture d\u00e8s la rentr\u00e9e scolaire \u00c0 l\u2019occasion de la nouvelle rentr\u00e9e scolaire, le gouvernement b\u00e9ninois veut s\u2019assurer que les cantines scolaires soient op\u00e9rationnelles d\u00e8s le premier jour de classe. L\u2019objectif affich\u00e9 est d\u2019\u00e9viter que des \u00e9l\u00e8ves quittent l\u2019\u00e9cole \u00e0 la mi-journ\u00e9e faute de repas et ne [&hellip;]","og_url":"https:\/\/lepotentiel.bj\/?p=87458","og_site_name":"Le Potentiel","article_published_time":"2026-09-04T15:16:41+00:00","og_image":[{"width":795,"height":385,"url":"https:\/\/lepotentiel.bj\/wp-content\/uploads\/2024\/09\/diferenceinfobenin-ecoliers-cantine-benin-385.jpg","type":"image\/jpeg"}],"author":"Le Potentiel","twitter_card":"summary_large_image","twitter_misc":{"\u00c9crit par":"Le Potentiel","Dur\u00e9e de lecture estim\u00e9e":"2 minutes"},"schema":{"@context":"https:\/\/schema.org","@graph":[{"@type":"Article","@id":"https:\/\/lepotentiel.bj\/?p=87458#article","isPartOf":{"@id":"https:\/\/lepotentiel.bj\/?p=87458"},"author":{"name":"Le Potentiel","@id":"https:\/\/lepotentiel.bj\/#\/schema\/person\/453725c41f4363806763503087c06c70"},"headline":"Cantines scolaires au B\u00e9nin : le gouvernement exige leur ouverture d\u00e8s la rentr\u00e9e scolaire","datePublished":"2026-09-04T15:16:41+00:00","mainEntityOfPage":{"@id":"https:\/\/lepotentiel.bj\/?p=87458"},"wordCount":395,"commentCount":0,"publisher":{"@id":"https:\/\/lepotentiel.bj\/#organization"},"image":{"@id":"https:\/\/lepotentiel.bj\/?p=87458#primaryimage"},"thumbnailUrl":"https:\/\/lepotentiel.bj\/wp-content\/uploads\/2024\/09\/diferenceinfobenin-ecoliers-cantine-benin-385.jpg","articleSection":["A La Une"],"inLanguage":"fr-FR","potentialAction":[{"@type":"CommentAction","name":"Comment","target":["https:\/\/lepotentiel.bj\/?p=87458#respond"]}]},{"@type":"WebPage","@id":"https:\/\/lepotentiel.bj\/?p=87458","url":"https:\/\/lepotentiel.bj\/?p=87458","name":"Cantines scolaires au B\u00e9nin : le gouvernement exige leur ouverture d\u00e8s la rentr\u00e9e scolaire - Le Potentiel","isPartOf":{"@id":"https:\/\/lepotentiel.bj\/#website"},"primaryImageOfPage":{"@id":"https:\/\/lepotentiel.bj\/?p=87458#primaryimage"},"image":{"@id":"https:\/\/lepotentiel.bj\/?p=87458#primaryimage"},"thumbnailUrl":"https:\/\/lepotentiel.bj\/wp-content\/uploads\/2024\/09\/diferenceinfobenin-ecoliers-cantine-benin-385.jpg","datePublished":"2026-09-04T15:16:41+00:00","breadcrumb":{"@id":"https:\/\/lepotentiel.bj\/?p=87458#breadcrumb"},"inLanguage":"fr-FR","potentialAction":[{"@type":"ReadAction","target":["https:\/\/lepotentiel.bj\/?p=87458"]}]},{"@type":"ImageObject","inLanguage":"fr-FR","@id":"https:\/\/lepotentiel.bj\/?p=87458#primaryimage","url":"https:\/\/lepotentiel.bj\/wp-content\/uploads\/2024\/09\/diferenceinfobenin-ecoliers-cantine-benin-385.jpg","contentUrl":"https:\/\/lepotentiel.bj\/wp-content\/uploads\/2024\/09\/diferenceinfobenin-ecoliers-cantine-benin-385.jpg","width":795,"height":385},{"@type":"BreadcrumbList","@id":"https:\/\/lepotentiel.bj\/?p=87458#breadcrumb","itemListElement":[{"@type":"ListItem","position":1,"name":"Accueil","item":"https:\/\/lepotentiel.bj\/"},{"@type":"ListItem","position":2,"name":"Cantines scolaires au B\u00e9nin : le gouvernement exige leur ouverture d\u00e8s la rentr\u00e9e scolaire"}]},{"@type":"WebSite","@id":"https:\/\/lepotentiel.bj\/#website","url":"https:\/\/lepotentiel.bj\/","name":"Le Potentiel","description":"Le Potentiel, au service de l\u2019information, nous sommes les fantassins du droit de savoir","publisher":{"@id":"https:\/\/lepotentiel.bj\/#organization"},"potentialAction":[{"@type":"SearchAction","target":{"@type":"EntryPoint","urlTemplate":"https:\/\/lepotentiel.bj\/?s={search_term_string}"},"query-input":{"@type":"PropertyValueSpecification","valueRequired":true,"valueName":"search_term_string"}}],"inLanguage":"fr-FR"},{"@type":"Organization","@id":"https:\/\/lepotentiel.bj\/#organization","name":"Le Potentiel","url":"https:\/\/lepotentiel.bj\/","logo":{"@type":"ImageObject","inLanguage":"fr-FR","@id":"https:\/\/lepotentiel.bj\/#\/schema\/logo\/image\/","url":"https:\/\/lepotentiel.bj\/wp-content\/uploads\/2023\/12\/logo-pot.jpg","contentUrl":"https:\/\/lepotentiel.bj\/wp-content\/uploads\/2023\/12\/logo-pot.jpg","width":562,"height":84,"caption":"Le Potentiel"},"image":{"@id":"https:\/\/lepotentiel.bj\/#\/schema\/logo\/image\/"}},{"@type":"Person","@id":"https:\/\/lepotentiel.bj\/#\/schema\/person\/453725c41f4363806763503087c06c70","name":"Le Potentiel","image":{"@type":"ImageObject","inLanguage":"fr-FR","@id":"https:\/\/secure.gravatar.com\/avatar\/4085301697e4181824463b6ab1ea0ef6abfe68ad30a95258574a4b2d1c76522e?s=96&d=mm&r=g","url":"https:\/\/secure.gravatar.com\/avatar\/4085301697e4181824463b6ab1ea0ef6abfe68ad30a95258574a4b2d1c76522e?s=96&d=mm&r=g","contentUrl":"https:\/\/secure.gravatar.com\/avatar\/4085301697e4181824463b6ab1ea0ef6abfe68ad30a95258574a4b2d1c76522e?s=96&d=mm&r=g","caption":"Le Potentiel"},"url":"https:\/\/lepotentiel.bj\/?author=4"}]}},"_links":{"self":[{"href":"https:\/\/lepotentiel.bj\/index.php?rest_route=\/wp\/v2\/posts\/87458","targetHints":{"allow":["GET"]}}],"collection":[{"href":"https:\/\/lepotentiel.bj\/index.php?rest_route=\/wp\/v2\/posts"}],"about":[{"href":"https:\/\/lepotentiel.bj\/index.php?rest_route=\/wp\/v2\/types\/post"}],"author":[{"embeddable":true,"href":"https:\/\/lepotentiel.bj\/index.php?rest_route=\/wp\/v2\/users\/4"}],"replies":[{"embeddable":true,"href":"https:\/\/lepotentiel.bj\/index.php?rest_route=%2Fwp%2Fv2%2Fcomments&post=87458"}],"version-history":[{"count":1,"href":"https:\/\/lepotentiel.bj\/index.php?rest_route=\/wp\/v2\/posts\/87458\/revisions"}],"predecessor-version":[{"id":87459,"href":"https:\/\/lepotentiel.bj\/index.php?rest_route=\/wp\/v2\/posts\/87458\/revisions\/87459"}],"wp:featuredmedia":[{"embeddable":true,"href":"https:\/\/lepotentiel.bj\/index.php?rest_route=\/wp\/v2\/media\/60448"}],"wp:attachment":[{"href":"https:\/\/lepotentiel.bj\/index.php?rest_route=%2Fwp%2Fv2%2Fmedia&parent=87458"}],"wp:term":[{"taxonomy":"category","embeddable":true,"href":"https:\/\/lepotentiel.bj\/index.php?rest_route=%2Fwp%2Fv2%2Fcategories&post=87458"},{"taxonomy":"post_tag","embeddable":true,"href":"https:\/\/lepotentiel.bj\/index.php?rest_route=%2Fwp%2Fv2%2Ftags&post=87458"}],"curies":[{"name":"wp","href":"https:\/\/api.w.org\/{rel}","templated":true}]}}