{"id":87461,"date":"2026-09-04T21:25:00","date_gmt":"2026-09-04T19:25:00","guid":{"rendered":"https:\/\/lepotentiel.bj\/?p=87461"},"modified":"2026-09-04T21:25:00","modified_gmt":"2026-09-04T19:25:00","slug":"passation-de-charges-dans-le-mono-un-nouveau-souffle-pour-la-prefecture-entre-devoir-accompli-et-promesses-dengagement","status":"publish","type":"post","link":"https:\/\/lepotentiel.bj\/?p=87461","title":{"rendered":"Passation de charges dans le Mono : un nouveau souffle pour la pr\u00e9fecture, entre devoir accompli et promesses d\u2019engagement"},"content":{"rendered":"<p style=\"text-align: justify;\">C\u2019est dans une atmosph\u00e8re empreinte \u00e0 la fois de solennit\u00e9 et de ferveur r\u00e9publicaine que s\u2019est d\u00e9roul\u00e9e, ce vendredi 4 septembre 2026, la c\u00e9r\u00e9monie de passation de charges entre les secr\u00e9taires g\u00e9n\u00e9raux entajt et sortant du d\u00e9partement du Mono. Un rendez-vous incontournable de la vie administrative locale, marqu\u00e9 par le d\u00e9part d\u2019un cadre ayant \u0153uvr\u00e9 sans rel\u00e2che pour la chose publique et l\u2019arriv\u00e9e d\u2019un nouveau gestionnaire d\u00e9termin\u00e9 \u00e0 s\u2019inscrire dans la continuit\u00e9 des r\u00e9formes engag\u00e9es.<\/p>\n<p style=\"text-align: justify;\">\n<p style=\"text-align: justify;\">\nDevant une assembl\u00e9e dense et mobilis\u00e9e, le pr\u00e9fet du d\u00e9partement, D\u00ead\u00eagnon Bienvenu Milohin, a d\u2019embl\u00e9e salu\u00e9 la forte participation des acteurs locaux, gage selon lui de l\u2019attachement de tous aux destin\u00e9es du Mono. Dans un discours sobre mais incisif, il a plant\u00e9 le d\u00e9cor de cette transition : \u00ab Les d\u00e9fis \u00e0 relever pour le Mono sont tr\u00e8s strat\u00e9giques. Monsieur le Secr\u00e9taire g\u00e9n\u00e9ral entrant, le pr\u00e9fet et moi-m\u00eame serons toujours \u00e0 vos c\u00f4t\u00e9s. \u00bb<\/p>\n<p style=\"text-align: justify;\">Mais au-del\u00e0 de l\u2019accueil r\u00e9serv\u00e9 au nouveau venu, le pr\u00e9fet a tenu \u00e0 dresser le portrait d\u2019un d\u00e9partement qui ne se contente plus de subir l\u2019histoire, mais qui l\u2019\u00e9crit. \u00ab Ici, dans le Mono, nous conjuguons le verbe servir dans chacune de nos actions, a-t-il martel\u00e9. La coll\u00e9gialit\u00e9, la fraternit\u00e9 et la solidarit\u00e9 sont des valeurs partag\u00e9es. Elles nous ont valu la confiance et se traduisent par la rigueur et la recherche constante de l\u2019excellence. \u00bb<\/p>\n<p style=\"text-align: justify;\">Un message clair adress\u00e9 au nouveau secr\u00e9taire g\u00e9n\u00e9ral : le Mono est un d\u00e9partement \u00ab actif, porteur de nombreux projets de d\u00e9veloppement \u00bb, o\u00f9 \u00ab la main-d\u2019\u0153uvre est capitale \u00bb et o\u00f9 \u00ab nous n\u2019avons pas droit \u00e0 l\u2019erreur \u00bb. Le pr\u00e9fet a conclu sur une note d\u2019exigence collective, rappelant que \u00ab sans image, sans r\u00e9sultats, nous ne pourrions r\u00e9pondre \u00e0 ce qui nous r\u00e9unit ici \u00bb.<\/p>\n<p style=\"text-align: justify;\">\nC\u2019est avec une \u00e9motion visible et une voix parfois charg\u00e9e de gratitude que S\u00e8gla Arnaud Agon, secr\u00e9taire g\u00e9n\u00e9ral sortant, a pris la parole. Arriv\u00e9 \u00e0 la t\u00eate de la pr\u00e9fecture en septembre 2016, il a retrac\u00e9 une d\u00e9cennie de services marqu\u00e9e par l\u2019apprentissage, les r\u00e9formes et une collaboration \u00e9troite avec les autorit\u00e9s pr\u00e9fectorales successives.<\/p>\n<p style=\"text-align: justify;\">\u00ab Cette aventure a \u00e9t\u00e9 l\u2019une des plus belles de ma carri\u00e8re professionnelle \u00bb, a-t-il confi\u00e9, avant de rendre un hommage particulier au pr\u00e9fet Milohin, qu\u2019il qualifie de \u00ab ma\u00eetre strat\u00e9gique dans la gestion politico-administrative \u00bb. Il a salu\u00e9 le leadership manag\u00e9rial de ce dernier, qui a su, par \u00ab une machine parfaitement huil\u00e9e \u00bb, impulser une dynamique nouvelle dans les six communes du d\u00e9partement, faisant du Mono \u00ab une r\u00e9f\u00e9rence nationale en mati\u00e8re de gouvernance locale \u00bb.<\/p>\n<p style=\"text-align: justify;\">Mais le c\u0153ur de son intervention est tourn\u00e9 vers ses collaborateurs dont le professionnalisme et le \u00ab sens \u00e9lev\u00e9 de responsabilit\u00e9 \u00bb ont \u00e9t\u00e9 les piliers de son action. \u00ab Vos multiples sacrifices et surtout votre sens du devoir m\u2019ont apport\u00e9 la joie de vivre en famille professionnelle avec vous \u00bb, a-t-il lanc\u00e9, visiblement \u00e9mu. \u00ab Je reste ouvert \u00e0 accompagner vos premiers pas. Je serai toujours disponible. \u00bb, a promis Agon \u00e0 son successeur..<\/p>\n<p style=\"text-align: justify;\">\n<p style=\"text-align: justify;\"><strong>Les collaborateurs : une reconnaissance unanime et un engagement renouvel\u00e9<\/strong><\/p>\n<p style=\"text-align: justify;\">\nPorte-parole du personnel, Carine Hounsi a traduit la reconnaissance de toute une \u00e9quipe envers le secr\u00e9taire g\u00e9n\u00e9ral sortant. \u00ab Votre disponibilit\u00e9, votre rigueur et votre sens de l\u2019\u00e9coute ont \u00e9t\u00e9 profond\u00e9ment appr\u00e9ci\u00e9s. Au-del\u00e0 de vos responsabilit\u00e9s, vous avez su entretenir avec nous d\u2019excellentes relations humaines et professionnelles \u00bb, a-t-elle d\u00e9clar\u00e9, avant de lui souhaiter \u00ab pleine r\u00e9ussite et beaucoup de succ\u00e8s \u00bb dans ses nouvelles fonctions.<\/p>\n<p style=\"text-align: justify;\">\u00c0 l\u2019adresse du nouveau secr\u00e9taire g\u00e9n\u00e9ral entrant, elle a promis des \u00ab collaborateurs engag\u00e9s et disponibles \u00bb, tout en formulant le v\u0153u que son impulsion \u00ab favorise un climat de dialogue et de respect mutuel \u00bb. Une promesse de loyaut\u00e9 professionnelle doubl\u00e9e d\u2019un rappel de l\u2019adage qui r\u00e9sonne comme un leitmotiv dans les couloirs de la pr\u00e9fecture : \u00ab Les hommes passent, mais l\u2019administration demeure. \u00bb<\/p>\n<p style=\"text-align: justify;\">\nHerman Rapha\u00ebl Azanmasso-Pierre, le nouveau secr\u00e9taire g\u00e9n\u00e9ral de la pr\u00e9fecture de Lokossa, a abord\u00e9 son discours avec une \u00ab profonde \u00e9motion \u00bb et un \u00ab grand sens de responsabilit\u00e9 \u00bb. \u00ab Ma fonction premi\u00e8re est de servir. Servir l\u2019\u00c9tat, servir la R\u00e9publique et surtout servir les citoyens avec tout le professionnalisme, le respect et l\u2019\u00e9quit\u00e9 \u00bb, a-t-il martel\u00e9, posant d\u2019embl\u00e9e le ton d\u2019une gouvernance fond\u00e9e sur la probit\u00e9 et la proximit\u00e9.<\/p>\n<p style=\"text-align: justify;\">Dans une tirade qui a captiv\u00e9 l\u2019assistance, il a d\u00e9taill\u00e9 ses engagements : promouvoir la \u00ab discipline, la ponctualit\u00e9, la rigueur, la neutralit\u00e9 et le respect de la hi\u00e9rarchie \u00bb, mais aussi placer \u00ab la collaboration au c\u0153ur de son action \u00bb. \u00ab Je viens parmi vous avec la ferme volont\u00e9 de travailler avec vous et non simplement de d\u00e9cider pour vous \u00bb, a-t-il insist\u00e9, tout en pr\u00e9venant : \u00ab L\u2019esprit d\u2019\u00e9quipe ne saurait \u00eatre confondu avec le rel\u00e2chement. La convivialit\u00e9 administrative doit aller de pair avec l\u2019exigence professionnelle. \u00bb<\/p>\n<p style=\"text-align: justify;\">Il a conclu par un vibrant appel \u00e0 l\u2019unit\u00e9 : \u00ab derri\u00e8re chaque dossier administratif se trouve souvent une personne, une famille, une entreprise ou une communaut\u00e9 qui attend de l\u2019\u00c9tat une r\u00e9ponse juste et diligente. \u00bb Une promesse d\u2019humanit\u00e9 et d\u2019efficacit\u00e9 qui, associ\u00e9e \u00e0 l\u2019h\u00e9ritage laiss\u00e9 par son pr\u00e9d\u00e9cesseur, dessine les contours d\u2019une nouvelle \u00e8re pour le Mono.<\/p>\n<p style=\"text-align: justify;\">\nAristide Agbonagban<\/p>\n","protected":false},"excerpt":{"rendered":"<p>C\u2019est dans une atmosph\u00e8re empreinte \u00e0 la fois de solennit\u00e9 et de ferveur r\u00e9publicaine que s\u2019est d\u00e9roul\u00e9e, ce vendredi 4 septembre 2026, la c\u00e9r\u00e9monie de passation de charges entre les secr\u00e9taires g\u00e9n\u00e9raux entajt et sortant du d\u00e9partement du Mono. Un rendez-vous incontournable de la vie administrative locale, marqu\u00e9 par le d\u00e9part d\u2019un cadre ayant \u0153uvr\u00e9 [&hellip;]<\/p>\n","protected":false},"author":5,"featured_media":87462,"comment_status":"open","ping_status":"open","sticky":false,"template":"","format":"standard","meta":{"footnotes":""},"categories":[34],"tags":[23047,23046,12707,23048,22691],"class_list":["post-87461","post","type-post","status-publish","format-standard","has-post-thumbnail","hentry","category-actualite","tag-arnaud-agon","tag-charges","tag-departement-du-mono","tag-nouveau-souffle","tag-passation"],"yoast_head":"<!-- This site is optimized with the Yoast SEO plugin v28.2 - https:\/\/yoast.com\/product\/yoast-seo-wordpress\/ -->\n<title>Passation de charges dans le Mono : un nouveau souffle pour la pr\u00e9fecture, entre devoir accompli et promesses d\u2019engagement - Le Potentiel<\/title>\n<meta name=\"robots\" content=\"index, follow, max-snippet:-1, max-image-preview:large, max-video-preview:-1\" \/>\n<link rel=\"canonical\" href=\"https:\/\/lepotentiel.bj\/?p=87461\" \/>\n<meta property=\"og:locale\" content=\"fr_FR\" \/>\n<meta property=\"og:type\" content=\"article\" \/>\n<meta property=\"og:title\" content=\"Passation de charges dans le Mono : un nouveau souffle pour la pr\u00e9fecture, entre devoir accompli et promesses d\u2019engagement - Le Potentiel\" \/>\n<meta property=\"og:description\" content=\"C\u2019est dans une atmosph\u00e8re empreinte \u00e0 la fois de solennit\u00e9 et de ferveur r\u00e9publicaine que s\u2019est d\u00e9roul\u00e9e, ce vendredi 4 septembre 2026, la c\u00e9r\u00e9monie de passation de charges entre les secr\u00e9taires g\u00e9n\u00e9raux entajt et sortant du d\u00e9partement du Mono. Un rendez-vous incontournable de la vie administrative locale, marqu\u00e9 par le d\u00e9part d\u2019un cadre ayant \u0153uvr\u00e9 [&hellip;]\" \/>\n<meta property=\"og:url\" content=\"https:\/\/lepotentiel.bj\/?p=87461\" \/>\n<meta property=\"og:site_name\" content=\"Le Potentiel\" \/>\n<meta property=\"article:published_time\" content=\"2026-09-04T19:25:00+00:00\" \/>\n<meta property=\"og:image\" content=\"https:\/\/lepotentiel.bj\/wp-content\/uploads\/2026\/09\/IMG-20260904-WA0285.jpg\" \/>\n\t<meta property=\"og:image:width\" content=\"1155\" \/>\n\t<meta property=\"og:image:height\" content=\"934\" \/>\n\t<meta property=\"og:image:type\" content=\"image\/jpeg\" \/>\n<meta name=\"author\" content=\"Le Potentiel\" \/>\n<meta name=\"twitter:card\" content=\"summary_large_image\" \/>\n<meta name=\"twitter:label1\" content=\"\u00c9crit par\" \/>\n\t<meta name=\"twitter:data1\" content=\"Le Potentiel\" \/>\n\t<meta name=\"twitter:label2\" content=\"Dur\u00e9e de lecture estim\u00e9e\" \/>\n\t<meta name=\"twitter:data2\" content=\"5 minutes\" \/>\n<script type=\"application\/ld+json\" class=\"yoast-schema-graph\">{\"@context\":\"https:\\\/\\\/schema.org\",\"@graph\":[{\"@type\":\"Article\",\"@id\":\"https:\\\/\\\/lepotentiel.bj\\\/?p=87461#article\",\"isPartOf\":{\"@id\":\"https:\\\/\\\/lepotentiel.bj\\\/?p=87461\"},\"author\":{\"name\":\"Le Potentiel\",\"@id\":\"https:\\\/\\\/lepotentiel.bj\\\/#\\\/schema\\\/person\\\/cb15d8bafe79d5fa11fb582bc3b19933\"},\"headline\":\"Passation de charges dans le Mono : un nouveau souffle pour la pr\u00e9fecture, entre devoir accompli et promesses d\u2019engagement\",\"datePublished\":\"2026-09-04T19:25:00+00:00\",\"mainEntityOfPage\":{\"@id\":\"https:\\\/\\\/lepotentiel.bj\\\/?p=87461\"},\"wordCount\":961,\"commentCount\":0,\"publisher\":{\"@id\":\"https:\\\/\\\/lepotentiel.bj\\\/#organization\"},\"image\":{\"@id\":\"https:\\\/\\\/lepotentiel.bj\\\/?p=87461#primaryimage\"},\"thumbnailUrl\":\"https:\\\/\\\/lepotentiel.bj\\\/wp-content\\\/uploads\\\/2026\\\/09\\\/IMG-20260904-WA0285.jpg\",\"keywords\":[\"Arnaud Agon\",\"charges\",\"D\u00e9partement du Mono\",\"nouveau souffle\",\"passation\"],\"articleSection\":[\"Actualit\u00e9\"],\"inLanguage\":\"fr-FR\",\"potentialAction\":[{\"@type\":\"CommentAction\",\"name\":\"Comment\",\"target\":[\"https:\\\/\\\/lepotentiel.bj\\\/?p=87461#respond\"]}]},{\"@type\":\"WebPage\",\"@id\":\"https:\\\/\\\/lepotentiel.bj\\\/?p=87461\",\"url\":\"https:\\\/\\\/lepotentiel.bj\\\/?p=87461\",\"name\":\"Passation de charges dans le Mono : un nouveau souffle pour la pr\u00e9fecture, entre devoir accompli et promesses d\u2019engagement - Le Potentiel\",\"isPartOf\":{\"@id\":\"https:\\\/\\\/lepotentiel.bj\\\/#website\"},\"primaryImageOfPage\":{\"@id\":\"https:\\\/\\\/lepotentiel.bj\\\/?p=87461#primaryimage\"},\"image\":{\"@id\":\"https:\\\/\\\/lepotentiel.bj\\\/?p=87461#primaryimage\"},\"thumbnailUrl\":\"https:\\\/\\\/lepotentiel.bj\\\/wp-content\\\/uploads\\\/2026\\\/09\\\/IMG-20260904-WA0285.jpg\",\"datePublished\":\"2026-09-04T19:25:00+00:00\",\"breadcrumb\":{\"@id\":\"https:\\\/\\\/lepotentiel.bj\\\/?p=87461#breadcrumb\"},\"inLanguage\":\"fr-FR\",\"potentialAction\":[{\"@type\":\"ReadAction\",\"target\":[\"https:\\\/\\\/lepotentiel.bj\\\/?p=87461\"]}]},{\"@type\":\"ImageObject\",\"inLanguage\":\"fr-FR\",\"@id\":\"https:\\\/\\\/lepotentiel.bj\\\/?p=87461#primaryimage\",\"url\":\"https:\\\/\\\/lepotentiel.bj\\\/wp-content\\\/uploads\\\/2026\\\/09\\\/IMG-20260904-WA0285.jpg\",\"contentUrl\":\"https:\\\/\\\/lepotentiel.bj\\\/wp-content\\\/uploads\\\/2026\\\/09\\\/IMG-20260904-WA0285.jpg\",\"width\":1155,\"height\":934},{\"@type\":\"BreadcrumbList\",\"@id\":\"https:\\\/\\\/lepotentiel.bj\\\/?p=87461#breadcrumb\",\"itemListElement\":[{\"@type\":\"ListItem\",\"position\":1,\"name\":\"Accueil\",\"item\":\"https:\\\/\\\/lepotentiel.bj\\\/\"},{\"@type\":\"ListItem\",\"position\":2,\"name\":\"Passation de charges dans le Mono : un nouveau souffle pour la pr\u00e9fecture, entre devoir accompli et promesses d\u2019engagement\"}]},{\"@type\":\"WebSite\",\"@id\":\"https:\\\/\\\/lepotentiel.bj\\\/#website\",\"url\":\"https:\\\/\\\/lepotentiel.bj\\\/\",\"name\":\"Le Potentiel\",\"description\":\"Le Potentiel, au service de l\u2019information, nous sommes les fantassins du droit de savoir\",\"publisher\":{\"@id\":\"https:\\\/\\\/lepotentiel.bj\\\/#organization\"},\"potentialAction\":[{\"@type\":\"SearchAction\",\"target\":{\"@type\":\"EntryPoint\",\"urlTemplate\":\"https:\\\/\\\/lepotentiel.bj\\\/?s={search_term_string}\"},\"query-input\":{\"@type\":\"PropertyValueSpecification\",\"valueRequired\":true,\"valueName\":\"search_term_string\"}}],\"inLanguage\":\"fr-FR\"},{\"@type\":\"Organization\",\"@id\":\"https:\\\/\\\/lepotentiel.bj\\\/#organization\",\"name\":\"Le Potentiel\",\"url\":\"https:\\\/\\\/lepotentiel.bj\\\/\",\"logo\":{\"@type\":\"ImageObject\",\"inLanguage\":\"fr-FR\",\"@id\":\"https:\\\/\\\/lepotentiel.bj\\\/#\\\/schema\\\/logo\\\/image\\\/\",\"url\":\"https:\\\/\\\/lepotentiel.bj\\\/wp-content\\\/uploads\\\/2023\\\/12\\\/logo-pot.jpg\",\"contentUrl\":\"https:\\\/\\\/lepotentiel.bj\\\/wp-content\\\/uploads\\\/2023\\\/12\\\/logo-pot.jpg\",\"width\":562,\"height\":84,\"caption\":\"Le Potentiel\"},\"image\":{\"@id\":\"https:\\\/\\\/lepotentiel.bj\\\/#\\\/schema\\\/logo\\\/image\\\/\"}},{\"@type\":\"Person\",\"@id\":\"https:\\\/\\\/lepotentiel.bj\\\/#\\\/schema\\\/person\\\/cb15d8bafe79d5fa11fb582bc3b19933\",\"name\":\"Le Potentiel\",\"image\":{\"@type\":\"ImageObject\",\"inLanguage\":\"fr-FR\",\"@id\":\"https:\\\/\\\/secure.gravatar.com\\\/avatar\\\/e995068ee8869823619e38dfe44b1eea0056624289dbcce435f70fef3411808d?s=96&d=mm&r=g\",\"url\":\"https:\\\/\\\/secure.gravatar.com\\\/avatar\\\/e995068ee8869823619e38dfe44b1eea0056624289dbcce435f70fef3411808d?s=96&d=mm&r=g\",\"contentUrl\":\"https:\\\/\\\/secure.gravatar.com\\\/avatar\\\/e995068ee8869823619e38dfe44b1eea0056624289dbcce435f70fef3411808d?s=96&d=mm&r=g\",\"caption\":\"Le Potentiel\"},\"url\":\"https:\\\/\\\/lepotentiel.bj\\\/?author=5\"}]}<\/script>\n<!-- \/ Yoast SEO plugin. -->","yoast_head_json":{"title":"Passation de charges dans le Mono : un nouveau souffle pour la pr\u00e9fecture, entre devoir accompli et promesses d\u2019engagement - Le Potentiel","robots":{"index":"index","follow":"follow","max-snippet":"max-snippet:-1","max-image-preview":"max-image-preview:large","max-video-preview":"max-video-preview:-1"},"canonical":"https:\/\/lepotentiel.bj\/?p=87461","og_locale":"fr_FR","og_type":"article","og_title":"Passation de charges dans le Mono : un nouveau souffle pour la pr\u00e9fecture, entre devoir accompli et promesses d\u2019engagement - Le Potentiel","og_description":"C\u2019est dans une atmosph\u00e8re empreinte \u00e0 la fois de solennit\u00e9 et de ferveur r\u00e9publicaine que s\u2019est d\u00e9roul\u00e9e, ce vendredi 4 septembre 2026, la c\u00e9r\u00e9monie de passation de charges entre les secr\u00e9taires g\u00e9n\u00e9raux entajt et sortant du d\u00e9partement du Mono. Un rendez-vous incontournable de la vie administrative locale, marqu\u00e9 par le d\u00e9part d\u2019un cadre ayant \u0153uvr\u00e9 [&hellip;]","og_url":"https:\/\/lepotentiel.bj\/?p=87461","og_site_name":"Le Potentiel","article_published_time":"2026-09-04T19:25:00+00:00","og_image":[{"width":1155,"height":934,"url":"https:\/\/lepotentiel.bj\/wp-content\/uploads\/2026\/09\/IMG-20260904-WA0285.jpg","type":"image\/jpeg"}],"author":"Le Potentiel","twitter_card":"summary_large_image","twitter_misc":{"\u00c9crit par":"Le Potentiel","Dur\u00e9e de lecture estim\u00e9e":"5 minutes"},"schema":{"@context":"https:\/\/schema.org","@graph":[{"@type":"Article","@id":"https:\/\/lepotentiel.bj\/?p=87461#article","isPartOf":{"@id":"https:\/\/lepotentiel.bj\/?p=87461"},"author":{"name":"Le Potentiel","@id":"https:\/\/lepotentiel.bj\/#\/schema\/person\/cb15d8bafe79d5fa11fb582bc3b19933"},"headline":"Passation de charges dans le Mono : un nouveau souffle pour la pr\u00e9fecture, entre devoir accompli et promesses d\u2019engagement","datePublished":"2026-09-04T19:25:00+00:00","mainEntityOfPage":{"@id":"https:\/\/lepotentiel.bj\/?p=87461"},"wordCount":961,"commentCount":0,"publisher":{"@id":"https:\/\/lepotentiel.bj\/#organization"},"image":{"@id":"https:\/\/lepotentiel.bj\/?p=87461#primaryimage"},"thumbnailUrl":"https:\/\/lepotentiel.bj\/wp-content\/uploads\/2026\/09\/IMG-20260904-WA0285.jpg","keywords":["Arnaud Agon","charges","D\u00e9partement du Mono","nouveau souffle","passation"],"articleSection":["Actualit\u00e9"],"inLanguage":"fr-FR","potentialAction":[{"@type":"CommentAction","name":"Comment","target":["https:\/\/lepotentiel.bj\/?p=87461#respond"]}]},{"@type":"WebPage","@id":"https:\/\/lepotentiel.bj\/?p=87461","url":"https:\/\/lepotentiel.bj\/?p=87461","name":"Passation de charges dans le Mono : un nouveau souffle pour la pr\u00e9fecture, entre devoir accompli et promesses d\u2019engagement - Le Potentiel","isPartOf":{"@id":"https:\/\/lepotentiel.bj\/#website"},"primaryImageOfPage":{"@id":"https:\/\/lepotentiel.bj\/?p=87461#primaryimage"},"image":{"@id":"https:\/\/lepotentiel.bj\/?p=87461#primaryimage"},"thumbnailUrl":"https:\/\/lepotentiel.bj\/wp-content\/uploads\/2026\/09\/IMG-20260904-WA0285.jpg","datePublished":"2026-09-04T19:25:00+00:00","breadcrumb":{"@id":"https:\/\/lepotentiel.bj\/?p=87461#breadcrumb"},"inLanguage":"fr-FR","potentialAction":[{"@type":"ReadAction","target":["https:\/\/lepotentiel.bj\/?p=87461"]}]},{"@type":"ImageObject","inLanguage":"fr-FR","@id":"https:\/\/lepotentiel.bj\/?p=87461#primaryimage","url":"https:\/\/lepotentiel.bj\/wp-content\/uploads\/2026\/09\/IMG-20260904-WA0285.jpg","contentUrl":"https:\/\/lepotentiel.bj\/wp-content\/uploads\/2026\/09\/IMG-20260904-WA0285.jpg","width":1155,"height":934},{"@type":"BreadcrumbList","@id":"https:\/\/lepotentiel.bj\/?p=87461#breadcrumb","itemListElement":[{"@type":"ListItem","position":1,"name":"Accueil","item":"https:\/\/lepotentiel.bj\/"},{"@type":"ListItem","position":2,"name":"Passation de charges dans le Mono : un nouveau souffle pour la pr\u00e9fecture, entre devoir accompli et promesses d\u2019engagement"}]},{"@type":"WebSite","@id":"https:\/\/lepotentiel.bj\/#website","url":"https:\/\/lepotentiel.bj\/","name":"Le Potentiel","description":"Le Potentiel, au service de l\u2019information, nous sommes les fantassins du droit de savoir","publisher":{"@id":"https:\/\/lepotentiel.bj\/#organization"},"potentialAction":[{"@type":"SearchAction","target":{"@type":"EntryPoint","urlTemplate":"https:\/\/lepotentiel.bj\/?s={search_term_string}"},"query-input":{"@type":"PropertyValueSpecification","valueRequired":true,"valueName":"search_term_string"}}],"inLanguage":"fr-FR"},{"@type":"Organization","@id":"https:\/\/lepotentiel.bj\/#organization","name":"Le Potentiel","url":"https:\/\/lepotentiel.bj\/","logo":{"@type":"ImageObject","inLanguage":"fr-FR","@id":"https:\/\/lepotentiel.bj\/#\/schema\/logo\/image\/","url":"https:\/\/lepotentiel.bj\/wp-content\/uploads\/2023\/12\/logo-pot.jpg","contentUrl":"https:\/\/lepotentiel.bj\/wp-content\/uploads\/2023\/12\/logo-pot.jpg","width":562,"height":84,"caption":"Le Potentiel"},"image":{"@id":"https:\/\/lepotentiel.bj\/#\/schema\/logo\/image\/"}},{"@type":"Person","@id":"https:\/\/lepotentiel.bj\/#\/schema\/person\/cb15d8bafe79d5fa11fb582bc3b19933","name":"Le Potentiel","image":{"@type":"ImageObject","inLanguage":"fr-FR","@id":"https:\/\/secure.gravatar.com\/avatar\/e995068ee8869823619e38dfe44b1eea0056624289dbcce435f70fef3411808d?s=96&d=mm&r=g","url":"https:\/\/secure.gravatar.com\/avatar\/e995068ee8869823619e38dfe44b1eea0056624289dbcce435f70fef3411808d?s=96&d=mm&r=g","contentUrl":"https:\/\/secure.gravatar.com\/avatar\/e995068ee8869823619e38dfe44b1eea0056624289dbcce435f70fef3411808d?s=96&d=mm&r=g","caption":"Le Potentiel"},"url":"https:\/\/lepotentiel.bj\/?author=5"}]}},"_links":{"self":[{"href":"https:\/\/lepotentiel.bj\/index.php?rest_route=\/wp\/v2\/posts\/87461","targetHints":{"allow":["GET"]}}],"collection":[{"href":"https:\/\/lepotentiel.bj\/index.php?rest_route=\/wp\/v2\/posts"}],"about":[{"href":"https:\/\/lepotentiel.bj\/index.php?rest_route=\/wp\/v2\/types\/post"}],"author":[{"embeddable":true,"href":"https:\/\/lepotentiel.bj\/index.php?rest_route=\/wp\/v2\/users\/5"}],"replies":[{"embeddable":true,"href":"https:\/\/lepotentiel.bj\/index.php?rest_route=%2Fwp%2Fv2%2Fcomments&post=87461"}],"version-history":[{"count":1,"href":"https:\/\/lepotentiel.bj\/index.php?rest_route=\/wp\/v2\/posts\/87461\/revisions"}],"predecessor-version":[{"id":87463,"href":"https:\/\/lepotentiel.bj\/index.php?rest_route=\/wp\/v2\/posts\/87461\/revisions\/87463"}],"wp:featuredmedia":[{"embeddable":true,"href":"https:\/\/lepotentiel.bj\/index.php?rest_route=\/wp\/v2\/media\/87462"}],"wp:attachment":[{"href":"https:\/\/lepotentiel.bj\/index.php?rest_route=%2Fwp%2Fv2%2Fmedia&parent=87461"}],"wp:term":[{"taxonomy":"category","embeddable":true,"href":"https:\/\/lepotentiel.bj\/index.php?rest_route=%2Fwp%2Fv2%2Fcategories&post=87461"},{"taxonomy":"post_tag","embeddable":true,"href":"https:\/\/lepotentiel.bj\/index.php?rest_route=%2Fwp%2Fv2%2Ftags&post=87461"}],"curies":[{"name":"wp","href":"https:\/\/api.w.org\/{rel}","templated":true}]}}