{"id":87464,"date":"2026-09-05T12:04:10","date_gmt":"2026-09-05T10:04:10","guid":{"rendered":"https:\/\/lepotentiel.bj\/?p=87464"},"modified":"2026-09-05T12:04:10","modified_gmt":"2026-09-05T10:04:10","slug":"preparatifs-de-la-rentree-academique-2026-2027-le-ministre-clement-kouchade-face-aux-urgences-des-etablissements-de-loueme-et-du-plateau","status":"publish","type":"post","link":"https:\/\/lepotentiel.bj\/?p=87464","title":{"rendered":"Pr\u00e9paratifs de la rentr\u00e9e acad\u00e9mique 2026-2027: Le ministre Cl\u00e9ment Kouchad\u00e9 face aux urgences des \u00e9tablissements de l\u2019Ou\u00e9m\u00e9 et du Plateau"},"content":{"rendered":"<p style=\"text-align: justify;\">Les pr\u00e9paratifs de la rentr\u00e9e acad\u00e9mique 2026-2027 se poursuivent au minist\u00e8re des Enseignements secondaires. Apr\u00e8s le Couffo et le Mono, le ministre Ad\u00e9y\u00e8mi Cl\u00e9ment Kouchad\u00e9, accompagn\u00e9 du Secr\u00e9taire g\u00e9n\u00e9ral du minist\u00e8re, Cyrille A\u00efnamon, a poursuivi, vendredi 4 septembre 2026, sa tourn\u00e9e nationale de prise de contact avec les acteurs du syst\u00e8me \u00e9ducatif dans les d\u00e9partements de l\u2019Ou\u00e9m\u00e9 et du Plateau.<\/p>\n<p style=\"text-align: justify;\"><img fetchpriority=\"high\" decoding=\"async\" class=\"alignnone size-medium wp-image-87466\" src=\"https:\/\/lepotentiel.bj\/wp-content\/uploads\/2026\/09\/IMG-20260905-WA0029-300x225.jpg\" alt=\"\" width=\"300\" height=\"225\" srcset=\"https:\/\/lepotentiel.bj\/wp-content\/uploads\/2026\/09\/IMG-20260905-WA0029-300x225.jpg 300w, https:\/\/lepotentiel.bj\/wp-content\/uploads\/2026\/09\/IMG-20260905-WA0029-1024x768.jpg 1024w, https:\/\/lepotentiel.bj\/wp-content\/uploads\/2026\/09\/IMG-20260905-WA0029-768x576.jpg 768w, https:\/\/lepotentiel.bj\/wp-content\/uploads\/2026\/09\/IMG-20260905-WA0029-750x563.jpg 750w, https:\/\/lepotentiel.bj\/wp-content\/uploads\/2026\/09\/IMG-20260905-WA0029.jpg 1080w\" sizes=\"(max-width: 300px) 100vw, 300px\" \/><\/p>\n<p>&nbsp;<\/p>\n<p style=\"text-align: justify;\">\u00c0 Porto-Novo, la d\u00e9l\u00e9gation minist\u00e9rielle s\u2019est successivement rendue au lyc\u00e9e B\u00e9hanzin et au lyc\u00e9e des jeunes filles Toffa 1er. Face aux responsables d\u2019\u00e9tablissements, enseignants et acteurs des services d\u00e9concentr\u00e9s, le ministre a privil\u00e9gi\u00e9 l\u2019\u00e9coute et le dialogue. Les \u00e9changes ont permis de faire le point sur les acquis, mais aussi de mettre en lumi\u00e8re les difficult\u00e9s qui continuent de peser sur le fonctionnement des \u00e9tablissements.<\/p>\n<p style=\"text-align: justify;\">Parmi les pr\u00e9occupations soulev\u00e9es figurent notamment le manque de ressources humaines, l\u2019insuffisance des salles de classe et des biblioth\u00e8ques, ainsi que la forte concentration des effectifs dans certains \u00e9tablissements. Le reversement des Aspirants aux m\u00e9tiers d\u2019enseignement (AME) et l\u2019am\u00e9lioration des conditions de travail et de vie des enseignants ont \u00e9galement occup\u00e9 une place importante dans les discussions.<\/p>\n<p style=\"text-align: justify;\">\n<strong>Les attentes du terrain remont\u00e9es au ministre<\/strong><\/p>\n<p style=\"text-align: justify;\">\nAu-del\u00e0 des constats, cette \u00e9tape de la tourn\u00e9e a permis aux acteurs de faire entendre directement leurs attentes. Pour le ministre Kouchad\u00e9, cette d\u00e9marche traduit une volont\u00e9 de maintenir une proximit\u00e9 avec ceux qui vivent au quotidien les r\u00e9alit\u00e9s du syst\u00e8me \u00e9ducatif.<\/p>\n<p><img decoding=\"async\" class=\"alignnone size-medium wp-image-87467\" src=\"https:\/\/lepotentiel.bj\/wp-content\/uploads\/2026\/09\/IMG-20260905-WA0025-300x225.jpg\" alt=\"\" width=\"300\" height=\"225\" srcset=\"https:\/\/lepotentiel.bj\/wp-content\/uploads\/2026\/09\/IMG-20260905-WA0025-300x225.jpg 300w, https:\/\/lepotentiel.bj\/wp-content\/uploads\/2026\/09\/IMG-20260905-WA0025-1024x768.jpg 1024w, https:\/\/lepotentiel.bj\/wp-content\/uploads\/2026\/09\/IMG-20260905-WA0025-768x576.jpg 768w, https:\/\/lepotentiel.bj\/wp-content\/uploads\/2026\/09\/IMG-20260905-WA0025-750x563.jpg 750w, https:\/\/lepotentiel.bj\/wp-content\/uploads\/2026\/09\/IMG-20260905-WA0025.jpg 1080w\" sizes=\"(max-width: 300px) 100vw, 300px\" \/><\/p>\n<p style=\"text-align: justify;\">Il a invit\u00e9 les responsables et personnels \u00e9ducatifs \u00e0 capitaliser sur les acquis et \u00e0 proposer de nouvelles pistes face aux difficult\u00e9s rencontr\u00e9es. Une approche qui place le dialogue avec le terrain au c\u0153ur des pr\u00e9paratifs de la nouvelle ann\u00e9e scolaire.<\/p>\n<p style=\"text-align: justify;\">Apr\u00e8s Porto-Novo, la d\u00e9l\u00e9gation a mis le cap sur le d\u00e9partement du Plateau. Au lyc\u00e9e technique de Pob\u00e8, le ministre a de nouveau \u00e9chang\u00e9 avec les acteurs de l\u2019\u00e9ducation. Avant cette s\u00e9ance, un entretien \u00e0 huis clos a r\u00e9uni le ministre et le nouveau pr\u00e9fet du Plateau, D\u00e9lonix Djim\u00e8co Kogbl\u00e9vi.<\/p>\n<p style=\"text-align: justify;\">Les responsables des services ont, \u00e0 leur tour, expos\u00e9 leurs besoins. Ils ont notamment plaid\u00e9 pour le recrutement de nouveaux enseignants, le renforcement de la formation continue et du recyclage du personnel, ainsi que la mise \u00e0 disposition d\u2019\u00e9quipements informatiques au profit des directions centrales et techniques.<\/p>\n<p style=\"text-align: justify;\">\n<strong>Cap sur les conditions de travail et la qualit\u00e9 des apprentissages<\/strong><\/p>\n<p style=\"text-align: justify;\">\nAu terme des \u00e9changes, Ad\u00e9y\u00e8mi Cl\u00e9ment Kouchad\u00e9 a r\u00e9affirm\u00e9 la volont\u00e9 du Gouvernement du pr\u00e9sident Romuald Wadagni de poursuivre les efforts engag\u00e9s en faveur du secteur de l\u2019\u00e9ducation. Le ministre s\u2019est personnellement engag\u00e9 \u00e0 poursuivre les actions destin\u00e9es \u00e0 am\u00e9liorer les conditions de travail du personnel enseignant.<\/p>\n<p><img decoding=\"async\" class=\"alignnone size-medium wp-image-87468\" src=\"https:\/\/lepotentiel.bj\/wp-content\/uploads\/2026\/09\/IMG-20260905-WA0027-300x225.jpg\" alt=\"\" width=\"300\" height=\"225\" srcset=\"https:\/\/lepotentiel.bj\/wp-content\/uploads\/2026\/09\/IMG-20260905-WA0027-300x225.jpg 300w, https:\/\/lepotentiel.bj\/wp-content\/uploads\/2026\/09\/IMG-20260905-WA0027-1024x768.jpg 1024w, https:\/\/lepotentiel.bj\/wp-content\/uploads\/2026\/09\/IMG-20260905-WA0027-768x576.jpg 768w, https:\/\/lepotentiel.bj\/wp-content\/uploads\/2026\/09\/IMG-20260905-WA0027-750x563.jpg 750w, https:\/\/lepotentiel.bj\/wp-content\/uploads\/2026\/09\/IMG-20260905-WA0027.jpg 1080w\" sizes=\"(max-width: 300px) 100vw, 300px\" \/><\/p>\n<p style=\"text-align: justify;\">Cette tourn\u00e9e offre ainsi au minist\u00e8re une lecture directe des r\u00e9alit\u00e9s v\u00e9cues dans les \u00e9tablissements. Elle permet \u00e9galement de renforcer la coordination entre les structures centrales et les services d\u00e9concentr\u00e9s, avec en ligne de mire de meilleures conditions d\u2019apprentissage et une progression des performances scolaires.<\/p>\n<p style=\"text-align: justify;\">La rencontre \u00e0 Pob\u00e8 s\u2019est achev\u00e9e par une prestation artistique, dans une atmosph\u00e8re conviviale.<\/p>\n<p style=\"text-align: justify;\">La tourn\u00e9e nationale n\u2019est toutefois pas termin\u00e9e. Apr\u00e8s les d\u00e9partements du Couffo, du Mono, de l\u2019Ou\u00e9m\u00e9 et du Plateau, le ministre des Enseignements secondaires entend poursuivre sa prise de contact avec les acteurs du corps enseignant dans les autres d\u00e9partements, notamment dans le nord du pays. Une d\u00e9marche qui devrait permettre de poursuivre les \u00e9changes sur les priorit\u00e9s de la rentr\u00e9e acad\u00e9mique 2026-2027 et les r\u00e9ponses \u00e0 apporter aux pr\u00e9occupations du terrain.<\/p>\n<p style=\"text-align: justify;\">\nJoseph Sossou<\/p>\n","protected":false},"excerpt":{"rendered":"<p>Les pr\u00e9paratifs de la rentr\u00e9e acad\u00e9mique 2026-2027 se poursuivent au minist\u00e8re des Enseignements secondaires. Apr\u00e8s le Couffo et le Mono, le ministre Ad\u00e9y\u00e8mi Cl\u00e9ment Kouchad\u00e9, accompagn\u00e9 du Secr\u00e9taire g\u00e9n\u00e9ral du minist\u00e8re, Cyrille A\u00efnamon, a poursuivi, vendredi 4 septembre 2026, sa tourn\u00e9e nationale de prise de contact avec les acteurs du syst\u00e8me \u00e9ducatif dans les d\u00e9partements [&hellip;]<\/p>\n","protected":false},"author":7,"featured_media":87465,"comment_status":"open","ping_status":"open","sticky":false,"template":"","format":"standard","meta":{"footnotes":""},"categories":[34],"tags":[18686,23050,17573,23051,23049],"class_list":["post-87464","post","type-post","status-publish","format-standard","has-post-thumbnail","hentry","category-actualite","tag-ame","tag-clement-koutchade","tag-echanges-2","tag-oueme-plateau","tag-preparatifs-rentree"],"yoast_head":"<!-- This site is optimized with the Yoast SEO plugin v28.2 - https:\/\/yoast.com\/product\/yoast-seo-wordpress\/ -->\n<title>Pr\u00e9paratifs de la rentr\u00e9e acad\u00e9mique 2026-2027: Le ministre Cl\u00e9ment Kouchad\u00e9 face aux urgences des \u00e9tablissements de l\u2019Ou\u00e9m\u00e9 et du Plateau - Le Potentiel<\/title>\n<meta name=\"robots\" content=\"index, follow, max-snippet:-1, max-image-preview:large, max-video-preview:-1\" \/>\n<link rel=\"canonical\" href=\"https:\/\/lepotentiel.bj\/?p=87464\" \/>\n<meta property=\"og:locale\" content=\"fr_FR\" \/>\n<meta property=\"og:type\" content=\"article\" \/>\n<meta property=\"og:title\" content=\"Pr\u00e9paratifs de la rentr\u00e9e acad\u00e9mique 2026-2027: Le ministre Cl\u00e9ment Kouchad\u00e9 face aux urgences des \u00e9tablissements de l\u2019Ou\u00e9m\u00e9 et du Plateau - Le Potentiel\" \/>\n<meta property=\"og:description\" content=\"Les pr\u00e9paratifs de la rentr\u00e9e acad\u00e9mique 2026-2027 se poursuivent au minist\u00e8re des Enseignements secondaires. Apr\u00e8s le Couffo et le Mono, le ministre Ad\u00e9y\u00e8mi Cl\u00e9ment Kouchad\u00e9, accompagn\u00e9 du Secr\u00e9taire g\u00e9n\u00e9ral du minist\u00e8re, Cyrille A\u00efnamon, a poursuivi, vendredi 4 septembre 2026, sa tourn\u00e9e nationale de prise de contact avec les acteurs du syst\u00e8me \u00e9ducatif dans les d\u00e9partements [&hellip;]\" \/>\n<meta property=\"og:url\" content=\"https:\/\/lepotentiel.bj\/?p=87464\" \/>\n<meta property=\"og:site_name\" content=\"Le Potentiel\" \/>\n<meta property=\"article:published_time\" content=\"2026-09-05T10:04:10+00:00\" \/>\n<meta property=\"og:image\" content=\"https:\/\/lepotentiel.bj\/wp-content\/uploads\/2026\/09\/IMG-20260905-WA0026.jpg\" \/>\n\t<meta property=\"og:image:width\" content=\"1080\" \/>\n\t<meta property=\"og:image:height\" content=\"810\" \/>\n\t<meta property=\"og:image:type\" content=\"image\/jpeg\" \/>\n<meta name=\"author\" content=\"Louis\" \/>\n<meta name=\"twitter:card\" content=\"summary_large_image\" \/>\n<meta name=\"twitter:label1\" content=\"\u00c9crit par\" \/>\n\t<meta name=\"twitter:data1\" content=\"Louis\" \/>\n\t<meta name=\"twitter:label2\" content=\"Dur\u00e9e de lecture estim\u00e9e\" \/>\n\t<meta name=\"twitter:data2\" content=\"4 minutes\" \/>\n<script type=\"application\/ld+json\" class=\"yoast-schema-graph\">{\"@context\":\"https:\\\/\\\/schema.org\",\"@graph\":[{\"@type\":\"Article\",\"@id\":\"https:\\\/\\\/lepotentiel.bj\\\/?p=87464#article\",\"isPartOf\":{\"@id\":\"https:\\\/\\\/lepotentiel.bj\\\/?p=87464\"},\"author\":{\"name\":\"Louis\",\"@id\":\"https:\\\/\\\/lepotentiel.bj\\\/#\\\/schema\\\/person\\\/fdda957c384e805f0fc0d27336e2043e\"},\"headline\":\"Pr\u00e9paratifs de la rentr\u00e9e acad\u00e9mique 2026-2027: Le ministre Cl\u00e9ment Kouchad\u00e9 face aux urgences des \u00e9tablissements de l\u2019Ou\u00e9m\u00e9 et du Plateau\",\"datePublished\":\"2026-09-05T10:04:10+00:00\",\"mainEntityOfPage\":{\"@id\":\"https:\\\/\\\/lepotentiel.bj\\\/?p=87464\"},\"wordCount\":674,\"commentCount\":0,\"publisher\":{\"@id\":\"https:\\\/\\\/lepotentiel.bj\\\/#organization\"},\"image\":{\"@id\":\"https:\\\/\\\/lepotentiel.bj\\\/?p=87464#primaryimage\"},\"thumbnailUrl\":\"https:\\\/\\\/lepotentiel.bj\\\/wp-content\\\/uploads\\\/2026\\\/09\\\/IMG-20260905-WA0026.jpg\",\"keywords\":[\"AME\",\"Cl\u00e9ment Koutchad\u00e9\",\"\u00c9changes\",\"Ou\u00e9m\u00e9 Plateau\",\"Pr\u00e9paratifs rentr\u00e9e\"],\"articleSection\":[\"Actualit\u00e9\"],\"inLanguage\":\"fr-FR\",\"potentialAction\":[{\"@type\":\"CommentAction\",\"name\":\"Comment\",\"target\":[\"https:\\\/\\\/lepotentiel.bj\\\/?p=87464#respond\"]}]},{\"@type\":\"WebPage\",\"@id\":\"https:\\\/\\\/lepotentiel.bj\\\/?p=87464\",\"url\":\"https:\\\/\\\/lepotentiel.bj\\\/?p=87464\",\"name\":\"Pr\u00e9paratifs de la rentr\u00e9e acad\u00e9mique 2026-2027: Le ministre Cl\u00e9ment Kouchad\u00e9 face aux urgences des \u00e9tablissements de l\u2019Ou\u00e9m\u00e9 et du Plateau - Le Potentiel\",\"isPartOf\":{\"@id\":\"https:\\\/\\\/lepotentiel.bj\\\/#website\"},\"primaryImageOfPage\":{\"@id\":\"https:\\\/\\\/lepotentiel.bj\\\/?p=87464#primaryimage\"},\"image\":{\"@id\":\"https:\\\/\\\/lepotentiel.bj\\\/?p=87464#primaryimage\"},\"thumbnailUrl\":\"https:\\\/\\\/lepotentiel.bj\\\/wp-content\\\/uploads\\\/2026\\\/09\\\/IMG-20260905-WA0026.jpg\",\"datePublished\":\"2026-09-05T10:04:10+00:00\",\"breadcrumb\":{\"@id\":\"https:\\\/\\\/lepotentiel.bj\\\/?p=87464#breadcrumb\"},\"inLanguage\":\"fr-FR\",\"potentialAction\":[{\"@type\":\"ReadAction\",\"target\":[\"https:\\\/\\\/lepotentiel.bj\\\/?p=87464\"]}]},{\"@type\":\"ImageObject\",\"inLanguage\":\"fr-FR\",\"@id\":\"https:\\\/\\\/lepotentiel.bj\\\/?p=87464#primaryimage\",\"url\":\"https:\\\/\\\/lepotentiel.bj\\\/wp-content\\\/uploads\\\/2026\\\/09\\\/IMG-20260905-WA0026.jpg\",\"contentUrl\":\"https:\\\/\\\/lepotentiel.bj\\\/wp-content\\\/uploads\\\/2026\\\/09\\\/IMG-20260905-WA0026.jpg\",\"width\":1080,\"height\":810},{\"@type\":\"BreadcrumbList\",\"@id\":\"https:\\\/\\\/lepotentiel.bj\\\/?p=87464#breadcrumb\",\"itemListElement\":[{\"@type\":\"ListItem\",\"position\":1,\"name\":\"Accueil\",\"item\":\"https:\\\/\\\/lepotentiel.bj\\\/\"},{\"@type\":\"ListItem\",\"position\":2,\"name\":\"Pr\u00e9paratifs de la rentr\u00e9e acad\u00e9mique 2026-2027: Le ministre Cl\u00e9ment Kouchad\u00e9 face aux urgences des \u00e9tablissements de l\u2019Ou\u00e9m\u00e9 et du Plateau\"}]},{\"@type\":\"WebSite\",\"@id\":\"https:\\\/\\\/lepotentiel.bj\\\/#website\",\"url\":\"https:\\\/\\\/lepotentiel.bj\\\/\",\"name\":\"Le Potentiel\",\"description\":\"Le Potentiel, au service de l\u2019information, nous sommes les fantassins du droit de savoir\",\"publisher\":{\"@id\":\"https:\\\/\\\/lepotentiel.bj\\\/#organization\"},\"potentialAction\":[{\"@type\":\"SearchAction\",\"target\":{\"@type\":\"EntryPoint\",\"urlTemplate\":\"https:\\\/\\\/lepotentiel.bj\\\/?s={search_term_string}\"},\"query-input\":{\"@type\":\"PropertyValueSpecification\",\"valueRequired\":true,\"valueName\":\"search_term_string\"}}],\"inLanguage\":\"fr-FR\"},{\"@type\":\"Organization\",\"@id\":\"https:\\\/\\\/lepotentiel.bj\\\/#organization\",\"name\":\"Le Potentiel\",\"url\":\"https:\\\/\\\/lepotentiel.bj\\\/\",\"logo\":{\"@type\":\"ImageObject\",\"inLanguage\":\"fr-FR\",\"@id\":\"https:\\\/\\\/lepotentiel.bj\\\/#\\\/schema\\\/logo\\\/image\\\/\",\"url\":\"https:\\\/\\\/lepotentiel.bj\\\/wp-content\\\/uploads\\\/2023\\\/12\\\/logo-pot.jpg\",\"contentUrl\":\"https:\\\/\\\/lepotentiel.bj\\\/wp-content\\\/uploads\\\/2023\\\/12\\\/logo-pot.jpg\",\"width\":562,\"height\":84,\"caption\":\"Le Potentiel\"},\"image\":{\"@id\":\"https:\\\/\\\/lepotentiel.bj\\\/#\\\/schema\\\/logo\\\/image\\\/\"}},{\"@type\":\"Person\",\"@id\":\"https:\\\/\\\/lepotentiel.bj\\\/#\\\/schema\\\/person\\\/fdda957c384e805f0fc0d27336e2043e\",\"name\":\"Louis\",\"image\":{\"@type\":\"ImageObject\",\"inLanguage\":\"fr-FR\",\"@id\":\"https:\\\/\\\/secure.gravatar.com\\\/avatar\\\/6f5f11044e7478a024ffb0cdd245934f14edbbbee764f548bc3f02a02df46d9a?s=96&d=mm&r=g\",\"url\":\"https:\\\/\\\/secure.gravatar.com\\\/avatar\\\/6f5f11044e7478a024ffb0cdd245934f14edbbbee764f548bc3f02a02df46d9a?s=96&d=mm&r=g\",\"contentUrl\":\"https:\\\/\\\/secure.gravatar.com\\\/avatar\\\/6f5f11044e7478a024ffb0cdd245934f14edbbbee764f548bc3f02a02df46d9a?s=96&d=mm&r=g\",\"caption\":\"Louis\"},\"url\":\"https:\\\/\\\/lepotentiel.bj\\\/?author=7\"}]}<\/script>\n<!-- \/ Yoast SEO plugin. -->","yoast_head_json":{"title":"Pr\u00e9paratifs de la rentr\u00e9e acad\u00e9mique 2026-2027: Le ministre Cl\u00e9ment Kouchad\u00e9 face aux urgences des \u00e9tablissements de l\u2019Ou\u00e9m\u00e9 et du Plateau - Le Potentiel","robots":{"index":"index","follow":"follow","max-snippet":"max-snippet:-1","max-image-preview":"max-image-preview:large","max-video-preview":"max-video-preview:-1"},"canonical":"https:\/\/lepotentiel.bj\/?p=87464","og_locale":"fr_FR","og_type":"article","og_title":"Pr\u00e9paratifs de la rentr\u00e9e acad\u00e9mique 2026-2027: Le ministre Cl\u00e9ment Kouchad\u00e9 face aux urgences des \u00e9tablissements de l\u2019Ou\u00e9m\u00e9 et du Plateau - Le Potentiel","og_description":"Les pr\u00e9paratifs de la rentr\u00e9e acad\u00e9mique 2026-2027 se poursuivent au minist\u00e8re des Enseignements secondaires. Apr\u00e8s le Couffo et le Mono, le ministre Ad\u00e9y\u00e8mi Cl\u00e9ment Kouchad\u00e9, accompagn\u00e9 du Secr\u00e9taire g\u00e9n\u00e9ral du minist\u00e8re, Cyrille A\u00efnamon, a poursuivi, vendredi 4 septembre 2026, sa tourn\u00e9e nationale de prise de contact avec les acteurs du syst\u00e8me \u00e9ducatif dans les d\u00e9partements [&hellip;]","og_url":"https:\/\/lepotentiel.bj\/?p=87464","og_site_name":"Le Potentiel","article_published_time":"2026-09-05T10:04:10+00:00","og_image":[{"width":1080,"height":810,"url":"https:\/\/lepotentiel.bj\/wp-content\/uploads\/2026\/09\/IMG-20260905-WA0026.jpg","type":"image\/jpeg"}],"author":"Louis","twitter_card":"summary_large_image","twitter_misc":{"\u00c9crit par":"Louis","Dur\u00e9e de lecture estim\u00e9e":"4 minutes"},"schema":{"@context":"https:\/\/schema.org","@graph":[{"@type":"Article","@id":"https:\/\/lepotentiel.bj\/?p=87464#article","isPartOf":{"@id":"https:\/\/lepotentiel.bj\/?p=87464"},"author":{"name":"Louis","@id":"https:\/\/lepotentiel.bj\/#\/schema\/person\/fdda957c384e805f0fc0d27336e2043e"},"headline":"Pr\u00e9paratifs de la rentr\u00e9e acad\u00e9mique 2026-2027: Le ministre Cl\u00e9ment Kouchad\u00e9 face aux urgences des \u00e9tablissements de l\u2019Ou\u00e9m\u00e9 et du Plateau","datePublished":"2026-09-05T10:04:10+00:00","mainEntityOfPage":{"@id":"https:\/\/lepotentiel.bj\/?p=87464"},"wordCount":674,"commentCount":0,"publisher":{"@id":"https:\/\/lepotentiel.bj\/#organization"},"image":{"@id":"https:\/\/lepotentiel.bj\/?p=87464#primaryimage"},"thumbnailUrl":"https:\/\/lepotentiel.bj\/wp-content\/uploads\/2026\/09\/IMG-20260905-WA0026.jpg","keywords":["AME","Cl\u00e9ment Koutchad\u00e9","\u00c9changes","Ou\u00e9m\u00e9 Plateau","Pr\u00e9paratifs rentr\u00e9e"],"articleSection":["Actualit\u00e9"],"inLanguage":"fr-FR","potentialAction":[{"@type":"CommentAction","name":"Comment","target":["https:\/\/lepotentiel.bj\/?p=87464#respond"]}]},{"@type":"WebPage","@id":"https:\/\/lepotentiel.bj\/?p=87464","url":"https:\/\/lepotentiel.bj\/?p=87464","name":"Pr\u00e9paratifs de la rentr\u00e9e acad\u00e9mique 2026-2027: Le ministre Cl\u00e9ment Kouchad\u00e9 face aux urgences des \u00e9tablissements de l\u2019Ou\u00e9m\u00e9 et du Plateau - Le Potentiel","isPartOf":{"@id":"https:\/\/lepotentiel.bj\/#website"},"primaryImageOfPage":{"@id":"https:\/\/lepotentiel.bj\/?p=87464#primaryimage"},"image":{"@id":"https:\/\/lepotentiel.bj\/?p=87464#primaryimage"},"thumbnailUrl":"https:\/\/lepotentiel.bj\/wp-content\/uploads\/2026\/09\/IMG-20260905-WA0026.jpg","datePublished":"2026-09-05T10:04:10+00:00","breadcrumb":{"@id":"https:\/\/lepotentiel.bj\/?p=87464#breadcrumb"},"inLanguage":"fr-FR","potentialAction":[{"@type":"ReadAction","target":["https:\/\/lepotentiel.bj\/?p=87464"]}]},{"@type":"ImageObject","inLanguage":"fr-FR","@id":"https:\/\/lepotentiel.bj\/?p=87464#primaryimage","url":"https:\/\/lepotentiel.bj\/wp-content\/uploads\/2026\/09\/IMG-20260905-WA0026.jpg","contentUrl":"https:\/\/lepotentiel.bj\/wp-content\/uploads\/2026\/09\/IMG-20260905-WA0026.jpg","width":1080,"height":810},{"@type":"BreadcrumbList","@id":"https:\/\/lepotentiel.bj\/?p=87464#breadcrumb","itemListElement":[{"@type":"ListItem","position":1,"name":"Accueil","item":"https:\/\/lepotentiel.bj\/"},{"@type":"ListItem","position":2,"name":"Pr\u00e9paratifs de la rentr\u00e9e acad\u00e9mique 2026-2027: Le ministre Cl\u00e9ment Kouchad\u00e9 face aux urgences des \u00e9tablissements de l\u2019Ou\u00e9m\u00e9 et du Plateau"}]},{"@type":"WebSite","@id":"https:\/\/lepotentiel.bj\/#website","url":"https:\/\/lepotentiel.bj\/","name":"Le Potentiel","description":"Le Potentiel, au service de l\u2019information, nous sommes les fantassins du droit de savoir","publisher":{"@id":"https:\/\/lepotentiel.bj\/#organization"},"potentialAction":[{"@type":"SearchAction","target":{"@type":"EntryPoint","urlTemplate":"https:\/\/lepotentiel.bj\/?s={search_term_string}"},"query-input":{"@type":"PropertyValueSpecification","valueRequired":true,"valueName":"search_term_string"}}],"inLanguage":"fr-FR"},{"@type":"Organization","@id":"https:\/\/lepotentiel.bj\/#organization","name":"Le Potentiel","url":"https:\/\/lepotentiel.bj\/","logo":{"@type":"ImageObject","inLanguage":"fr-FR","@id":"https:\/\/lepotentiel.bj\/#\/schema\/logo\/image\/","url":"https:\/\/lepotentiel.bj\/wp-content\/uploads\/2023\/12\/logo-pot.jpg","contentUrl":"https:\/\/lepotentiel.bj\/wp-content\/uploads\/2023\/12\/logo-pot.jpg","width":562,"height":84,"caption":"Le Potentiel"},"image":{"@id":"https:\/\/lepotentiel.bj\/#\/schema\/logo\/image\/"}},{"@type":"Person","@id":"https:\/\/lepotentiel.bj\/#\/schema\/person\/fdda957c384e805f0fc0d27336e2043e","name":"Louis","image":{"@type":"ImageObject","inLanguage":"fr-FR","@id":"https:\/\/secure.gravatar.com\/avatar\/6f5f11044e7478a024ffb0cdd245934f14edbbbee764f548bc3f02a02df46d9a?s=96&d=mm&r=g","url":"https:\/\/secure.gravatar.com\/avatar\/6f5f11044e7478a024ffb0cdd245934f14edbbbee764f548bc3f02a02df46d9a?s=96&d=mm&r=g","contentUrl":"https:\/\/secure.gravatar.com\/avatar\/6f5f11044e7478a024ffb0cdd245934f14edbbbee764f548bc3f02a02df46d9a?s=96&d=mm&r=g","caption":"Louis"},"url":"https:\/\/lepotentiel.bj\/?author=7"}]}},"_links":{"self":[{"href":"https:\/\/lepotentiel.bj\/index.php?rest_route=\/wp\/v2\/posts\/87464","targetHints":{"allow":["GET"]}}],"collection":[{"href":"https:\/\/lepotentiel.bj\/index.php?rest_route=\/wp\/v2\/posts"}],"about":[{"href":"https:\/\/lepotentiel.bj\/index.php?rest_route=\/wp\/v2\/types\/post"}],"author":[{"embeddable":true,"href":"https:\/\/lepotentiel.bj\/index.php?rest_route=\/wp\/v2\/users\/7"}],"replies":[{"embeddable":true,"href":"https:\/\/lepotentiel.bj\/index.php?rest_route=%2Fwp%2Fv2%2Fcomments&post=87464"}],"version-history":[{"count":1,"href":"https:\/\/lepotentiel.bj\/index.php?rest_route=\/wp\/v2\/posts\/87464\/revisions"}],"predecessor-version":[{"id":87469,"href":"https:\/\/lepotentiel.bj\/index.php?rest_route=\/wp\/v2\/posts\/87464\/revisions\/87469"}],"wp:featuredmedia":[{"embeddable":true,"href":"https:\/\/lepotentiel.bj\/index.php?rest_route=\/wp\/v2\/media\/87465"}],"wp:attachment":[{"href":"https:\/\/lepotentiel.bj\/index.php?rest_route=%2Fwp%2Fv2%2Fmedia&parent=87464"}],"wp:term":[{"taxonomy":"category","embeddable":true,"href":"https:\/\/lepotentiel.bj\/index.php?rest_route=%2Fwp%2Fv2%2Fcategories&post=87464"},{"taxonomy":"post_tag","embeddable":true,"href":"https:\/\/lepotentiel.bj\/index.php?rest_route=%2Fwp%2Fv2%2Ftags&post=87464"}],"curies":[{"name":"wp","href":"https:\/\/api.w.org\/{rel}","templated":true}]}}