{"id":87470,"date":"2026-09-05T13:40:36","date_gmt":"2026-09-05T11:40:36","guid":{"rendered":"https:\/\/lepotentiel.bj\/?p=87470"},"modified":"2026-09-05T13:40:36","modified_gmt":"2026-09-05T11:40:36","slug":"rentree-scolaire-2026-2027-une-journee-pedagogique-prevue-le-9-septembre-pour-les-enseignants-du-primaire","status":"publish","type":"post","link":"https:\/\/lepotentiel.bj\/?p=87470","title":{"rendered":"Rentr\u00e9e scolaire 2026-2027 : une journ\u00e9e p\u00e9dagogique pr\u00e9vue le 9 septembre pour les enseignants du primaire"},"content":{"rendered":"<p style=\"text-align: justify;\"><strong>Rentr\u00e9e scolaire 2026-2027 : une journ\u00e9e p\u00e9dagogique pr\u00e9vue le 9 septembre pour les enseignants du primaire<\/strong><\/p>\n<p style=\"text-align: justify;\">\n<p style=\"text-align: justify;\"><strong>\u00c0 quelques jours de la rentr\u00e9e scolaire 2026-2027, le minist\u00e8re des Enseignements maternel et primaire annonce l\u2019organisation d\u2019une journ\u00e9e p\u00e9dagogique destin\u00e9e aux enseignants sous sa tutelle. L\u2019activit\u00e9 est pr\u00e9vue le mercredi 9 septembre 2026 dans les diff\u00e9rentes circonscriptions scolaires du B\u00e9nin.<\/strong><\/p>\n<p style=\"text-align: justify;\">\n<p style=\"text-align: justify;\">Cette rencontre, organis\u00e9e en pr\u00e9lude \u00e0 la nouvelle ann\u00e9e scolaire, sera consacr\u00e9e \u00e0 des moments de r\u00e9flexion, de concertation et de pr\u00e9paration p\u00e9dagogique. Elle doit permettre aux acteurs de l\u2019enseignement primaire d\u2019aborder la rentr\u00e9e scolaire 2026-2027 dans de meilleures conditions.<\/p>\n<p style=\"text-align: justify;\">Lire l&rsquo;int\u00e9gralit\u00e9 du communiqu\u00e9<\/p>\n<p><img fetchpriority=\"high\" decoding=\"async\" class=\"alignnone wp-image-87471 size-full\" src=\"https:\/\/lepotentiel.bj\/wp-content\/uploads\/2026\/09\/IMG-20260905-WA0067.jpg\" alt=\"\" width=\"923\" height=\"1280\" srcset=\"https:\/\/lepotentiel.bj\/wp-content\/uploads\/2026\/09\/IMG-20260905-WA0067.jpg 923w, https:\/\/lepotentiel.bj\/wp-content\/uploads\/2026\/09\/IMG-20260905-WA0067-216x300.jpg 216w, https:\/\/lepotentiel.bj\/wp-content\/uploads\/2026\/09\/IMG-20260905-WA0067-738x1024.jpg 738w, https:\/\/lepotentiel.bj\/wp-content\/uploads\/2026\/09\/IMG-20260905-WA0067-768x1065.jpg 768w, https:\/\/lepotentiel.bj\/wp-content\/uploads\/2026\/09\/IMG-20260905-WA0067-750x1040.jpg 750w\" sizes=\"(max-width: 923px) 100vw, 923px\" \/><\/p>\n","protected":false},"excerpt":{"rendered":"<p>Rentr\u00e9e scolaire 2026-2027 : une journ\u00e9e p\u00e9dagogique pr\u00e9vue le 9 septembre pour les enseignants du primaire \u00c0 quelques jours de la rentr\u00e9e scolaire 2026-2027, le minist\u00e8re des Enseignements maternel et primaire annonce l\u2019organisation d\u2019une journ\u00e9e p\u00e9dagogique destin\u00e9e aux enseignants sous sa tutelle. L\u2019activit\u00e9 est pr\u00e9vue le mercredi 9 septembre 2026 dans les diff\u00e9rentes circonscriptions scolaires [&hellip;]<\/p>\n","protected":false},"author":4,"featured_media":87146,"comment_status":"open","ping_status":"open","sticky":false,"template":"","format":"standard","meta":{"footnotes":""},"categories":[22960],"tags":[],"class_list":["post-87470","post","type-post","status-publish","format-standard","has-post-thumbnail","hentry","category-a-la-une"],"yoast_head":"<!-- This site is optimized with the Yoast SEO plugin v28.2 - https:\/\/yoast.com\/product\/yoast-seo-wordpress\/ -->\n<title>Rentr\u00e9e scolaire 2026-2027 : une journ\u00e9e p\u00e9dagogique pr\u00e9vue le 9 septembre pour les enseignants du primaire - Le Potentiel<\/title>\n<meta name=\"robots\" content=\"index, follow, max-snippet:-1, max-image-preview:large, max-video-preview:-1\" \/>\n<link rel=\"canonical\" href=\"https:\/\/lepotentiel.bj\/?p=87470\" \/>\n<meta property=\"og:locale\" content=\"fr_FR\" \/>\n<meta property=\"og:type\" content=\"article\" \/>\n<meta property=\"og:title\" content=\"Rentr\u00e9e scolaire 2026-2027 : une journ\u00e9e p\u00e9dagogique pr\u00e9vue le 9 septembre pour les enseignants du primaire - Le Potentiel\" \/>\n<meta property=\"og:description\" content=\"Rentr\u00e9e scolaire 2026-2027 : une journ\u00e9e p\u00e9dagogique pr\u00e9vue le 9 septembre pour les enseignants du primaire \u00c0 quelques jours de la rentr\u00e9e scolaire 2026-2027, le minist\u00e8re des Enseignements maternel et primaire annonce l\u2019organisation d\u2019une journ\u00e9e p\u00e9dagogique destin\u00e9e aux enseignants sous sa tutelle. L\u2019activit\u00e9 est pr\u00e9vue le mercredi 9 septembre 2026 dans les diff\u00e9rentes circonscriptions scolaires [&hellip;]\" \/>\n<meta property=\"og:url\" content=\"https:\/\/lepotentiel.bj\/?p=87470\" \/>\n<meta property=\"og:site_name\" content=\"Le Potentiel\" \/>\n<meta property=\"article:published_time\" content=\"2026-09-05T11:40:36+00:00\" \/>\n<meta property=\"og:image\" content=\"https:\/\/lepotentiel.bj\/wp-content\/uploads\/2026\/08\/IMG-20260829-WA0077.jpg\" \/>\n\t<meta property=\"og:image:width\" content=\"1280\" \/>\n\t<meta property=\"og:image:height\" content=\"760\" \/>\n\t<meta property=\"og:image:type\" content=\"image\/jpeg\" \/>\n<meta name=\"author\" content=\"Le Potentiel\" \/>\n<meta name=\"twitter:card\" content=\"summary_large_image\" \/>\n<meta name=\"twitter:label1\" content=\"\u00c9crit par\" \/>\n\t<meta name=\"twitter:data1\" content=\"Le Potentiel\" \/>\n\t<meta name=\"twitter:label2\" content=\"Dur\u00e9e de lecture estim\u00e9e\" \/>\n\t<meta name=\"twitter:data2\" content=\"1 minute\" \/>\n<script type=\"application\/ld+json\" class=\"yoast-schema-graph\">{\"@context\":\"https:\\\/\\\/schema.org\",\"@graph\":[{\"@type\":\"Article\",\"@id\":\"https:\\\/\\\/lepotentiel.bj\\\/?p=87470#article\",\"isPartOf\":{\"@id\":\"https:\\\/\\\/lepotentiel.bj\\\/?p=87470\"},\"author\":{\"name\":\"Le Potentiel\",\"@id\":\"https:\\\/\\\/lepotentiel.bj\\\/#\\\/schema\\\/person\\\/453725c41f4363806763503087c06c70\"},\"headline\":\"Rentr\u00e9e scolaire 2026-2027 : une journ\u00e9e p\u00e9dagogique pr\u00e9vue le 9 septembre pour les enseignants du primaire\",\"datePublished\":\"2026-09-05T11:40:36+00:00\",\"mainEntityOfPage\":{\"@id\":\"https:\\\/\\\/lepotentiel.bj\\\/?p=87470\"},\"wordCount\":138,\"commentCount\":0,\"publisher\":{\"@id\":\"https:\\\/\\\/lepotentiel.bj\\\/#organization\"},\"image\":{\"@id\":\"https:\\\/\\\/lepotentiel.bj\\\/?p=87470#primaryimage\"},\"thumbnailUrl\":\"https:\\\/\\\/lepotentiel.bj\\\/wp-content\\\/uploads\\\/2026\\\/08\\\/IMG-20260829-WA0077.jpg\",\"articleSection\":[\"A La Une\"],\"inLanguage\":\"fr-FR\",\"potentialAction\":[{\"@type\":\"CommentAction\",\"name\":\"Comment\",\"target\":[\"https:\\\/\\\/lepotentiel.bj\\\/?p=87470#respond\"]}]},{\"@type\":\"WebPage\",\"@id\":\"https:\\\/\\\/lepotentiel.bj\\\/?p=87470\",\"url\":\"https:\\\/\\\/lepotentiel.bj\\\/?p=87470\",\"name\":\"Rentr\u00e9e scolaire 2026-2027 : une journ\u00e9e p\u00e9dagogique pr\u00e9vue le 9 septembre pour les enseignants du primaire - Le Potentiel\",\"isPartOf\":{\"@id\":\"https:\\\/\\\/lepotentiel.bj\\\/#website\"},\"primaryImageOfPage\":{\"@id\":\"https:\\\/\\\/lepotentiel.bj\\\/?p=87470#primaryimage\"},\"image\":{\"@id\":\"https:\\\/\\\/lepotentiel.bj\\\/?p=87470#primaryimage\"},\"thumbnailUrl\":\"https:\\\/\\\/lepotentiel.bj\\\/wp-content\\\/uploads\\\/2026\\\/08\\\/IMG-20260829-WA0077.jpg\",\"datePublished\":\"2026-09-05T11:40:36+00:00\",\"breadcrumb\":{\"@id\":\"https:\\\/\\\/lepotentiel.bj\\\/?p=87470#breadcrumb\"},\"inLanguage\":\"fr-FR\",\"potentialAction\":[{\"@type\":\"ReadAction\",\"target\":[\"https:\\\/\\\/lepotentiel.bj\\\/?p=87470\"]}]},{\"@type\":\"ImageObject\",\"inLanguage\":\"fr-FR\",\"@id\":\"https:\\\/\\\/lepotentiel.bj\\\/?p=87470#primaryimage\",\"url\":\"https:\\\/\\\/lepotentiel.bj\\\/wp-content\\\/uploads\\\/2026\\\/08\\\/IMG-20260829-WA0077.jpg\",\"contentUrl\":\"https:\\\/\\\/lepotentiel.bj\\\/wp-content\\\/uploads\\\/2026\\\/08\\\/IMG-20260829-WA0077.jpg\",\"width\":1280,\"height\":760},{\"@type\":\"BreadcrumbList\",\"@id\":\"https:\\\/\\\/lepotentiel.bj\\\/?p=87470#breadcrumb\",\"itemListElement\":[{\"@type\":\"ListItem\",\"position\":1,\"name\":\"Accueil\",\"item\":\"https:\\\/\\\/lepotentiel.bj\\\/\"},{\"@type\":\"ListItem\",\"position\":2,\"name\":\"Rentr\u00e9e scolaire 2026-2027 : une journ\u00e9e p\u00e9dagogique pr\u00e9vue le 9 septembre pour les enseignants du primaire\"}]},{\"@type\":\"WebSite\",\"@id\":\"https:\\\/\\\/lepotentiel.bj\\\/#website\",\"url\":\"https:\\\/\\\/lepotentiel.bj\\\/\",\"name\":\"Le Potentiel\",\"description\":\"Le Potentiel, au service de l\u2019information, nous sommes les fantassins du droit de savoir\",\"publisher\":{\"@id\":\"https:\\\/\\\/lepotentiel.bj\\\/#organization\"},\"potentialAction\":[{\"@type\":\"SearchAction\",\"target\":{\"@type\":\"EntryPoint\",\"urlTemplate\":\"https:\\\/\\\/lepotentiel.bj\\\/?s={search_term_string}\"},\"query-input\":{\"@type\":\"PropertyValueSpecification\",\"valueRequired\":true,\"valueName\":\"search_term_string\"}}],\"inLanguage\":\"fr-FR\"},{\"@type\":\"Organization\",\"@id\":\"https:\\\/\\\/lepotentiel.bj\\\/#organization\",\"name\":\"Le Potentiel\",\"url\":\"https:\\\/\\\/lepotentiel.bj\\\/\",\"logo\":{\"@type\":\"ImageObject\",\"inLanguage\":\"fr-FR\",\"@id\":\"https:\\\/\\\/lepotentiel.bj\\\/#\\\/schema\\\/logo\\\/image\\\/\",\"url\":\"https:\\\/\\\/lepotentiel.bj\\\/wp-content\\\/uploads\\\/2023\\\/12\\\/logo-pot.jpg\",\"contentUrl\":\"https:\\\/\\\/lepotentiel.bj\\\/wp-content\\\/uploads\\\/2023\\\/12\\\/logo-pot.jpg\",\"width\":562,\"height\":84,\"caption\":\"Le Potentiel\"},\"image\":{\"@id\":\"https:\\\/\\\/lepotentiel.bj\\\/#\\\/schema\\\/logo\\\/image\\\/\"}},{\"@type\":\"Person\",\"@id\":\"https:\\\/\\\/lepotentiel.bj\\\/#\\\/schema\\\/person\\\/453725c41f4363806763503087c06c70\",\"name\":\"Le Potentiel\",\"image\":{\"@type\":\"ImageObject\",\"inLanguage\":\"fr-FR\",\"@id\":\"https:\\\/\\\/secure.gravatar.com\\\/avatar\\\/4085301697e4181824463b6ab1ea0ef6abfe68ad30a95258574a4b2d1c76522e?s=96&d=mm&r=g\",\"url\":\"https:\\\/\\\/secure.gravatar.com\\\/avatar\\\/4085301697e4181824463b6ab1ea0ef6abfe68ad30a95258574a4b2d1c76522e?s=96&d=mm&r=g\",\"contentUrl\":\"https:\\\/\\\/secure.gravatar.com\\\/avatar\\\/4085301697e4181824463b6ab1ea0ef6abfe68ad30a95258574a4b2d1c76522e?s=96&d=mm&r=g\",\"caption\":\"Le Potentiel\"},\"url\":\"https:\\\/\\\/lepotentiel.bj\\\/?author=4\"}]}<\/script>\n<!-- \/ Yoast SEO plugin. -->","yoast_head_json":{"title":"Rentr\u00e9e scolaire 2026-2027 : une journ\u00e9e p\u00e9dagogique pr\u00e9vue le 9 septembre pour les enseignants du primaire - Le Potentiel","robots":{"index":"index","follow":"follow","max-snippet":"max-snippet:-1","max-image-preview":"max-image-preview:large","max-video-preview":"max-video-preview:-1"},"canonical":"https:\/\/lepotentiel.bj\/?p=87470","og_locale":"fr_FR","og_type":"article","og_title":"Rentr\u00e9e scolaire 2026-2027 : une journ\u00e9e p\u00e9dagogique pr\u00e9vue le 9 septembre pour les enseignants du primaire - Le Potentiel","og_description":"Rentr\u00e9e scolaire 2026-2027 : une journ\u00e9e p\u00e9dagogique pr\u00e9vue le 9 septembre pour les enseignants du primaire \u00c0 quelques jours de la rentr\u00e9e scolaire 2026-2027, le minist\u00e8re des Enseignements maternel et primaire annonce l\u2019organisation d\u2019une journ\u00e9e p\u00e9dagogique destin\u00e9e aux enseignants sous sa tutelle. L\u2019activit\u00e9 est pr\u00e9vue le mercredi 9 septembre 2026 dans les diff\u00e9rentes circonscriptions scolaires [&hellip;]","og_url":"https:\/\/lepotentiel.bj\/?p=87470","og_site_name":"Le Potentiel","article_published_time":"2026-09-05T11:40:36+00:00","og_image":[{"width":1280,"height":760,"url":"https:\/\/lepotentiel.bj\/wp-content\/uploads\/2026\/08\/IMG-20260829-WA0077.jpg","type":"image\/jpeg"}],"author":"Le Potentiel","twitter_card":"summary_large_image","twitter_misc":{"\u00c9crit par":"Le Potentiel","Dur\u00e9e de lecture estim\u00e9e":"1 minute"},"schema":{"@context":"https:\/\/schema.org","@graph":[{"@type":"Article","@id":"https:\/\/lepotentiel.bj\/?p=87470#article","isPartOf":{"@id":"https:\/\/lepotentiel.bj\/?p=87470"},"author":{"name":"Le Potentiel","@id":"https:\/\/lepotentiel.bj\/#\/schema\/person\/453725c41f4363806763503087c06c70"},"headline":"Rentr\u00e9e scolaire 2026-2027 : une journ\u00e9e p\u00e9dagogique pr\u00e9vue le 9 septembre pour les enseignants du primaire","datePublished":"2026-09-05T11:40:36+00:00","mainEntityOfPage":{"@id":"https:\/\/lepotentiel.bj\/?p=87470"},"wordCount":138,"commentCount":0,"publisher":{"@id":"https:\/\/lepotentiel.bj\/#organization"},"image":{"@id":"https:\/\/lepotentiel.bj\/?p=87470#primaryimage"},"thumbnailUrl":"https:\/\/lepotentiel.bj\/wp-content\/uploads\/2026\/08\/IMG-20260829-WA0077.jpg","articleSection":["A La Une"],"inLanguage":"fr-FR","potentialAction":[{"@type":"CommentAction","name":"Comment","target":["https:\/\/lepotentiel.bj\/?p=87470#respond"]}]},{"@type":"WebPage","@id":"https:\/\/lepotentiel.bj\/?p=87470","url":"https:\/\/lepotentiel.bj\/?p=87470","name":"Rentr\u00e9e scolaire 2026-2027 : une journ\u00e9e p\u00e9dagogique pr\u00e9vue le 9 septembre pour les enseignants du primaire - Le Potentiel","isPartOf":{"@id":"https:\/\/lepotentiel.bj\/#website"},"primaryImageOfPage":{"@id":"https:\/\/lepotentiel.bj\/?p=87470#primaryimage"},"image":{"@id":"https:\/\/lepotentiel.bj\/?p=87470#primaryimage"},"thumbnailUrl":"https:\/\/lepotentiel.bj\/wp-content\/uploads\/2026\/08\/IMG-20260829-WA0077.jpg","datePublished":"2026-09-05T11:40:36+00:00","breadcrumb":{"@id":"https:\/\/lepotentiel.bj\/?p=87470#breadcrumb"},"inLanguage":"fr-FR","potentialAction":[{"@type":"ReadAction","target":["https:\/\/lepotentiel.bj\/?p=87470"]}]},{"@type":"ImageObject","inLanguage":"fr-FR","@id":"https:\/\/lepotentiel.bj\/?p=87470#primaryimage","url":"https:\/\/lepotentiel.bj\/wp-content\/uploads\/2026\/08\/IMG-20260829-WA0077.jpg","contentUrl":"https:\/\/lepotentiel.bj\/wp-content\/uploads\/2026\/08\/IMG-20260829-WA0077.jpg","width":1280,"height":760},{"@type":"BreadcrumbList","@id":"https:\/\/lepotentiel.bj\/?p=87470#breadcrumb","itemListElement":[{"@type":"ListItem","position":1,"name":"Accueil","item":"https:\/\/lepotentiel.bj\/"},{"@type":"ListItem","position":2,"name":"Rentr\u00e9e scolaire 2026-2027 : une journ\u00e9e p\u00e9dagogique pr\u00e9vue le 9 septembre pour les enseignants du primaire"}]},{"@type":"WebSite","@id":"https:\/\/lepotentiel.bj\/#website","url":"https:\/\/lepotentiel.bj\/","name":"Le Potentiel","description":"Le Potentiel, au service de l\u2019information, nous sommes les fantassins du droit de savoir","publisher":{"@id":"https:\/\/lepotentiel.bj\/#organization"},"potentialAction":[{"@type":"SearchAction","target":{"@type":"EntryPoint","urlTemplate":"https:\/\/lepotentiel.bj\/?s={search_term_string}"},"query-input":{"@type":"PropertyValueSpecification","valueRequired":true,"valueName":"search_term_string"}}],"inLanguage":"fr-FR"},{"@type":"Organization","@id":"https:\/\/lepotentiel.bj\/#organization","name":"Le Potentiel","url":"https:\/\/lepotentiel.bj\/","logo":{"@type":"ImageObject","inLanguage":"fr-FR","@id":"https:\/\/lepotentiel.bj\/#\/schema\/logo\/image\/","url":"https:\/\/lepotentiel.bj\/wp-content\/uploads\/2023\/12\/logo-pot.jpg","contentUrl":"https:\/\/lepotentiel.bj\/wp-content\/uploads\/2023\/12\/logo-pot.jpg","width":562,"height":84,"caption":"Le Potentiel"},"image":{"@id":"https:\/\/lepotentiel.bj\/#\/schema\/logo\/image\/"}},{"@type":"Person","@id":"https:\/\/lepotentiel.bj\/#\/schema\/person\/453725c41f4363806763503087c06c70","name":"Le Potentiel","image":{"@type":"ImageObject","inLanguage":"fr-FR","@id":"https:\/\/secure.gravatar.com\/avatar\/4085301697e4181824463b6ab1ea0ef6abfe68ad30a95258574a4b2d1c76522e?s=96&d=mm&r=g","url":"https:\/\/secure.gravatar.com\/avatar\/4085301697e4181824463b6ab1ea0ef6abfe68ad30a95258574a4b2d1c76522e?s=96&d=mm&r=g","contentUrl":"https:\/\/secure.gravatar.com\/avatar\/4085301697e4181824463b6ab1ea0ef6abfe68ad30a95258574a4b2d1c76522e?s=96&d=mm&r=g","caption":"Le Potentiel"},"url":"https:\/\/lepotentiel.bj\/?author=4"}]}},"_links":{"self":[{"href":"https:\/\/lepotentiel.bj\/index.php?rest_route=\/wp\/v2\/posts\/87470","targetHints":{"allow":["GET"]}}],"collection":[{"href":"https:\/\/lepotentiel.bj\/index.php?rest_route=\/wp\/v2\/posts"}],"about":[{"href":"https:\/\/lepotentiel.bj\/index.php?rest_route=\/wp\/v2\/types\/post"}],"author":[{"embeddable":true,"href":"https:\/\/lepotentiel.bj\/index.php?rest_route=\/wp\/v2\/users\/4"}],"replies":[{"embeddable":true,"href":"https:\/\/lepotentiel.bj\/index.php?rest_route=%2Fwp%2Fv2%2Fcomments&post=87470"}],"version-history":[{"count":1,"href":"https:\/\/lepotentiel.bj\/index.php?rest_route=\/wp\/v2\/posts\/87470\/revisions"}],"predecessor-version":[{"id":87472,"href":"https:\/\/lepotentiel.bj\/index.php?rest_route=\/wp\/v2\/posts\/87470\/revisions\/87472"}],"wp:featuredmedia":[{"embeddable":true,"href":"https:\/\/lepotentiel.bj\/index.php?rest_route=\/wp\/v2\/media\/87146"}],"wp:attachment":[{"href":"https:\/\/lepotentiel.bj\/index.php?rest_route=%2Fwp%2Fv2%2Fmedia&parent=87470"}],"wp:term":[{"taxonomy":"category","embeddable":true,"href":"https:\/\/lepotentiel.bj\/index.php?rest_route=%2Fwp%2Fv2%2Fcategories&post=87470"},{"taxonomy":"post_tag","embeddable":true,"href":"https:\/\/lepotentiel.bj\/index.php?rest_route=%2Fwp%2Fv2%2Ftags&post=87470"}],"curies":[{"name":"wp","href":"https:\/\/api.w.org\/{rel}","templated":true}]}}