{"id":87473,"date":"2026-09-05T15:32:34","date_gmt":"2026-09-05T13:32:34","guid":{"rendered":"https:\/\/lepotentiel.bj\/?p=87473"},"modified":"2026-09-05T15:55:18","modified_gmt":"2026-09-05T13:55:18","slug":"journees-pedagogiques-de-lenseignement-secondaire-au-benin-dans-les-colleges-clement-kouchade-entend-les-voix-de-ceux-qui-font-lecole","status":"publish","type":"post","link":"https:\/\/lepotentiel.bj\/?p=87473","title":{"rendered":"Journ\u00e9es p\u00e9dagogiques de l&rsquo;enseignement secondaire au B\u00e9nin : Dans les coll\u00e8ges, Cl\u00e9ment Kouchad\u00e9 entend les voix de ceux qui font l\u2019\u00e9cole"},"content":{"rendered":"<p style=\"text-align: justify;\">Les r\u00e9sultats scolaires \u00e9taient au c\u0153ur de la premi\u00e8re sortie de terrain du ministre de l\u2019Enseignement secondaire, Cl\u00e9ment Ad\u00e9y\u00e8mi Kouchad\u00e9. A l\u2019occasion des journ\u00e9es p\u00e9dagogiques nationales de r\u00e9flexion et de concertation, le ministre a rencontr\u00e9, jeudi 3 septembre 2026, les acteurs \u00e0 la base du syst\u00e8me \u00e9ducatif dans les d\u00e9partements du Couffo et du Mono.<\/p>\n<p style=\"text-align: justify;\">Au CEG Aplahou\u00e9, dans le Couffo, puis \u00e0 la direction d\u00e9partementale de l\u2019Enseignement secondaire du Mono, la d\u00e9l\u00e9gation minist\u00e9rielle a \u00e9chang\u00e9 avec enseignants, responsables d\u2019\u00e9tablissements, inspecteurs p\u00e9dagogiques et associations de parents d\u2019\u00e9l\u00e8ves. Les acteurs ont expos\u00e9 leurs difficult\u00e9s, formul\u00e9 leurs dol\u00e9ances et partag\u00e9 leurs attentes pour la prochaine rentr\u00e9e scolaire.<\/p>\n<p style=\"text-align: justify;\">Face \u00e0 eux, le ministre a appel\u00e9 \u00e0 une mobilisation accrue. Pour Cl\u00e9ment Ad\u00e9y\u00e8mi Kouchad\u00e9, l\u2019am\u00e9lioration des r\u00e9sultats scolaires passe aussi par un regard plus attentif port\u00e9 sur les mati\u00e8res scientifiques. Il a notamment insist\u00e9 sur la n\u00e9cessit\u00e9 d\u2019encourager davantage les filles \u00e0 poursuivre leur parcours scolaire et \u00e0 s\u2019orienter vers les disciplines scientifiques.<\/p>\n<p>&nbsp;<\/p>\n<p style=\"text-align: justify;\"><strong>Les acteurs invit\u00e9s \u00e0 prendre leur part<\/strong><\/p>\n<p>&nbsp;<\/p>\n<p style=\"text-align: justify;\">Au-del\u00e0 des pr\u00e9occupations exprim\u00e9es, les \u00e9changes ont aussi \u00e9t\u00e9 l&rsquo;occasion de rappeler la responsabilit\u00e9 de chaque maillon de la cha\u00eene \u00e9ducative. Enseignants, encadreurs, responsables d&rsquo;\u00e9tablissements et parents d&rsquo;\u00e9l\u00e8ves sont appel\u00e9s \u00e0 renforcer leurs efforts pour obtenir de meilleurs rendements scolaires.<\/p>\n<p><img fetchpriority=\"high\" decoding=\"async\" class=\"alignnone size-medium wp-image-87479\" src=\"https:\/\/lepotentiel.bj\/wp-content\/uploads\/2026\/09\/IMG-20260905-WA0088-300x225.jpg\" alt=\"\" width=\"300\" height=\"225\" srcset=\"https:\/\/lepotentiel.bj\/wp-content\/uploads\/2026\/09\/IMG-20260905-WA0088-300x225.jpg 300w, https:\/\/lepotentiel.bj\/wp-content\/uploads\/2026\/09\/IMG-20260905-WA0088-1024x768.jpg 1024w, https:\/\/lepotentiel.bj\/wp-content\/uploads\/2026\/09\/IMG-20260905-WA0088-768x576.jpg 768w, https:\/\/lepotentiel.bj\/wp-content\/uploads\/2026\/09\/IMG-20260905-WA0088-750x563.jpg 750w, https:\/\/lepotentiel.bj\/wp-content\/uploads\/2026\/09\/IMG-20260905-WA0088.jpg 1080w\" sizes=\"(max-width: 300px) 100vw, 300px\" \/><\/p>\n<p style=\"text-align: justify;\">Le ministre a \u00e9galement rappel\u00e9 les diff\u00e9rentes r\u00e9formes engag\u00e9es par le gouvernement dans le secteur de l\u2019\u00e9ducation. Ces actions, a-t-il soulign\u00e9, visent notamment \u00e0 am\u00e9liorer les conditions d\u2019apprentissage des \u00e9l\u00e8ves et les conditions de travail des acteurs.<\/p>\n<p style=\"text-align: justify;\">Cl\u00e9ment Ad\u00e9y\u00e8mi Kouchad\u00e9 a pris l\u2019engagement, au nom du gouvernement, de rester attentif aux pr\u00e9occupations exprim\u00e9es par les acteurs \u00e0 la base. Une promesse qui prend un relief particulier \u00e0 l\u2019approche de la prochaine rentr\u00e9e scolaire, alors que les attentes restent fortes dans les \u00e9tablissements.<\/p>\n<p>&nbsp;<\/p>\n<p style=\"text-align: justify;\"><strong>A Grand-Popo, un coll\u00e8ge entre chantier et attentes<\/strong><\/p>\n<p>&nbsp;<\/p>\n<p style=\"text-align: justify;\">La tourn\u00e9e minist\u00e9rielle s\u2019est \u00e9galement poursuivie au Coll\u00e8ge d\u2019excellence de Grand-Popo. L\u2019\u00e9tablissement, encore en chantier, a lui aussi pr\u00e9sent\u00e9 son lot de pr\u00e9occupations et d\u2019attentes \u00e0 la d\u00e9l\u00e9gation.<\/p>\n<p style=\"text-align: justify;\">\u00c0 travers cette tourn\u00e9e, le ministre entend donc se rapprocher du terrain et recueillir directement les r\u00e9alit\u00e9s v\u00e9cues dans les \u00e9tablissements. Apr\u00e8s le Couffo et le Mono, la d\u00e9l\u00e9gation minist\u00e9rielle poursuivra sa tourn\u00e9e dans les autres d\u00e9partements du pays dans les prochains jours.<\/p>\n<p><img decoding=\"async\" class=\"alignnone size-medium wp-image-87480\" src=\"https:\/\/lepotentiel.bj\/wp-content\/uploads\/2026\/09\/IMG-20260905-WA0089-300x225.jpg\" alt=\"\" width=\"300\" height=\"225\" srcset=\"https:\/\/lepotentiel.bj\/wp-content\/uploads\/2026\/09\/IMG-20260905-WA0089-300x225.jpg 300w, https:\/\/lepotentiel.bj\/wp-content\/uploads\/2026\/09\/IMG-20260905-WA0089-1024x768.jpg 1024w, https:\/\/lepotentiel.bj\/wp-content\/uploads\/2026\/09\/IMG-20260905-WA0089-768x576.jpg 768w, https:\/\/lepotentiel.bj\/wp-content\/uploads\/2026\/09\/IMG-20260905-WA0089-750x563.jpg 750w, https:\/\/lepotentiel.bj\/wp-content\/uploads\/2026\/09\/IMG-20260905-WA0089.jpg 1080w\" sizes=\"(max-width: 300px) 100vw, 300px\" \/><\/p>\n<p style=\"text-align: justify;\">L\u2019objectif reste le m\u00eame, pr\u00e9parer la prochaine rentr\u00e9e avec une meilleure prise en compte des r\u00e9alit\u00e9s du terrain et placer l\u2019am\u00e9lioration des r\u00e9sultats scolaires au centre des efforts de tous les acteurs.<\/p>\n<p style=\"text-align: justify;\">Joseph Sossou<\/p>\n","protected":false},"excerpt":{"rendered":"<p>Les r\u00e9sultats scolaires \u00e9taient au c\u0153ur de la premi\u00e8re sortie de terrain du ministre de l\u2019Enseignement secondaire, Cl\u00e9ment Ad\u00e9y\u00e8mi Kouchad\u00e9. A l\u2019occasion des journ\u00e9es p\u00e9dagogiques nationales de r\u00e9flexion et de concertation, le ministre a rencontr\u00e9, jeudi 3 septembre 2026, les acteurs \u00e0 la base du syst\u00e8me \u00e9ducatif dans les d\u00e9partements du Couffo et du Mono. [&hellip;]<\/p>\n","protected":false},"author":5,"featured_media":87478,"comment_status":"open","ping_status":"open","sticky":false,"template":"","format":"standard","meta":{"footnotes":""},"categories":[34],"tags":[23052,12707,17573,4782,13742],"class_list":["post-87473","post","type-post","status-publish","format-standard","has-post-thumbnail","hentry","category-actualite","tag-clement-kouchade","tag-departement-du-mono","tag-echanges-2","tag-enseignants","tag-journees-pedagogiques"],"yoast_head":"<!-- This site is optimized with the Yoast SEO plugin v28.2 - https:\/\/yoast.com\/product\/yoast-seo-wordpress\/ -->\n<title>Journ\u00e9es p\u00e9dagogiques de l&#039;enseignement secondaire au B\u00e9nin : Dans les coll\u00e8ges, Cl\u00e9ment Kouchad\u00e9 entend les voix de ceux qui font l\u2019\u00e9cole - Le Potentiel<\/title>\n<meta name=\"robots\" content=\"index, follow, max-snippet:-1, max-image-preview:large, max-video-preview:-1\" \/>\n<link rel=\"canonical\" href=\"https:\/\/lepotentiel.bj\/?p=87473\" \/>\n<meta property=\"og:locale\" content=\"fr_FR\" \/>\n<meta property=\"og:type\" content=\"article\" \/>\n<meta property=\"og:title\" content=\"Journ\u00e9es p\u00e9dagogiques de l&#039;enseignement secondaire au B\u00e9nin : Dans les coll\u00e8ges, Cl\u00e9ment Kouchad\u00e9 entend les voix de ceux qui font l\u2019\u00e9cole - Le Potentiel\" \/>\n<meta property=\"og:description\" content=\"Les r\u00e9sultats scolaires \u00e9taient au c\u0153ur de la premi\u00e8re sortie de terrain du ministre de l\u2019Enseignement secondaire, Cl\u00e9ment Ad\u00e9y\u00e8mi Kouchad\u00e9. A l\u2019occasion des journ\u00e9es p\u00e9dagogiques nationales de r\u00e9flexion et de concertation, le ministre a rencontr\u00e9, jeudi 3 septembre 2026, les acteurs \u00e0 la base du syst\u00e8me \u00e9ducatif dans les d\u00e9partements du Couffo et du Mono. [&hellip;]\" \/>\n<meta property=\"og:url\" content=\"https:\/\/lepotentiel.bj\/?p=87473\" \/>\n<meta property=\"og:site_name\" content=\"Le Potentiel\" \/>\n<meta property=\"article:published_time\" content=\"2026-09-05T13:32:34+00:00\" \/>\n<meta property=\"article:modified_time\" content=\"2026-09-05T13:55:18+00:00\" \/>\n<meta property=\"og:image\" content=\"https:\/\/lepotentiel.bj\/wp-content\/uploads\/2026\/09\/IMG-20260905-WA0087.jpg\" \/>\n\t<meta property=\"og:image:width\" content=\"1080\" \/>\n\t<meta property=\"og:image:height\" content=\"810\" \/>\n\t<meta property=\"og:image:type\" content=\"image\/jpeg\" \/>\n<meta name=\"author\" content=\"Le Potentiel\" \/>\n<meta name=\"twitter:card\" content=\"summary_large_image\" \/>\n<meta name=\"twitter:label1\" content=\"\u00c9crit par\" \/>\n\t<meta name=\"twitter:data1\" content=\"Le Potentiel\" \/>\n\t<meta name=\"twitter:label2\" content=\"Dur\u00e9e de lecture estim\u00e9e\" \/>\n\t<meta name=\"twitter:data2\" content=\"3 minutes\" \/>\n<script type=\"application\/ld+json\" class=\"yoast-schema-graph\">{\"@context\":\"https:\\\/\\\/schema.org\",\"@graph\":[{\"@type\":\"Article\",\"@id\":\"https:\\\/\\\/lepotentiel.bj\\\/?p=87473#article\",\"isPartOf\":{\"@id\":\"https:\\\/\\\/lepotentiel.bj\\\/?p=87473\"},\"author\":{\"name\":\"Le Potentiel\",\"@id\":\"https:\\\/\\\/lepotentiel.bj\\\/#\\\/schema\\\/person\\\/cb15d8bafe79d5fa11fb582bc3b19933\"},\"headline\":\"Journ\u00e9es p\u00e9dagogiques de l&rsquo;enseignement secondaire au B\u00e9nin : Dans les coll\u00e8ges, Cl\u00e9ment Kouchad\u00e9 entend les voix de ceux qui font l\u2019\u00e9cole\",\"datePublished\":\"2026-09-05T13:32:34+00:00\",\"dateModified\":\"2026-09-05T13:55:18+00:00\",\"mainEntityOfPage\":{\"@id\":\"https:\\\/\\\/lepotentiel.bj\\\/?p=87473\"},\"wordCount\":505,\"commentCount\":0,\"publisher\":{\"@id\":\"https:\\\/\\\/lepotentiel.bj\\\/#organization\"},\"image\":{\"@id\":\"https:\\\/\\\/lepotentiel.bj\\\/?p=87473#primaryimage\"},\"thumbnailUrl\":\"https:\\\/\\\/lepotentiel.bj\\\/wp-content\\\/uploads\\\/2026\\\/09\\\/IMG-20260905-WA0087.jpg\",\"keywords\":[\"Cl\u00e9ment Kouchad\u00e9\",\"D\u00e9partement du Mono\",\"\u00c9changes\",\"Enseignants\",\"Journ\u00e9es p\u00e9dagogiques\"],\"articleSection\":[\"Actualit\u00e9\"],\"inLanguage\":\"fr-FR\",\"potentialAction\":[{\"@type\":\"CommentAction\",\"name\":\"Comment\",\"target\":[\"https:\\\/\\\/lepotentiel.bj\\\/?p=87473#respond\"]}]},{\"@type\":\"WebPage\",\"@id\":\"https:\\\/\\\/lepotentiel.bj\\\/?p=87473\",\"url\":\"https:\\\/\\\/lepotentiel.bj\\\/?p=87473\",\"name\":\"Journ\u00e9es p\u00e9dagogiques de l'enseignement secondaire au B\u00e9nin : Dans les coll\u00e8ges, Cl\u00e9ment Kouchad\u00e9 entend les voix de ceux qui font l\u2019\u00e9cole - Le Potentiel\",\"isPartOf\":{\"@id\":\"https:\\\/\\\/lepotentiel.bj\\\/#website\"},\"primaryImageOfPage\":{\"@id\":\"https:\\\/\\\/lepotentiel.bj\\\/?p=87473#primaryimage\"},\"image\":{\"@id\":\"https:\\\/\\\/lepotentiel.bj\\\/?p=87473#primaryimage\"},\"thumbnailUrl\":\"https:\\\/\\\/lepotentiel.bj\\\/wp-content\\\/uploads\\\/2026\\\/09\\\/IMG-20260905-WA0087.jpg\",\"datePublished\":\"2026-09-05T13:32:34+00:00\",\"dateModified\":\"2026-09-05T13:55:18+00:00\",\"breadcrumb\":{\"@id\":\"https:\\\/\\\/lepotentiel.bj\\\/?p=87473#breadcrumb\"},\"inLanguage\":\"fr-FR\",\"potentialAction\":[{\"@type\":\"ReadAction\",\"target\":[\"https:\\\/\\\/lepotentiel.bj\\\/?p=87473\"]}]},{\"@type\":\"ImageObject\",\"inLanguage\":\"fr-FR\",\"@id\":\"https:\\\/\\\/lepotentiel.bj\\\/?p=87473#primaryimage\",\"url\":\"https:\\\/\\\/lepotentiel.bj\\\/wp-content\\\/uploads\\\/2026\\\/09\\\/IMG-20260905-WA0087.jpg\",\"contentUrl\":\"https:\\\/\\\/lepotentiel.bj\\\/wp-content\\\/uploads\\\/2026\\\/09\\\/IMG-20260905-WA0087.jpg\",\"width\":1080,\"height\":810},{\"@type\":\"BreadcrumbList\",\"@id\":\"https:\\\/\\\/lepotentiel.bj\\\/?p=87473#breadcrumb\",\"itemListElement\":[{\"@type\":\"ListItem\",\"position\":1,\"name\":\"Accueil\",\"item\":\"https:\\\/\\\/lepotentiel.bj\\\/\"},{\"@type\":\"ListItem\",\"position\":2,\"name\":\"Journ\u00e9es p\u00e9dagogiques de l&rsquo;enseignement secondaire au B\u00e9nin : Dans les coll\u00e8ges, Cl\u00e9ment Kouchad\u00e9 entend les voix de ceux qui font l\u2019\u00e9cole\"}]},{\"@type\":\"WebSite\",\"@id\":\"https:\\\/\\\/lepotentiel.bj\\\/#website\",\"url\":\"https:\\\/\\\/lepotentiel.bj\\\/\",\"name\":\"Le Potentiel\",\"description\":\"Le Potentiel, au service de l\u2019information, nous sommes les fantassins du droit de savoir\",\"publisher\":{\"@id\":\"https:\\\/\\\/lepotentiel.bj\\\/#organization\"},\"potentialAction\":[{\"@type\":\"SearchAction\",\"target\":{\"@type\":\"EntryPoint\",\"urlTemplate\":\"https:\\\/\\\/lepotentiel.bj\\\/?s={search_term_string}\"},\"query-input\":{\"@type\":\"PropertyValueSpecification\",\"valueRequired\":true,\"valueName\":\"search_term_string\"}}],\"inLanguage\":\"fr-FR\"},{\"@type\":\"Organization\",\"@id\":\"https:\\\/\\\/lepotentiel.bj\\\/#organization\",\"name\":\"Le Potentiel\",\"url\":\"https:\\\/\\\/lepotentiel.bj\\\/\",\"logo\":{\"@type\":\"ImageObject\",\"inLanguage\":\"fr-FR\",\"@id\":\"https:\\\/\\\/lepotentiel.bj\\\/#\\\/schema\\\/logo\\\/image\\\/\",\"url\":\"https:\\\/\\\/lepotentiel.bj\\\/wp-content\\\/uploads\\\/2023\\\/12\\\/logo-pot.jpg\",\"contentUrl\":\"https:\\\/\\\/lepotentiel.bj\\\/wp-content\\\/uploads\\\/2023\\\/12\\\/logo-pot.jpg\",\"width\":562,\"height\":84,\"caption\":\"Le Potentiel\"},\"image\":{\"@id\":\"https:\\\/\\\/lepotentiel.bj\\\/#\\\/schema\\\/logo\\\/image\\\/\"}},{\"@type\":\"Person\",\"@id\":\"https:\\\/\\\/lepotentiel.bj\\\/#\\\/schema\\\/person\\\/cb15d8bafe79d5fa11fb582bc3b19933\",\"name\":\"Le Potentiel\",\"image\":{\"@type\":\"ImageObject\",\"inLanguage\":\"fr-FR\",\"@id\":\"https:\\\/\\\/secure.gravatar.com\\\/avatar\\\/e995068ee8869823619e38dfe44b1eea0056624289dbcce435f70fef3411808d?s=96&d=mm&r=g\",\"url\":\"https:\\\/\\\/secure.gravatar.com\\\/avatar\\\/e995068ee8869823619e38dfe44b1eea0056624289dbcce435f70fef3411808d?s=96&d=mm&r=g\",\"contentUrl\":\"https:\\\/\\\/secure.gravatar.com\\\/avatar\\\/e995068ee8869823619e38dfe44b1eea0056624289dbcce435f70fef3411808d?s=96&d=mm&r=g\",\"caption\":\"Le Potentiel\"},\"url\":\"https:\\\/\\\/lepotentiel.bj\\\/?author=5\"}]}<\/script>\n<!-- \/ Yoast SEO plugin. -->","yoast_head_json":{"title":"Journ\u00e9es p\u00e9dagogiques de l'enseignement secondaire au B\u00e9nin : Dans les coll\u00e8ges, Cl\u00e9ment Kouchad\u00e9 entend les voix de ceux qui font l\u2019\u00e9cole - Le Potentiel","robots":{"index":"index","follow":"follow","max-snippet":"max-snippet:-1","max-image-preview":"max-image-preview:large","max-video-preview":"max-video-preview:-1"},"canonical":"https:\/\/lepotentiel.bj\/?p=87473","og_locale":"fr_FR","og_type":"article","og_title":"Journ\u00e9es p\u00e9dagogiques de l'enseignement secondaire au B\u00e9nin : Dans les coll\u00e8ges, Cl\u00e9ment Kouchad\u00e9 entend les voix de ceux qui font l\u2019\u00e9cole - Le Potentiel","og_description":"Les r\u00e9sultats scolaires \u00e9taient au c\u0153ur de la premi\u00e8re sortie de terrain du ministre de l\u2019Enseignement secondaire, Cl\u00e9ment Ad\u00e9y\u00e8mi Kouchad\u00e9. A l\u2019occasion des journ\u00e9es p\u00e9dagogiques nationales de r\u00e9flexion et de concertation, le ministre a rencontr\u00e9, jeudi 3 septembre 2026, les acteurs \u00e0 la base du syst\u00e8me \u00e9ducatif dans les d\u00e9partements du Couffo et du Mono. [&hellip;]","og_url":"https:\/\/lepotentiel.bj\/?p=87473","og_site_name":"Le Potentiel","article_published_time":"2026-09-05T13:32:34+00:00","article_modified_time":"2026-09-05T13:55:18+00:00","og_image":[{"width":1080,"height":810,"url":"https:\/\/lepotentiel.bj\/wp-content\/uploads\/2026\/09\/IMG-20260905-WA0087.jpg","type":"image\/jpeg"}],"author":"Le Potentiel","twitter_card":"summary_large_image","twitter_misc":{"\u00c9crit par":"Le Potentiel","Dur\u00e9e de lecture estim\u00e9e":"3 minutes"},"schema":{"@context":"https:\/\/schema.org","@graph":[{"@type":"Article","@id":"https:\/\/lepotentiel.bj\/?p=87473#article","isPartOf":{"@id":"https:\/\/lepotentiel.bj\/?p=87473"},"author":{"name":"Le Potentiel","@id":"https:\/\/lepotentiel.bj\/#\/schema\/person\/cb15d8bafe79d5fa11fb582bc3b19933"},"headline":"Journ\u00e9es p\u00e9dagogiques de l&rsquo;enseignement secondaire au B\u00e9nin : Dans les coll\u00e8ges, Cl\u00e9ment Kouchad\u00e9 entend les voix de ceux qui font l\u2019\u00e9cole","datePublished":"2026-09-05T13:32:34+00:00","dateModified":"2026-09-05T13:55:18+00:00","mainEntityOfPage":{"@id":"https:\/\/lepotentiel.bj\/?p=87473"},"wordCount":505,"commentCount":0,"publisher":{"@id":"https:\/\/lepotentiel.bj\/#organization"},"image":{"@id":"https:\/\/lepotentiel.bj\/?p=87473#primaryimage"},"thumbnailUrl":"https:\/\/lepotentiel.bj\/wp-content\/uploads\/2026\/09\/IMG-20260905-WA0087.jpg","keywords":["Cl\u00e9ment Kouchad\u00e9","D\u00e9partement du Mono","\u00c9changes","Enseignants","Journ\u00e9es p\u00e9dagogiques"],"articleSection":["Actualit\u00e9"],"inLanguage":"fr-FR","potentialAction":[{"@type":"CommentAction","name":"Comment","target":["https:\/\/lepotentiel.bj\/?p=87473#respond"]}]},{"@type":"WebPage","@id":"https:\/\/lepotentiel.bj\/?p=87473","url":"https:\/\/lepotentiel.bj\/?p=87473","name":"Journ\u00e9es p\u00e9dagogiques de l'enseignement secondaire au B\u00e9nin : Dans les coll\u00e8ges, Cl\u00e9ment Kouchad\u00e9 entend les voix de ceux qui font l\u2019\u00e9cole - Le Potentiel","isPartOf":{"@id":"https:\/\/lepotentiel.bj\/#website"},"primaryImageOfPage":{"@id":"https:\/\/lepotentiel.bj\/?p=87473#primaryimage"},"image":{"@id":"https:\/\/lepotentiel.bj\/?p=87473#primaryimage"},"thumbnailUrl":"https:\/\/lepotentiel.bj\/wp-content\/uploads\/2026\/09\/IMG-20260905-WA0087.jpg","datePublished":"2026-09-05T13:32:34+00:00","dateModified":"2026-09-05T13:55:18+00:00","breadcrumb":{"@id":"https:\/\/lepotentiel.bj\/?p=87473#breadcrumb"},"inLanguage":"fr-FR","potentialAction":[{"@type":"ReadAction","target":["https:\/\/lepotentiel.bj\/?p=87473"]}]},{"@type":"ImageObject","inLanguage":"fr-FR","@id":"https:\/\/lepotentiel.bj\/?p=87473#primaryimage","url":"https:\/\/lepotentiel.bj\/wp-content\/uploads\/2026\/09\/IMG-20260905-WA0087.jpg","contentUrl":"https:\/\/lepotentiel.bj\/wp-content\/uploads\/2026\/09\/IMG-20260905-WA0087.jpg","width":1080,"height":810},{"@type":"BreadcrumbList","@id":"https:\/\/lepotentiel.bj\/?p=87473#breadcrumb","itemListElement":[{"@type":"ListItem","position":1,"name":"Accueil","item":"https:\/\/lepotentiel.bj\/"},{"@type":"ListItem","position":2,"name":"Journ\u00e9es p\u00e9dagogiques de l&rsquo;enseignement secondaire au B\u00e9nin : Dans les coll\u00e8ges, Cl\u00e9ment Kouchad\u00e9 entend les voix de ceux qui font l\u2019\u00e9cole"}]},{"@type":"WebSite","@id":"https:\/\/lepotentiel.bj\/#website","url":"https:\/\/lepotentiel.bj\/","name":"Le Potentiel","description":"Le Potentiel, au service de l\u2019information, nous sommes les fantassins du droit de savoir","publisher":{"@id":"https:\/\/lepotentiel.bj\/#organization"},"potentialAction":[{"@type":"SearchAction","target":{"@type":"EntryPoint","urlTemplate":"https:\/\/lepotentiel.bj\/?s={search_term_string}"},"query-input":{"@type":"PropertyValueSpecification","valueRequired":true,"valueName":"search_term_string"}}],"inLanguage":"fr-FR"},{"@type":"Organization","@id":"https:\/\/lepotentiel.bj\/#organization","name":"Le Potentiel","url":"https:\/\/lepotentiel.bj\/","logo":{"@type":"ImageObject","inLanguage":"fr-FR","@id":"https:\/\/lepotentiel.bj\/#\/schema\/logo\/image\/","url":"https:\/\/lepotentiel.bj\/wp-content\/uploads\/2023\/12\/logo-pot.jpg","contentUrl":"https:\/\/lepotentiel.bj\/wp-content\/uploads\/2023\/12\/logo-pot.jpg","width":562,"height":84,"caption":"Le Potentiel"},"image":{"@id":"https:\/\/lepotentiel.bj\/#\/schema\/logo\/image\/"}},{"@type":"Person","@id":"https:\/\/lepotentiel.bj\/#\/schema\/person\/cb15d8bafe79d5fa11fb582bc3b19933","name":"Le Potentiel","image":{"@type":"ImageObject","inLanguage":"fr-FR","@id":"https:\/\/secure.gravatar.com\/avatar\/e995068ee8869823619e38dfe44b1eea0056624289dbcce435f70fef3411808d?s=96&d=mm&r=g","url":"https:\/\/secure.gravatar.com\/avatar\/e995068ee8869823619e38dfe44b1eea0056624289dbcce435f70fef3411808d?s=96&d=mm&r=g","contentUrl":"https:\/\/secure.gravatar.com\/avatar\/e995068ee8869823619e38dfe44b1eea0056624289dbcce435f70fef3411808d?s=96&d=mm&r=g","caption":"Le Potentiel"},"url":"https:\/\/lepotentiel.bj\/?author=5"}]}},"_links":{"self":[{"href":"https:\/\/lepotentiel.bj\/index.php?rest_route=\/wp\/v2\/posts\/87473","targetHints":{"allow":["GET"]}}],"collection":[{"href":"https:\/\/lepotentiel.bj\/index.php?rest_route=\/wp\/v2\/posts"}],"about":[{"href":"https:\/\/lepotentiel.bj\/index.php?rest_route=\/wp\/v2\/types\/post"}],"author":[{"embeddable":true,"href":"https:\/\/lepotentiel.bj\/index.php?rest_route=\/wp\/v2\/users\/5"}],"replies":[{"embeddable":true,"href":"https:\/\/lepotentiel.bj\/index.php?rest_route=%2Fwp%2Fv2%2Fcomments&post=87473"}],"version-history":[{"count":4,"href":"https:\/\/lepotentiel.bj\/index.php?rest_route=\/wp\/v2\/posts\/87473\/revisions"}],"predecessor-version":[{"id":87481,"href":"https:\/\/lepotentiel.bj\/index.php?rest_route=\/wp\/v2\/posts\/87473\/revisions\/87481"}],"wp:featuredmedia":[{"embeddable":true,"href":"https:\/\/lepotentiel.bj\/index.php?rest_route=\/wp\/v2\/media\/87478"}],"wp:attachment":[{"href":"https:\/\/lepotentiel.bj\/index.php?rest_route=%2Fwp%2Fv2%2Fmedia&parent=87473"}],"wp:term":[{"taxonomy":"category","embeddable":true,"href":"https:\/\/lepotentiel.bj\/index.php?rest_route=%2Fwp%2Fv2%2Fcategories&post=87473"},{"taxonomy":"post_tag","embeddable":true,"href":"https:\/\/lepotentiel.bj\/index.php?rest_route=%2Fwp%2Fv2%2Ftags&post=87473"}],"curies":[{"name":"wp","href":"https:\/\/api.w.org\/{rel}","templated":true}]}}