{"id":87482,"date":"2026-09-05T19:08:36","date_gmt":"2026-09-05T17:08:36","guid":{"rendered":"https:\/\/lepotentiel.bj\/?p=87482"},"modified":"2026-09-05T19:08:36","modified_gmt":"2026-09-05T17:08:36","slug":"5e-edition-de-remise-de-kits-scolaires-aux-meilleurs-apprenants-au-cep-et-au-bepc-2026-dans-le-couffo-long-nonvinou-recompense-lelite-academique-et-reaffirme-son-ancrage-communautaire","status":"publish","type":"post","link":"https:\/\/lepotentiel.bj\/?p=87482","title":{"rendered":"5\u00e8 \u00e9dition de remise de kits scolaires aux meilleurs apprenants au Cep et au BEPC 2026 dans le Couffo: L&rsquo;Ong Nonvinou r\u00e9compense l&rsquo;\u00e9lite acad\u00e9mique et r\u00e9affirme son ancrage communautaire"},"content":{"rendered":"<p style=\"text-align: justify;\">L&rsquo;Ong Nonvinou a organis\u00e9, ce samedi 5 septembre 2026, la 5e \u00e9dition de sa c\u00e9r\u00e9monie de remise de kits scolaires aux meilleurs \u00e9l\u00e8ves du CEP et du BEPC et aux anciens laur\u00e9ats du d\u00e9partement du Couffo, en pr\u00e9sence des autorit\u00e9s locales et de nombreux parents. Une \u00e9dition marqu\u00e9e par des t\u00e9moignages poignants et un appel renouvel\u00e9 \u00e0 la pers\u00e9v\u00e9rance, \u00e0 l&rsquo;excellence et \u00e0 l&rsquo;adoption des gestes \u00e9cologiques.<\/p>\n<p style=\"text-align: justify;\">Depuis cinq ans, l&rsquo;Ong Nonvinou, sous la houlette de sa pr\u00e9sidente, Mathilde Sodokin Bogninou, perp\u00e9tue une tradition devenue incontournable dans le paysage \u00e9ducatif du Couffo. L&rsquo;objectif : c\u00e9l\u00e9brer l&rsquo;excellence scolaire, encourager la pers\u00e9v\u00e9rance et, surtout, maintenir les filles et les gar\u00e7ons sur les bancs de l&rsquo;\u00e9cole. Une centaine de laur\u00e9ats du CEP et du BEPC 2026 et de b\u00e9n\u00e9ficiaires issus des diff\u00e9rentes communes du d\u00e9partement ont re\u00e7u des kits scolaires complets, symboles d&rsquo;un soutien concret \u00e0 leur parcours \u00e9ducatif. Mais au-del\u00e0 du geste mat\u00e9riel, c&rsquo;est un message d&rsquo;espoir et de responsabilit\u00e9 qui a \u00e9t\u00e9 martel\u00e9 tout au long de la c\u00e9r\u00e9monie. L&rsquo;\u00e9v\u00e9nement \u00e9tait \u00e9galement coupl\u00e9 \u00e0 une sensibilisation sur les m\u00e9faits des sachets plastiques, men\u00e9e par l&rsquo;Ong ASFAP.<\/p>\n<p style=\"text-align: justify;\">Dans son allocution d&rsquo;ouverture, empreinte d&rsquo;une profonde \u00e9motion, la pr\u00e9sidente Mathilde Sodokin Bogninou a tenu \u00e0 rappeler la philosophie de son organisation. \u00ab L&rsquo;Ong Nonvinou a fait le choix d&rsquo;investir dans l&rsquo;\u00e9ducation parce que nous sommes convaincus qu&rsquo;un enfant bien form\u00e9 est une future famille qui avance, une communaut\u00e9 qui progresse et une nation qui se construit \u00bb, a-t-elle d\u00e9clar\u00e9, sous les applaudissements nourris de l&rsquo;assistance.<\/p>\n<p style=\"text-align: justify;\">Elle a tenu \u00e0 mettre en garde les nouveaux r\u00e9cipiendaires contre un exc\u00e8s de confiance. \u00ab \u00catre meilleur aujourd&rsquo;hui ne signifie pas que le combat est termin\u00e9. Le CEP n&rsquo;est qu&rsquo;une \u00e9tape, le BEPC n&rsquo;est qu&rsquo;une \u00e9tape, le bac sera \u00e9galement une \u00e9tape \u00bb, a soulign\u00e9 la pr\u00e9sidente, insistant sur la n\u00e9cessit\u00e9 de la discipline et de la d\u00e9termination. \u00ab Le v\u00e9ritable d\u00e9fi est de conserver cette soif d&rsquo;apprendre jusqu&rsquo;au bout \u00bb, a-t-elle ajout\u00e9.<\/p>\n<p style=\"text-align: justify;\">Un vibrant hommage a \u00e9t\u00e9 rendu aux \u00ab anciens laur\u00e9ats \u00bb, ces jeunes qui, depuis plusieurs ann\u00e9es, b\u00e9n\u00e9ficient du programme de l&rsquo;Ong et qui ont maintenu la flamme de l&rsquo;excellence de la 6e en Tle. \u00ab Vous \u00eates la preuve vivante que l&rsquo;excellence n&rsquo;est pas un \u00e9v\u00e9nement ponctuel, c&rsquo;est une habitude \u00bb, a salu\u00e9 Mathilde Sodokin Bogninou, les invitant \u00e0 devenir des mod\u00e8les pour les plus jeunes. La c\u00e9r\u00e9monie a d&rsquo;ailleurs \u00e9t\u00e9 rythm\u00e9e par l&rsquo;intervention de Cl\u00e9mence H\u00e8l\u00e8gb\u00e9, une b\u00e9n\u00e9ficiaire historique, dont le t\u00e9moignage a \u00e9mu l&rsquo;assistance.<\/p>\n<p style=\"text-align: justify;\">\n<strong>Cl\u00e9mence, le t\u00e9moignage d&rsquo;une r\u00e9silience<\/strong><\/p>\n<p style=\"text-align: justify;\">\n<p style=\"text-align: justify;\">Titulaire du Baccalaur\u00e9at 2026, s\u00e9rie C, Cl\u00e9mence H\u00e8l\u00e8gb\u00e9, originaire de la commune de Lalo, a pris la parole pour raconter son parcours sem\u00e9 d&#8217;emb\u00fbches. \u00ab Mon histoire avec l&rsquo;Ong Nonvinou a commenc\u00e9 quand j&rsquo;ai eu mon BEPC en 2021. J&rsquo;ai connu des moments difficiles, notamment deux \u00e9checs au baccalaur\u00e9at. J&rsquo;ai dout\u00e9, j&rsquo;ai parfois pens\u00e9 \u00e0 abandonner, mais l&rsquo;Ong Nonvinou a continu\u00e9 \u00e0 croire en moi et \u00e0 m&rsquo;encourager \u00bb, a-t-elle confi\u00e9, la voix \u00e9trangl\u00e9e par l&rsquo;\u00e9motion.<\/p>\n<p style=\"text-align: justify;\">Elle a particuli\u00e8rement salu\u00e9 le r\u00f4le de la pr\u00e9sidente, devenue, selon elle, un v\u00e9ritable \u00ab coach \u00bb. \u00ab Ce qui m&rsquo;a le plus marqu\u00e9e, c&rsquo;est le c\u0153ur de la pr\u00e9sidente. Elle me conseillait, elle m&rsquo;encourageait. Je me suis relev\u00e9e, j&rsquo;ai pers\u00e9v\u00e9r\u00e9 et aujourd&rsquo;hui, par la gr\u00e2ce de Dieu, j&rsquo;ai eu mon Bac C. \u00bb Un message d&rsquo;espoir adress\u00e9 \u00e0 tous les jeunes : \u00ab Un \u00e9chec n&rsquo;est pas une fin. Relevez-vous, travaillez, croyez en vos r\u00eaves. \u00bb Son histoire illustre parfaitement la mission de l&rsquo;Ong, qui ne se limite pas \u00e0 un simple don, mais \u00e0 un v\u00e9ritable accompagnement sur le long terme.<\/p>\n<p style=\"text-align: justify;\">\n<strong>Un engagement salu\u00e9 par les autorit\u00e9s locales<\/strong><\/p>\n<p style=\"text-align: justify;\">\nLa port\u00e9e de cette initiative citoyenne n&rsquo;a pas \u00e9chapp\u00e9 aux autorit\u00e9s locales. Bassirou Farougou, repr\u00e9sentant du pr\u00e9fet du Couffo, a r\u00e9affirm\u00e9 le soutien ind\u00e9fectible de la pr\u00e9fecture aux actions \u00e9ducatives. \u00ab La pr\u00e9fecture r\u00e9affirme son soutien continu aux initiatives citoyennes et \u00e9ducatives aux c\u00f4t\u00e9s de l&rsquo;Ong Nonvinou pour b\u00e2tir un environnement sain, durable et propice \u00e0 la r\u00e9ussite des enfants du Couffo \u00bb, a-t-il d\u00e9clar\u00e9.<\/p>\n<p><img fetchpriority=\"high\" decoding=\"async\" class=\"alignnone size-medium wp-image-87484\" src=\"https:\/\/lepotentiel.bj\/wp-content\/uploads\/2026\/09\/IMG-20260905-WA0104-300x168.jpg\" alt=\"\" width=\"300\" height=\"168\" srcset=\"https:\/\/lepotentiel.bj\/wp-content\/uploads\/2026\/09\/IMG-20260905-WA0104-300x168.jpg 300w, https:\/\/lepotentiel.bj\/wp-content\/uploads\/2026\/09\/IMG-20260905-WA0104-1024x574.jpg 1024w, https:\/\/lepotentiel.bj\/wp-content\/uploads\/2026\/09\/IMG-20260905-WA0104-768x430.jpg 768w, https:\/\/lepotentiel.bj\/wp-content\/uploads\/2026\/09\/IMG-20260905-WA0104-750x420.jpg 750w, https:\/\/lepotentiel.bj\/wp-content\/uploads\/2026\/09\/IMG-20260905-WA0104-1140x639.jpg 1140w, https:\/\/lepotentiel.bj\/wp-content\/uploads\/2026\/09\/IMG-20260905-WA0104.jpg 1280w\" sizes=\"(max-width: 300px) 100vw, 300px\" \/><\/p>\n<p style=\"text-align: justify;\">Aussi, le chef du cabinet du maire de Lalo a-t-il salu\u00e9 le travail de l&rsquo;Ong Nonvinou et encourag\u00e9 les parents \u00e0 maintenir leurs efforts. \u00ab Comprenez que la c\u00e9r\u00e9monie de ce jour n&rsquo;est pas un simple geste de don, mais un d\u00e9fi que la Pr\u00e9sidente vous lance. Un d\u00e9fi qui vous appelle \u00e0 l&rsquo;ardeur, \u00e0 l&rsquo;excellence \u00bb, a-t-il lanc\u00e9 aux jeunes laur\u00e9ats.<\/p>\n<p style=\"text-align: justify;\">Raymond Fantohou, chef de l&rsquo;arrondissement de Banigb\u00e9, a, quant \u00e0 lui, reconnu \u00ab une initiative qui promeut la saine \u00e9mulation dans la commune de Lalo et du Couffo tout entier \u00bb, invitant les parents \u00e0 accompagner leurs enfants \u00ab pour une meilleure rel\u00e8ve \u00bb.<\/p>\n<p style=\"text-align: justify;\">\n<strong>Sensibilisation environnementale et perspectives<\/strong><\/p>\n<p style=\"text-align: justify;\">\nLa pr\u00e9sidente de l&rsquo;Ong ASFAP, Christelle Agossou, a saisi cette tribune pour sensibiliser l&rsquo;assembl\u00e9e, compos\u00e9e de nombreux jeunes, sur les dangers de l&rsquo;usage des sachets plastiques. Un appel \u00e0 la responsabilit\u00e9 collective dans un contexte de d\u00e9fis environnementaux croissants.<\/p>\n<p style=\"text-align: justify;\">Avec cette 5e \u00e9dition, l&rsquo;Ong Nonvinou ancre un peu plus son action dans la dur\u00e9e, prouvant que la pers\u00e9v\u00e9rance et l&rsquo;investissement communautaire sont les cl\u00e9s d&rsquo;un avenir meilleur pour les enfants du Couffo. Un single, con\u00e7u en guise d&rsquo;hommage, a d&rsquo;ailleurs \u00e9t\u00e9 interpr\u00e9t\u00e9 pour cl\u00f4turer la c\u00e9r\u00e9monie sur une note festive et inspirante.<\/p>\n<p style=\"text-align: justify;\">\nAristide Agbonagban<\/p>\n","protected":false},"excerpt":{"rendered":"<p>L&rsquo;Ong Nonvinou a organis\u00e9, ce samedi 5 septembre 2026, la 5e \u00e9dition de sa c\u00e9r\u00e9monie de remise de kits scolaires aux meilleurs \u00e9l\u00e8ves du CEP et du BEPC et aux anciens laur\u00e9ats du d\u00e9partement du Couffo, en pr\u00e9sence des autorit\u00e9s locales et de nombreux parents. Une \u00e9dition marqu\u00e9e par des t\u00e9moignages poignants et un appel [&hellip;]<\/p>\n","protected":false},"author":7,"featured_media":87483,"comment_status":"open","ping_status":"open","sticky":false,"template":"","format":"standard","meta":{"footnotes":""},"categories":[34],"tags":[910,7690,18692,23053,23054],"class_list":["post-87482","post","type-post","status-publish","format-standard","has-post-thumbnail","hentry","category-actualite","tag-couffo","tag-mathilde-sodokin","tag-meilleurs","tag-ong-nonvinou","tag-remise-kits-scolaires"],"yoast_head":"<!-- This site is optimized with the Yoast SEO plugin v28.2 - https:\/\/yoast.com\/product\/yoast-seo-wordpress\/ -->\n<title>5\u00e8 \u00e9dition de remise de kits scolaires aux meilleurs apprenants au Cep et au BEPC 2026 dans le Couffo: L&#039;Ong Nonvinou r\u00e9compense l&#039;\u00e9lite acad\u00e9mique et r\u00e9affirme son ancrage communautaire - Le Potentiel<\/title>\n<meta name=\"robots\" content=\"index, follow, max-snippet:-1, max-image-preview:large, max-video-preview:-1\" \/>\n<link rel=\"canonical\" href=\"https:\/\/lepotentiel.bj\/?p=87482\" \/>\n<meta property=\"og:locale\" content=\"fr_FR\" \/>\n<meta property=\"og:type\" content=\"article\" \/>\n<meta property=\"og:title\" content=\"5\u00e8 \u00e9dition de remise de kits scolaires aux meilleurs apprenants au Cep et au BEPC 2026 dans le Couffo: L&#039;Ong Nonvinou r\u00e9compense l&#039;\u00e9lite acad\u00e9mique et r\u00e9affirme son ancrage communautaire - Le Potentiel\" \/>\n<meta property=\"og:description\" content=\"L&rsquo;Ong Nonvinou a organis\u00e9, ce samedi 5 septembre 2026, la 5e \u00e9dition de sa c\u00e9r\u00e9monie de remise de kits scolaires aux meilleurs \u00e9l\u00e8ves du CEP et du BEPC et aux anciens laur\u00e9ats du d\u00e9partement du Couffo, en pr\u00e9sence des autorit\u00e9s locales et de nombreux parents. Une \u00e9dition marqu\u00e9e par des t\u00e9moignages poignants et un appel [&hellip;]\" \/>\n<meta property=\"og:url\" content=\"https:\/\/lepotentiel.bj\/?p=87482\" \/>\n<meta property=\"og:site_name\" content=\"Le Potentiel\" \/>\n<meta property=\"article:published_time\" content=\"2026-09-05T17:08:36+00:00\" \/>\n<meta property=\"og:image\" content=\"https:\/\/lepotentiel.bj\/wp-content\/uploads\/2026\/09\/IMG-20260905-WA0102.jpg\" \/>\n\t<meta property=\"og:image:width\" content=\"1280\" \/>\n\t<meta property=\"og:image:height\" content=\"459\" \/>\n\t<meta property=\"og:image:type\" content=\"image\/jpeg\" \/>\n<meta name=\"author\" content=\"Louis\" \/>\n<meta name=\"twitter:card\" content=\"summary_large_image\" \/>\n<meta name=\"twitter:label1\" content=\"\u00c9crit par\" \/>\n\t<meta name=\"twitter:data1\" content=\"Louis\" \/>\n\t<meta name=\"twitter:label2\" content=\"Dur\u00e9e de lecture estim\u00e9e\" \/>\n\t<meta name=\"twitter:data2\" content=\"5 minutes\" \/>\n<script type=\"application\/ld+json\" class=\"yoast-schema-graph\">{\"@context\":\"https:\\\/\\\/schema.org\",\"@graph\":[{\"@type\":\"Article\",\"@id\":\"https:\\\/\\\/lepotentiel.bj\\\/?p=87482#article\",\"isPartOf\":{\"@id\":\"https:\\\/\\\/lepotentiel.bj\\\/?p=87482\"},\"author\":{\"name\":\"Louis\",\"@id\":\"https:\\\/\\\/lepotentiel.bj\\\/#\\\/schema\\\/person\\\/fdda957c384e805f0fc0d27336e2043e\"},\"headline\":\"5\u00e8 \u00e9dition de remise de kits scolaires aux meilleurs apprenants au Cep et au BEPC 2026 dans le Couffo: L&rsquo;Ong Nonvinou r\u00e9compense l&rsquo;\u00e9lite acad\u00e9mique et r\u00e9affirme son ancrage communautaire\",\"datePublished\":\"2026-09-05T17:08:36+00:00\",\"mainEntityOfPage\":{\"@id\":\"https:\\\/\\\/lepotentiel.bj\\\/?p=87482\"},\"wordCount\":966,\"commentCount\":0,\"publisher\":{\"@id\":\"https:\\\/\\\/lepotentiel.bj\\\/#organization\"},\"image\":{\"@id\":\"https:\\\/\\\/lepotentiel.bj\\\/?p=87482#primaryimage\"},\"thumbnailUrl\":\"https:\\\/\\\/lepotentiel.bj\\\/wp-content\\\/uploads\\\/2026\\\/09\\\/IMG-20260905-WA0102.jpg\",\"keywords\":[\"Couffo\",\"Mathilde Sodokin\",\"Meilleurs\",\"ONG Nonvinou\",\"remise kits scolaires\"],\"articleSection\":[\"Actualit\u00e9\"],\"inLanguage\":\"fr-FR\",\"potentialAction\":[{\"@type\":\"CommentAction\",\"name\":\"Comment\",\"target\":[\"https:\\\/\\\/lepotentiel.bj\\\/?p=87482#respond\"]}]},{\"@type\":\"WebPage\",\"@id\":\"https:\\\/\\\/lepotentiel.bj\\\/?p=87482\",\"url\":\"https:\\\/\\\/lepotentiel.bj\\\/?p=87482\",\"name\":\"5\u00e8 \u00e9dition de remise de kits scolaires aux meilleurs apprenants au Cep et au BEPC 2026 dans le Couffo: L'Ong Nonvinou r\u00e9compense l'\u00e9lite acad\u00e9mique et r\u00e9affirme son ancrage communautaire - Le Potentiel\",\"isPartOf\":{\"@id\":\"https:\\\/\\\/lepotentiel.bj\\\/#website\"},\"primaryImageOfPage\":{\"@id\":\"https:\\\/\\\/lepotentiel.bj\\\/?p=87482#primaryimage\"},\"image\":{\"@id\":\"https:\\\/\\\/lepotentiel.bj\\\/?p=87482#primaryimage\"},\"thumbnailUrl\":\"https:\\\/\\\/lepotentiel.bj\\\/wp-content\\\/uploads\\\/2026\\\/09\\\/IMG-20260905-WA0102.jpg\",\"datePublished\":\"2026-09-05T17:08:36+00:00\",\"breadcrumb\":{\"@id\":\"https:\\\/\\\/lepotentiel.bj\\\/?p=87482#breadcrumb\"},\"inLanguage\":\"fr-FR\",\"potentialAction\":[{\"@type\":\"ReadAction\",\"target\":[\"https:\\\/\\\/lepotentiel.bj\\\/?p=87482\"]}]},{\"@type\":\"ImageObject\",\"inLanguage\":\"fr-FR\",\"@id\":\"https:\\\/\\\/lepotentiel.bj\\\/?p=87482#primaryimage\",\"url\":\"https:\\\/\\\/lepotentiel.bj\\\/wp-content\\\/uploads\\\/2026\\\/09\\\/IMG-20260905-WA0102.jpg\",\"contentUrl\":\"https:\\\/\\\/lepotentiel.bj\\\/wp-content\\\/uploads\\\/2026\\\/09\\\/IMG-20260905-WA0102.jpg\",\"width\":1280,\"height\":459},{\"@type\":\"BreadcrumbList\",\"@id\":\"https:\\\/\\\/lepotentiel.bj\\\/?p=87482#breadcrumb\",\"itemListElement\":[{\"@type\":\"ListItem\",\"position\":1,\"name\":\"Accueil\",\"item\":\"https:\\\/\\\/lepotentiel.bj\\\/\"},{\"@type\":\"ListItem\",\"position\":2,\"name\":\"5\u00e8 \u00e9dition de remise de kits scolaires aux meilleurs apprenants au Cep et au BEPC 2026 dans le Couffo: L&rsquo;Ong Nonvinou r\u00e9compense l&rsquo;\u00e9lite acad\u00e9mique et r\u00e9affirme son ancrage communautaire\"}]},{\"@type\":\"WebSite\",\"@id\":\"https:\\\/\\\/lepotentiel.bj\\\/#website\",\"url\":\"https:\\\/\\\/lepotentiel.bj\\\/\",\"name\":\"Le Potentiel\",\"description\":\"Le Potentiel, au service de l\u2019information, nous sommes les fantassins du droit de savoir\",\"publisher\":{\"@id\":\"https:\\\/\\\/lepotentiel.bj\\\/#organization\"},\"potentialAction\":[{\"@type\":\"SearchAction\",\"target\":{\"@type\":\"EntryPoint\",\"urlTemplate\":\"https:\\\/\\\/lepotentiel.bj\\\/?s={search_term_string}\"},\"query-input\":{\"@type\":\"PropertyValueSpecification\",\"valueRequired\":true,\"valueName\":\"search_term_string\"}}],\"inLanguage\":\"fr-FR\"},{\"@type\":\"Organization\",\"@id\":\"https:\\\/\\\/lepotentiel.bj\\\/#organization\",\"name\":\"Le Potentiel\",\"url\":\"https:\\\/\\\/lepotentiel.bj\\\/\",\"logo\":{\"@type\":\"ImageObject\",\"inLanguage\":\"fr-FR\",\"@id\":\"https:\\\/\\\/lepotentiel.bj\\\/#\\\/schema\\\/logo\\\/image\\\/\",\"url\":\"https:\\\/\\\/lepotentiel.bj\\\/wp-content\\\/uploads\\\/2023\\\/12\\\/logo-pot.jpg\",\"contentUrl\":\"https:\\\/\\\/lepotentiel.bj\\\/wp-content\\\/uploads\\\/2023\\\/12\\\/logo-pot.jpg\",\"width\":562,\"height\":84,\"caption\":\"Le Potentiel\"},\"image\":{\"@id\":\"https:\\\/\\\/lepotentiel.bj\\\/#\\\/schema\\\/logo\\\/image\\\/\"}},{\"@type\":\"Person\",\"@id\":\"https:\\\/\\\/lepotentiel.bj\\\/#\\\/schema\\\/person\\\/fdda957c384e805f0fc0d27336e2043e\",\"name\":\"Louis\",\"image\":{\"@type\":\"ImageObject\",\"inLanguage\":\"fr-FR\",\"@id\":\"https:\\\/\\\/secure.gravatar.com\\\/avatar\\\/6f5f11044e7478a024ffb0cdd245934f14edbbbee764f548bc3f02a02df46d9a?s=96&d=mm&r=g\",\"url\":\"https:\\\/\\\/secure.gravatar.com\\\/avatar\\\/6f5f11044e7478a024ffb0cdd245934f14edbbbee764f548bc3f02a02df46d9a?s=96&d=mm&r=g\",\"contentUrl\":\"https:\\\/\\\/secure.gravatar.com\\\/avatar\\\/6f5f11044e7478a024ffb0cdd245934f14edbbbee764f548bc3f02a02df46d9a?s=96&d=mm&r=g\",\"caption\":\"Louis\"},\"url\":\"https:\\\/\\\/lepotentiel.bj\\\/?author=7\"}]}<\/script>\n<!-- \/ Yoast SEO plugin. -->","yoast_head_json":{"title":"5\u00e8 \u00e9dition de remise de kits scolaires aux meilleurs apprenants au Cep et au BEPC 2026 dans le Couffo: L'Ong Nonvinou r\u00e9compense l'\u00e9lite acad\u00e9mique et r\u00e9affirme son ancrage communautaire - Le Potentiel","robots":{"index":"index","follow":"follow","max-snippet":"max-snippet:-1","max-image-preview":"max-image-preview:large","max-video-preview":"max-video-preview:-1"},"canonical":"https:\/\/lepotentiel.bj\/?p=87482","og_locale":"fr_FR","og_type":"article","og_title":"5\u00e8 \u00e9dition de remise de kits scolaires aux meilleurs apprenants au Cep et au BEPC 2026 dans le Couffo: L'Ong Nonvinou r\u00e9compense l'\u00e9lite acad\u00e9mique et r\u00e9affirme son ancrage communautaire - Le Potentiel","og_description":"L&rsquo;Ong Nonvinou a organis\u00e9, ce samedi 5 septembre 2026, la 5e \u00e9dition de sa c\u00e9r\u00e9monie de remise de kits scolaires aux meilleurs \u00e9l\u00e8ves du CEP et du BEPC et aux anciens laur\u00e9ats du d\u00e9partement du Couffo, en pr\u00e9sence des autorit\u00e9s locales et de nombreux parents. Une \u00e9dition marqu\u00e9e par des t\u00e9moignages poignants et un appel [&hellip;]","og_url":"https:\/\/lepotentiel.bj\/?p=87482","og_site_name":"Le Potentiel","article_published_time":"2026-09-05T17:08:36+00:00","og_image":[{"width":1280,"height":459,"url":"https:\/\/lepotentiel.bj\/wp-content\/uploads\/2026\/09\/IMG-20260905-WA0102.jpg","type":"image\/jpeg"}],"author":"Louis","twitter_card":"summary_large_image","twitter_misc":{"\u00c9crit par":"Louis","Dur\u00e9e de lecture estim\u00e9e":"5 minutes"},"schema":{"@context":"https:\/\/schema.org","@graph":[{"@type":"Article","@id":"https:\/\/lepotentiel.bj\/?p=87482#article","isPartOf":{"@id":"https:\/\/lepotentiel.bj\/?p=87482"},"author":{"name":"Louis","@id":"https:\/\/lepotentiel.bj\/#\/schema\/person\/fdda957c384e805f0fc0d27336e2043e"},"headline":"5\u00e8 \u00e9dition de remise de kits scolaires aux meilleurs apprenants au Cep et au BEPC 2026 dans le Couffo: L&rsquo;Ong Nonvinou r\u00e9compense l&rsquo;\u00e9lite acad\u00e9mique et r\u00e9affirme son ancrage communautaire","datePublished":"2026-09-05T17:08:36+00:00","mainEntityOfPage":{"@id":"https:\/\/lepotentiel.bj\/?p=87482"},"wordCount":966,"commentCount":0,"publisher":{"@id":"https:\/\/lepotentiel.bj\/#organization"},"image":{"@id":"https:\/\/lepotentiel.bj\/?p=87482#primaryimage"},"thumbnailUrl":"https:\/\/lepotentiel.bj\/wp-content\/uploads\/2026\/09\/IMG-20260905-WA0102.jpg","keywords":["Couffo","Mathilde Sodokin","Meilleurs","ONG Nonvinou","remise kits scolaires"],"articleSection":["Actualit\u00e9"],"inLanguage":"fr-FR","potentialAction":[{"@type":"CommentAction","name":"Comment","target":["https:\/\/lepotentiel.bj\/?p=87482#respond"]}]},{"@type":"WebPage","@id":"https:\/\/lepotentiel.bj\/?p=87482","url":"https:\/\/lepotentiel.bj\/?p=87482","name":"5\u00e8 \u00e9dition de remise de kits scolaires aux meilleurs apprenants au Cep et au BEPC 2026 dans le Couffo: L'Ong Nonvinou r\u00e9compense l'\u00e9lite acad\u00e9mique et r\u00e9affirme son ancrage communautaire - Le Potentiel","isPartOf":{"@id":"https:\/\/lepotentiel.bj\/#website"},"primaryImageOfPage":{"@id":"https:\/\/lepotentiel.bj\/?p=87482#primaryimage"},"image":{"@id":"https:\/\/lepotentiel.bj\/?p=87482#primaryimage"},"thumbnailUrl":"https:\/\/lepotentiel.bj\/wp-content\/uploads\/2026\/09\/IMG-20260905-WA0102.jpg","datePublished":"2026-09-05T17:08:36+00:00","breadcrumb":{"@id":"https:\/\/lepotentiel.bj\/?p=87482#breadcrumb"},"inLanguage":"fr-FR","potentialAction":[{"@type":"ReadAction","target":["https:\/\/lepotentiel.bj\/?p=87482"]}]},{"@type":"ImageObject","inLanguage":"fr-FR","@id":"https:\/\/lepotentiel.bj\/?p=87482#primaryimage","url":"https:\/\/lepotentiel.bj\/wp-content\/uploads\/2026\/09\/IMG-20260905-WA0102.jpg","contentUrl":"https:\/\/lepotentiel.bj\/wp-content\/uploads\/2026\/09\/IMG-20260905-WA0102.jpg","width":1280,"height":459},{"@type":"BreadcrumbList","@id":"https:\/\/lepotentiel.bj\/?p=87482#breadcrumb","itemListElement":[{"@type":"ListItem","position":1,"name":"Accueil","item":"https:\/\/lepotentiel.bj\/"},{"@type":"ListItem","position":2,"name":"5\u00e8 \u00e9dition de remise de kits scolaires aux meilleurs apprenants au Cep et au BEPC 2026 dans le Couffo: L&rsquo;Ong Nonvinou r\u00e9compense l&rsquo;\u00e9lite acad\u00e9mique et r\u00e9affirme son ancrage communautaire"}]},{"@type":"WebSite","@id":"https:\/\/lepotentiel.bj\/#website","url":"https:\/\/lepotentiel.bj\/","name":"Le Potentiel","description":"Le Potentiel, au service de l\u2019information, nous sommes les fantassins du droit de savoir","publisher":{"@id":"https:\/\/lepotentiel.bj\/#organization"},"potentialAction":[{"@type":"SearchAction","target":{"@type":"EntryPoint","urlTemplate":"https:\/\/lepotentiel.bj\/?s={search_term_string}"},"query-input":{"@type":"PropertyValueSpecification","valueRequired":true,"valueName":"search_term_string"}}],"inLanguage":"fr-FR"},{"@type":"Organization","@id":"https:\/\/lepotentiel.bj\/#organization","name":"Le Potentiel","url":"https:\/\/lepotentiel.bj\/","logo":{"@type":"ImageObject","inLanguage":"fr-FR","@id":"https:\/\/lepotentiel.bj\/#\/schema\/logo\/image\/","url":"https:\/\/lepotentiel.bj\/wp-content\/uploads\/2023\/12\/logo-pot.jpg","contentUrl":"https:\/\/lepotentiel.bj\/wp-content\/uploads\/2023\/12\/logo-pot.jpg","width":562,"height":84,"caption":"Le Potentiel"},"image":{"@id":"https:\/\/lepotentiel.bj\/#\/schema\/logo\/image\/"}},{"@type":"Person","@id":"https:\/\/lepotentiel.bj\/#\/schema\/person\/fdda957c384e805f0fc0d27336e2043e","name":"Louis","image":{"@type":"ImageObject","inLanguage":"fr-FR","@id":"https:\/\/secure.gravatar.com\/avatar\/6f5f11044e7478a024ffb0cdd245934f14edbbbee764f548bc3f02a02df46d9a?s=96&d=mm&r=g","url":"https:\/\/secure.gravatar.com\/avatar\/6f5f11044e7478a024ffb0cdd245934f14edbbbee764f548bc3f02a02df46d9a?s=96&d=mm&r=g","contentUrl":"https:\/\/secure.gravatar.com\/avatar\/6f5f11044e7478a024ffb0cdd245934f14edbbbee764f548bc3f02a02df46d9a?s=96&d=mm&r=g","caption":"Louis"},"url":"https:\/\/lepotentiel.bj\/?author=7"}]}},"_links":{"self":[{"href":"https:\/\/lepotentiel.bj\/index.php?rest_route=\/wp\/v2\/posts\/87482","targetHints":{"allow":["GET"]}}],"collection":[{"href":"https:\/\/lepotentiel.bj\/index.php?rest_route=\/wp\/v2\/posts"}],"about":[{"href":"https:\/\/lepotentiel.bj\/index.php?rest_route=\/wp\/v2\/types\/post"}],"author":[{"embeddable":true,"href":"https:\/\/lepotentiel.bj\/index.php?rest_route=\/wp\/v2\/users\/7"}],"replies":[{"embeddable":true,"href":"https:\/\/lepotentiel.bj\/index.php?rest_route=%2Fwp%2Fv2%2Fcomments&post=87482"}],"version-history":[{"count":1,"href":"https:\/\/lepotentiel.bj\/index.php?rest_route=\/wp\/v2\/posts\/87482\/revisions"}],"predecessor-version":[{"id":87485,"href":"https:\/\/lepotentiel.bj\/index.php?rest_route=\/wp\/v2\/posts\/87482\/revisions\/87485"}],"wp:featuredmedia":[{"embeddable":true,"href":"https:\/\/lepotentiel.bj\/index.php?rest_route=\/wp\/v2\/media\/87483"}],"wp:attachment":[{"href":"https:\/\/lepotentiel.bj\/index.php?rest_route=%2Fwp%2Fv2%2Fmedia&parent=87482"}],"wp:term":[{"taxonomy":"category","embeddable":true,"href":"https:\/\/lepotentiel.bj\/index.php?rest_route=%2Fwp%2Fv2%2Fcategories&post=87482"},{"taxonomy":"post_tag","embeddable":true,"href":"https:\/\/lepotentiel.bj\/index.php?rest_route=%2Fwp%2Fv2%2Ftags&post=87482"}],"curies":[{"name":"wp","href":"https:\/\/api.w.org\/{rel}","templated":true}]}}