{"id":9820,"date":"2020-11-18T08:54:57","date_gmt":"2020-11-18T07:54:57","guid":{"rendered":"https:\/\/lepotentiel.bj\/?p=9820"},"modified":"2020-11-18T08:54:57","modified_gmt":"2020-11-18T07:54:57","slug":"accroches-a-maseru-les-ecureuils-gardent-leur-chance-de-qualification","status":"publish","type":"post","link":"https:\/\/lepotentiel.bj\/?p=9820","title":{"rendered":"Accroch\u00e9s \u00e0 Maseru: Les \u00c9cureuils gardent leur chance de qualification"},"content":{"rendered":"<p>Les \u00c9cureuils du B\u00e9nin \u00e9taient oppos\u00e9s aux Crocodiles du Lesotho ce mardi en marge de la 4e journ\u00e9e des \u00e9liminatoires de la CAN 2022 qui se jouera au Cameroun.<\/p>\n<p>Pour ce match retour avec les Basotho \u00e0 Maseru, les poulains de Michel Dussuyer ont \u00e9t\u00e9 tenus en \u00e9chec. Aux termes des 90 minutes de jeu, les formations se sont s\u00e9par\u00e9es sur un score nul 0-0. Un r\u00e9sultat qui est per\u00e7u par beaucoup de B\u00e9ninois \u00e0 commencer par le patron des Sports Oswald Hom\u00e9ky, comme une contre-performance. Parce que le B\u00e9nin avait la possibilit\u00e9 de se qualifier pour la prochaine CAN d\u00e8s cette 4e journ\u00e9e des \u00e9liminatoires. Malheureusement, le public sportif va encore retenir son souffle jusqu\u2019\u00e0 la derni\u00e8re journ\u00e9e, parce que les choses pourraient se compliquer pour les \u00c9cureuils s\u2019ils faisaient un faux pas en mars prochain \u00e0 domicile comme \u00e0 l\u2019ext\u00e9rieur. D\u00e9sormais sous pression, les \u00c9cureuils du B\u00e9nin doivent gagner le duel face au Nig\u00e9ria \u00e0 Porto-Novo pour valider leur ticket pour la Can. Au pire des cas, avoir un point face aux Supers Eagles et en esp\u00e9rant une d\u00e9faite de la Sierra Leone contre le Lesotho qui sera \u00e0 domicile. La qualification du B\u00e9nin est donc loin d\u2019\u00eatre acquise pour Khaled Ad\u00e9non et ses co\u00e9quipiers qui sont bien conscients de la t\u00e2che qui les attend. Pour l\u2019heure, les B\u00e9ninois gardent espoir et prient pour que le sc\u00e9nario de 2016 \u00e0 Bamako ne se reproduise plus.<\/p>\n","protected":false},"excerpt":{"rendered":"<p>Les \u00c9cureuils du B\u00e9nin \u00e9taient oppos\u00e9s aux Crocodiles du Lesotho ce mardi en marge de la 4e journ\u00e9e des \u00e9liminatoires de la CAN 2022 qui se jouera au Cameroun. Pour ce match retour avec les Basotho \u00e0 Maseru, les poulains de Michel Dussuyer ont \u00e9t\u00e9 tenus en \u00e9chec. Aux termes des 90 minutes de jeu, [&hellip;]<\/p>\n","protected":false},"author":1,"featured_media":9821,"comment_status":"open","ping_status":"open","sticky":false,"template":"","format":"standard","meta":{"footnotes":""},"categories":[34,11],"tags":[35,716,4266,4267,4268],"class_list":["post-9820","post","type-post","status-publish","format-standard","has-post-thumbnail","hentry","category-actualite","category-bs-sports","tag-benin","tag-ecureuils","tag-lesotho","tag-maseru","tag-qualifications-can-2022"],"yoast_head":"<!-- This site is optimized with the Yoast SEO plugin v28.2 - https:\/\/yoast.com\/product\/yoast-seo-wordpress\/ -->\n<title>Accroch\u00e9s \u00e0 Maseru: Les \u00c9cureuils gardent leur chance de qualification - Le Potentiel<\/title>\n<meta name=\"robots\" content=\"index, follow, max-snippet:-1, max-image-preview:large, max-video-preview:-1\" \/>\n<link rel=\"canonical\" href=\"https:\/\/lepotentiel.bj\/?p=9820\" \/>\n<meta property=\"og:locale\" content=\"fr_FR\" \/>\n<meta property=\"og:type\" content=\"article\" \/>\n<meta property=\"og:title\" content=\"Accroch\u00e9s \u00e0 Maseru: Les \u00c9cureuils gardent leur chance de qualification - Le Potentiel\" \/>\n<meta property=\"og:description\" content=\"Les \u00c9cureuils du B\u00e9nin \u00e9taient oppos\u00e9s aux Crocodiles du Lesotho ce mardi en marge de la 4e journ\u00e9e des \u00e9liminatoires de la CAN 2022 qui se jouera au Cameroun. Pour ce match retour avec les Basotho \u00e0 Maseru, les poulains de Michel Dussuyer ont \u00e9t\u00e9 tenus en \u00e9chec. Aux termes des 90 minutes de jeu, [&hellip;]\" \/>\n<meta property=\"og:url\" content=\"https:\/\/lepotentiel.bj\/?p=9820\" \/>\n<meta property=\"og:site_name\" content=\"Le Potentiel\" \/>\n<meta property=\"article:published_time\" content=\"2020-11-18T07:54:57+00:00\" \/>\n<meta name=\"author\" content=\"abiolos\" \/>\n<meta name=\"twitter:card\" content=\"summary_large_image\" \/>\n<meta name=\"twitter:label1\" content=\"\u00c9crit par\" \/>\n\t<meta name=\"twitter:data1\" content=\"abiolos\" \/>\n\t<meta name=\"twitter:label2\" content=\"Dur\u00e9e de lecture estim\u00e9e\" \/>\n\t<meta name=\"twitter:data2\" content=\"1 minute\" \/>\n<script type=\"application\/ld+json\" class=\"yoast-schema-graph\">{\"@context\":\"https:\\\/\\\/schema.org\",\"@graph\":[{\"@type\":\"Article\",\"@id\":\"https:\\\/\\\/lepotentiel.bj\\\/?p=9820#article\",\"isPartOf\":{\"@id\":\"https:\\\/\\\/lepotentiel.bj\\\/?p=9820\"},\"author\":{\"name\":\"abiolos\",\"@id\":\"https:\\\/\\\/lepotentiel.bj\\\/#\\\/schema\\\/person\\\/be28cc6627953a4c37d8ff6f77ab1931\"},\"headline\":\"Accroch\u00e9s \u00e0 Maseru: Les \u00c9cureuils gardent leur chance de qualification\",\"datePublished\":\"2020-11-18T07:54:57+00:00\",\"mainEntityOfPage\":{\"@id\":\"https:\\\/\\\/lepotentiel.bj\\\/?p=9820\"},\"wordCount\":267,\"commentCount\":0,\"publisher\":{\"@id\":\"https:\\\/\\\/lepotentiel.bj\\\/#organization\"},\"image\":{\"@id\":\"https:\\\/\\\/lepotentiel.bj\\\/?p=9820#primaryimage\"},\"thumbnailUrl\":\"\",\"keywords\":[\"benin\",\"\u00c9cureuils\",\"Lesotho\",\"Maseru\",\"Qualifications CAN 2022\"],\"articleSection\":[\"Actualit\u00e9\",\"Sports\"],\"inLanguage\":\"fr-FR\",\"potentialAction\":[{\"@type\":\"CommentAction\",\"name\":\"Comment\",\"target\":[\"https:\\\/\\\/lepotentiel.bj\\\/?p=9820#respond\"]}]},{\"@type\":\"WebPage\",\"@id\":\"https:\\\/\\\/lepotentiel.bj\\\/?p=9820\",\"url\":\"https:\\\/\\\/lepotentiel.bj\\\/?p=9820\",\"name\":\"Accroch\u00e9s \u00e0 Maseru: Les \u00c9cureuils gardent leur chance de qualification - Le Potentiel\",\"isPartOf\":{\"@id\":\"https:\\\/\\\/lepotentiel.bj\\\/#website\"},\"primaryImageOfPage\":{\"@id\":\"https:\\\/\\\/lepotentiel.bj\\\/?p=9820#primaryimage\"},\"image\":{\"@id\":\"https:\\\/\\\/lepotentiel.bj\\\/?p=9820#primaryimage\"},\"thumbnailUrl\":\"\",\"datePublished\":\"2020-11-18T07:54:57+00:00\",\"breadcrumb\":{\"@id\":\"https:\\\/\\\/lepotentiel.bj\\\/?p=9820#breadcrumb\"},\"inLanguage\":\"fr-FR\",\"potentialAction\":[{\"@type\":\"ReadAction\",\"target\":[\"https:\\\/\\\/lepotentiel.bj\\\/?p=9820\"]}]},{\"@type\":\"ImageObject\",\"inLanguage\":\"fr-FR\",\"@id\":\"https:\\\/\\\/lepotentiel.bj\\\/?p=9820#primaryimage\",\"url\":\"\",\"contentUrl\":\"\"},{\"@type\":\"BreadcrumbList\",\"@id\":\"https:\\\/\\\/lepotentiel.bj\\\/?p=9820#breadcrumb\",\"itemListElement\":[{\"@type\":\"ListItem\",\"position\":1,\"name\":\"Accueil\",\"item\":\"https:\\\/\\\/lepotentiel.bj\\\/\"},{\"@type\":\"ListItem\",\"position\":2,\"name\":\"Accroch\u00e9s \u00e0 Maseru: Les \u00c9cureuils gardent leur chance de qualification\"}]},{\"@type\":\"WebSite\",\"@id\":\"https:\\\/\\\/lepotentiel.bj\\\/#website\",\"url\":\"https:\\\/\\\/lepotentiel.bj\\\/\",\"name\":\"Le Potentiel\",\"description\":\"Le Potentiel, au service de l\u2019information, nous sommes les fantassins du droit de savoir\",\"publisher\":{\"@id\":\"https:\\\/\\\/lepotentiel.bj\\\/#organization\"},\"potentialAction\":[{\"@type\":\"SearchAction\",\"target\":{\"@type\":\"EntryPoint\",\"urlTemplate\":\"https:\\\/\\\/lepotentiel.bj\\\/?s={search_term_string}\"},\"query-input\":{\"@type\":\"PropertyValueSpecification\",\"valueRequired\":true,\"valueName\":\"search_term_string\"}}],\"inLanguage\":\"fr-FR\"},{\"@type\":\"Organization\",\"@id\":\"https:\\\/\\\/lepotentiel.bj\\\/#organization\",\"name\":\"Le Potentiel\",\"url\":\"https:\\\/\\\/lepotentiel.bj\\\/\",\"logo\":{\"@type\":\"ImageObject\",\"inLanguage\":\"fr-FR\",\"@id\":\"https:\\\/\\\/lepotentiel.bj\\\/#\\\/schema\\\/logo\\\/image\\\/\",\"url\":\"https:\\\/\\\/lepotentiel.bj\\\/wp-content\\\/uploads\\\/2023\\\/12\\\/logo-pot.jpg\",\"contentUrl\":\"https:\\\/\\\/lepotentiel.bj\\\/wp-content\\\/uploads\\\/2023\\\/12\\\/logo-pot.jpg\",\"width\":562,\"height\":84,\"caption\":\"Le Potentiel\"},\"image\":{\"@id\":\"https:\\\/\\\/lepotentiel.bj\\\/#\\\/schema\\\/logo\\\/image\\\/\"}},{\"@type\":\"Person\",\"@id\":\"https:\\\/\\\/lepotentiel.bj\\\/#\\\/schema\\\/person\\\/be28cc6627953a4c37d8ff6f77ab1931\",\"name\":\"abiolos\",\"image\":{\"@type\":\"ImageObject\",\"inLanguage\":\"fr-FR\",\"@id\":\"https:\\\/\\\/secure.gravatar.com\\\/avatar\\\/dd78717a6cfbb73688d69970c97df05428635483c0454a4a72cdc52053a50029?s=96&d=mm&r=g\",\"url\":\"https:\\\/\\\/secure.gravatar.com\\\/avatar\\\/dd78717a6cfbb73688d69970c97df05428635483c0454a4a72cdc52053a50029?s=96&d=mm&r=g\",\"contentUrl\":\"https:\\\/\\\/secure.gravatar.com\\\/avatar\\\/dd78717a6cfbb73688d69970c97df05428635483c0454a4a72cdc52053a50029?s=96&d=mm&r=g\",\"caption\":\"abiolos\"},\"url\":\"https:\\\/\\\/lepotentiel.bj\\\/?author=1\"}]}<\/script>\n<!-- \/ Yoast SEO plugin. -->","yoast_head_json":{"title":"Accroch\u00e9s \u00e0 Maseru: Les \u00c9cureuils gardent leur chance de qualification - Le Potentiel","robots":{"index":"index","follow":"follow","max-snippet":"max-snippet:-1","max-image-preview":"max-image-preview:large","max-video-preview":"max-video-preview:-1"},"canonical":"https:\/\/lepotentiel.bj\/?p=9820","og_locale":"fr_FR","og_type":"article","og_title":"Accroch\u00e9s \u00e0 Maseru: Les \u00c9cureuils gardent leur chance de qualification - Le Potentiel","og_description":"Les \u00c9cureuils du B\u00e9nin \u00e9taient oppos\u00e9s aux Crocodiles du Lesotho ce mardi en marge de la 4e journ\u00e9e des \u00e9liminatoires de la CAN 2022 qui se jouera au Cameroun. Pour ce match retour avec les Basotho \u00e0 Maseru, les poulains de Michel Dussuyer ont \u00e9t\u00e9 tenus en \u00e9chec. Aux termes des 90 minutes de jeu, [&hellip;]","og_url":"https:\/\/lepotentiel.bj\/?p=9820","og_site_name":"Le Potentiel","article_published_time":"2020-11-18T07:54:57+00:00","author":"abiolos","twitter_card":"summary_large_image","twitter_misc":{"\u00c9crit par":"abiolos","Dur\u00e9e de lecture estim\u00e9e":"1 minute"},"schema":{"@context":"https:\/\/schema.org","@graph":[{"@type":"Article","@id":"https:\/\/lepotentiel.bj\/?p=9820#article","isPartOf":{"@id":"https:\/\/lepotentiel.bj\/?p=9820"},"author":{"name":"abiolos","@id":"https:\/\/lepotentiel.bj\/#\/schema\/person\/be28cc6627953a4c37d8ff6f77ab1931"},"headline":"Accroch\u00e9s \u00e0 Maseru: Les \u00c9cureuils gardent leur chance de qualification","datePublished":"2020-11-18T07:54:57+00:00","mainEntityOfPage":{"@id":"https:\/\/lepotentiel.bj\/?p=9820"},"wordCount":267,"commentCount":0,"publisher":{"@id":"https:\/\/lepotentiel.bj\/#organization"},"image":{"@id":"https:\/\/lepotentiel.bj\/?p=9820#primaryimage"},"thumbnailUrl":"","keywords":["benin","\u00c9cureuils","Lesotho","Maseru","Qualifications CAN 2022"],"articleSection":["Actualit\u00e9","Sports"],"inLanguage":"fr-FR","potentialAction":[{"@type":"CommentAction","name":"Comment","target":["https:\/\/lepotentiel.bj\/?p=9820#respond"]}]},{"@type":"WebPage","@id":"https:\/\/lepotentiel.bj\/?p=9820","url":"https:\/\/lepotentiel.bj\/?p=9820","name":"Accroch\u00e9s \u00e0 Maseru: Les \u00c9cureuils gardent leur chance de qualification - Le Potentiel","isPartOf":{"@id":"https:\/\/lepotentiel.bj\/#website"},"primaryImageOfPage":{"@id":"https:\/\/lepotentiel.bj\/?p=9820#primaryimage"},"image":{"@id":"https:\/\/lepotentiel.bj\/?p=9820#primaryimage"},"thumbnailUrl":"","datePublished":"2020-11-18T07:54:57+00:00","breadcrumb":{"@id":"https:\/\/lepotentiel.bj\/?p=9820#breadcrumb"},"inLanguage":"fr-FR","potentialAction":[{"@type":"ReadAction","target":["https:\/\/lepotentiel.bj\/?p=9820"]}]},{"@type":"ImageObject","inLanguage":"fr-FR","@id":"https:\/\/lepotentiel.bj\/?p=9820#primaryimage","url":"","contentUrl":""},{"@type":"BreadcrumbList","@id":"https:\/\/lepotentiel.bj\/?p=9820#breadcrumb","itemListElement":[{"@type":"ListItem","position":1,"name":"Accueil","item":"https:\/\/lepotentiel.bj\/"},{"@type":"ListItem","position":2,"name":"Accroch\u00e9s \u00e0 Maseru: Les \u00c9cureuils gardent leur chance de qualification"}]},{"@type":"WebSite","@id":"https:\/\/lepotentiel.bj\/#website","url":"https:\/\/lepotentiel.bj\/","name":"Le Potentiel","description":"Le Potentiel, au service de l\u2019information, nous sommes les fantassins du droit de savoir","publisher":{"@id":"https:\/\/lepotentiel.bj\/#organization"},"potentialAction":[{"@type":"SearchAction","target":{"@type":"EntryPoint","urlTemplate":"https:\/\/lepotentiel.bj\/?s={search_term_string}"},"query-input":{"@type":"PropertyValueSpecification","valueRequired":true,"valueName":"search_term_string"}}],"inLanguage":"fr-FR"},{"@type":"Organization","@id":"https:\/\/lepotentiel.bj\/#organization","name":"Le Potentiel","url":"https:\/\/lepotentiel.bj\/","logo":{"@type":"ImageObject","inLanguage":"fr-FR","@id":"https:\/\/lepotentiel.bj\/#\/schema\/logo\/image\/","url":"https:\/\/lepotentiel.bj\/wp-content\/uploads\/2023\/12\/logo-pot.jpg","contentUrl":"https:\/\/lepotentiel.bj\/wp-content\/uploads\/2023\/12\/logo-pot.jpg","width":562,"height":84,"caption":"Le Potentiel"},"image":{"@id":"https:\/\/lepotentiel.bj\/#\/schema\/logo\/image\/"}},{"@type":"Person","@id":"https:\/\/lepotentiel.bj\/#\/schema\/person\/be28cc6627953a4c37d8ff6f77ab1931","name":"abiolos","image":{"@type":"ImageObject","inLanguage":"fr-FR","@id":"https:\/\/secure.gravatar.com\/avatar\/dd78717a6cfbb73688d69970c97df05428635483c0454a4a72cdc52053a50029?s=96&d=mm&r=g","url":"https:\/\/secure.gravatar.com\/avatar\/dd78717a6cfbb73688d69970c97df05428635483c0454a4a72cdc52053a50029?s=96&d=mm&r=g","contentUrl":"https:\/\/secure.gravatar.com\/avatar\/dd78717a6cfbb73688d69970c97df05428635483c0454a4a72cdc52053a50029?s=96&d=mm&r=g","caption":"abiolos"},"url":"https:\/\/lepotentiel.bj\/?author=1"}]}},"_links":{"self":[{"href":"https:\/\/lepotentiel.bj\/index.php?rest_route=\/wp\/v2\/posts\/9820","targetHints":{"allow":["GET"]}}],"collection":[{"href":"https:\/\/lepotentiel.bj\/index.php?rest_route=\/wp\/v2\/posts"}],"about":[{"href":"https:\/\/lepotentiel.bj\/index.php?rest_route=\/wp\/v2\/types\/post"}],"author":[{"embeddable":true,"href":"https:\/\/lepotentiel.bj\/index.php?rest_route=\/wp\/v2\/users\/1"}],"replies":[{"embeddable":true,"href":"https:\/\/lepotentiel.bj\/index.php?rest_route=%2Fwp%2Fv2%2Fcomments&post=9820"}],"version-history":[{"count":0,"href":"https:\/\/lepotentiel.bj\/index.php?rest_route=\/wp\/v2\/posts\/9820\/revisions"}],"wp:featuredmedia":[{"embeddable":true,"href":"https:\/\/lepotentiel.bj\/index.php?rest_route=\/"}],"wp:attachment":[{"href":"https:\/\/lepotentiel.bj\/index.php?rest_route=%2Fwp%2Fv2%2Fmedia&parent=9820"}],"wp:term":[{"taxonomy":"category","embeddable":true,"href":"https:\/\/lepotentiel.bj\/index.php?rest_route=%2Fwp%2Fv2%2Fcategories&post=9820"},{"taxonomy":"post_tag","embeddable":true,"href":"https:\/\/lepotentiel.bj\/index.php?rest_route=%2Fwp%2Fv2%2Ftags&post=9820"}],"curies":[{"name":"wp","href":"https:\/\/api.w.org\/{rel}","templated":true}]}}